{"id":6043,"date":"2023-01-15T22:00:18","date_gmt":"2023-01-15T22:00:18","guid":{"rendered":"https:\/\/www.savigny-viry-catholique.fr\/?p=6043"},"modified":"2023-01-15T22:00:18","modified_gmt":"2023-01-15T22:00:18","slug":"lan-2023","status":"publish","type":"post","link":"https:\/\/demos.uptitude.fr\/savviry1\/lan-2023\/","title":{"rendered":"Voeux et galette"},"content":{"rendered":"<p>L&rsquo;Equipe Pastorale de Secteur a pr\u00e9sent\u00e9 ses voeux le dimanche 15 janvier&#8230; retour en quelques images&#8230;.<\/p>\n<p><!--more--><\/p>\n<p><span style=\"background-color: #ffff99;\"><strong><span style=\"font-size: 20px; background-color: #ffff99;\">Une r\u00e9union sympathique pour d\u00e9marrer<span style=\"color: #0000ff;\">l&rsquo;ann\u00e9e 2023 en secteur !<\/span><\/span><\/strong><\/span><\/p>\n<p>&nbsp;<\/p>\n<p><em><strong><span style=\"font-size: 16px;\">Dimanche 15 janvier 2023 \u00e0 15h00 \u00e0 l&rsquo;Espace P\u00e8re Coindreau \u00e0 Savigny sur Orge, <\/span><\/strong><\/em><\/p>\n<p><em><strong><span style=\"font-size: 16px;\">Une centaine de personnes du secteur pastoral ont partag\u00e9 la galette des rois dans une ambiance conviviviale !<\/span><\/strong><\/em><\/p>\n<p><img fetchpriority=\"high\" decoding=\"async\" class=\"size-medium wp-image-6052 aligncenter\" src=\"https:\/\/www.savigny-viry-catholique.fr\/wp-content\/uploads\/2022\/12\/galette-des-rois730x520-300x214.webp\" alt=\"\" width=\"300\" height=\"214\" \/><\/p>\n<p><em><strong><span style=\"font-size: 16px;\">Ce fut l&rsquo;occasion de voir en images une r\u00e9trospective\u00a0 de l&rsquo;ann\u00e9e pass\u00e9e, <a href=\"https:\/\/vimeo.com\/789491556\">visible en cliquant ICI<\/a><\/span><\/strong><\/em><\/p>\n<p><em><strong><span style=\"font-size: 16px;\">et de connaitre un peu mieux les associations paroissiales, et l&rsquo;Aum\u00f4nerie de l&rsquo;Enseignement Public (AEP)<\/span><\/strong><\/em><\/p>\n<p><span style=\"font-size: 16px;\"><strong>Apr\u00e8s l<span style=\"color: #0000ff;\">es voeux adress\u00e9s par le P\u00e8re Bidzogo,<\/span> responsable du secteur pastotral, chaque association s&rsquo;est pr\u00e9sent\u00e9e en 5 minutes pour informer sur l&rsquo;essentiel de leurs activit\u00e9s.:<\/strong><\/span><\/p>\n<p><span style=\"font-size: 16px;\"><strong>le Cercle St Gabriel (CSG), l&rsquo;Association Paroissiale de Viry (APVC), l&rsquo;Etoile Ste Bernadette (ESB), l&rsquo;Association Ste Th\u00e9r\u00e8se St Martin (ASTSM) et l&rsquo;Aum\u00f4nerie (AEP).<\/strong><\/span><\/p>\n<p><span style=\"font-size: 16px;\">Les participants pouvaient ensuite entrer en contact avec les repr\u00e9sentants de ces association pour avoir des compl\u00e9ments d&rsquo;information.<\/span><\/p>\n<p>Ci-dessous quelques images de ce temps de partage ::<\/p>\n<p><img decoding=\"async\" class=\"alignnone size-medium wp-image-6109\" src=\"https:\/\/www.savigny-viry-catholique.fr\/wp-content\/uploads\/2023\/01\/Galette-voeux230115-1-300x179.jpg\" alt=\"\" width=\"300\" height=\"179\" \/> <img decoding=\"async\" class=\"alignnone size-medium wp-image-6110\" src=\"https:\/\/www.savigny-viry-catholique.fr\/wp-content\/uploads\/2023\/01\/Galette-voeux230115-2-300x169.jpg\" alt=\"\" width=\"300\" height=\"169\" \/> <img loading=\"lazy\" decoding=\"async\" class=\"alignnone size-medium wp-image-6108\" src=\"https:\/\/www.savigny-viry-catholique.fr\/wp-content\/uploads\/2023\/01\/Galette-voeux230115-11-300x169.jpg\" alt=\"\" width=\"300\" height=\"169\" \/> <img loading=\"lazy\" decoding=\"async\" class=\"alignnone size-medium wp-image-6118\" src=\"https:\/\/www.savigny-viry-catholique.fr\/wp-content\/uploads\/2023\/01\/Galette-voeux230115-10-300x169.jpg\" alt=\"\" width=\"300\" height=\"169\" \/> <img loading=\"lazy\" decoding=\"async\" class=\"alignnone size-medium wp-image-6117\" src=\"https:\/\/www.savigny-viry-catholique.fr\/wp-content\/uploads\/2023\/01\/Galette-voeux230115-9-300x169.jpg\" alt=\"\" width=\"300\" height=\"169\" \/> <img loading=\"lazy\" decoding=\"async\" class=\"alignnone size-medium wp-image-6116\" src=\"https:\/\/www.savigny-viry-catholique.fr\/wp-content\/uploads\/2023\/01\/Galette-voeux230115-8-300x169.jpg\" alt=\"\" width=\"300\" height=\"169\" \/> <img loading=\"lazy\" decoding=\"async\" class=\"alignnone size-medium wp-image-6115\" src=\"https:\/\/www.savigny-viry-catholique.fr\/wp-content\/uploads\/2023\/01\/Galette-voeux230115-7-300x169.jpg\" alt=\"\" width=\"300\" height=\"169\" \/> <img loading=\"lazy\" decoding=\"async\" class=\"alignnone size-medium wp-image-6114\" src=\"https:\/\/www.savigny-viry-catholique.fr\/wp-content\/uploads\/2023\/01\/Galette-voeux230115-6-300x169.jpg\" alt=\"\" width=\"300\" height=\"169\" \/> <img loading=\"lazy\" decoding=\"async\" class=\"alignnone size-medium wp-image-6113\" src=\"https:\/\/www.savigny-viry-catholique.fr\/wp-content\/uploads\/2023\/01\/Galette-voeux230115-5-300x169.jpg\" alt=\"\" width=\"300\" height=\"169\" \/> <img loading=\"lazy\" decoding=\"async\" class=\"alignnone size-medium wp-image-6112\" src=\"https:\/\/www.savigny-viry-catholique.fr\/wp-content\/uploads\/2023\/01\/Galette-voeux230115-4-300x169.jpg\" alt=\"\" width=\"300\" height=\"169\" \/> <img loading=\"lazy\" decoding=\"async\" class=\"alignnone size-medium wp-image-6111\" src=\"https:\/\/www.savigny-viry-catholique.fr\/wp-content\/uploads\/2023\/01\/Galette-voeux230115-3-300x169.jpg\" alt=\"\" width=\"300\" height=\"169\" \/><\/p>\n","protected":false},"excerpt":{"rendered":"<p>L&rsquo;Equipe Pastorale de Secteur a pr\u00e9sent\u00e9 ses voeux le dimanche 15 janvier&#8230; retour en quelques images&#8230;.<\/p>\n","protected":false},"author":990003,"featured_media":6119,"comment_status":"closed","ping_status":"closed","sticky":false,"template":"","format":"standard","meta":{"give_campaign_id":0,"footnotes":""},"categories":[1],"tags":[],"class_list":["post-6043","post","type-post","status-publish","format-standard","has-post-thumbnail","hentry","category-uncategorized"],"_links":{"self":[{"href":"https:\/\/demos.uptitude.fr\/savviry1\/wp-json\/wp\/v2\/posts\/6043","targetHints":{"allow":["GET"]}}],"collection":[{"href":"https:\/\/demos.uptitude.fr\/savviry1\/wp-json\/wp\/v2\/posts"}],"about":[{"href":"https:\/\/demos.uptitude.fr\/savviry1\/wp-json\/wp\/v2\/types\/post"}],"author":[{"embeddable":true,"href":"https:\/\/demos.uptitude.fr\/savviry1\/wp-json\/wp\/v2\/users\/990003"}],"replies":[{"embeddable":true,"href":"https:\/\/demos.uptitude.fr\/savviry1\/wp-json\/wp\/v2\/comments?post=6043"}],"version-history":[{"count":0,"href":"https:\/\/demos.uptitude.fr\/savviry1\/wp-json\/wp\/v2\/posts\/6043\/revisions"}],"wp:featuredmedia":[{"embeddable":true,"href":"https:\/\/demos.uptitude.fr\/savviry1\/wp-json\/"}],"wp:attachment":[{"href":"https:\/\/demos.uptitude.fr\/savviry1\/wp-json\/wp\/v2\/media?parent=6043"}],"wp:term":[{"taxonomy":"category","embeddable":true,"href":"https:\/\/demos.uptitude.fr\/savviry1\/wp-json\/wp\/v2\/categories?post=6043"},{"taxonomy":"post_tag","embeddable":true,"href":"https:\/\/demos.uptitude.fr\/savviry1\/wp-json\/wp\/v2\/tags?post=6043"}],"curies":[{"name":"wp","href":"https:\/\/api.w.org\/{rel}","templated":true}]}}