{"id":6070,"date":"2023-01-05T06:00:24","date_gmt":"2023-01-05T06:00:24","guid":{"rendered":"https:\/\/www.savigny-viry-catholique.fr\/?p=6070"},"modified":"2023-01-05T06:00:24","modified_gmt":"2023-01-05T06:00:24","slug":"semaine-de-priere-pour-lunite-des-chretiens-2","status":"publish","type":"post","link":"https:\/\/demos.uptitude.fr\/savviry1\/semaine-de-priere-pour-lunite-des-chretiens-2\/","title":{"rendered":"Semaine de pri\u00e8re pour l&rsquo;unit\u00e9 des chr\u00e9tiens"},"content":{"rendered":"<p>Du 18 au 25 janvier -\u00ab\u00a0Apprenez \u00e0 faire le bien, recherchez la justice\u00a0\u00bb (\u00c9sa\u00efe 1,17) &#8230;\/&#8230;<\/p>\n<p><!--more--><\/p>\n<p><strong>C<\/strong><\/p>\n<p><a href=\"https:\/\/unitedeschretiens.fr\/semaine-de-priere-pour-unite-chretiens\/\"><img fetchpriority=\"high\" decoding=\"async\" class=\"size-medium wp-image-6073 alignleft\" src=\"https:\/\/www.savigny-viry-catholique.fr\/wp-content\/uploads\/2023\/01\/unitedeschretiens2023-300x288.jpg\" alt=\"\" width=\"300\" height=\"288\" \/><\/a><\/p>\n<p><span style=\"font-size: 20px;\"><strong>Ce sont les chr\u00e9tiens du Minnesota (\u00c9tats-Unis) qui ont choisi le th\u00e8me<\/strong><\/span><\/p>\n<p><span style=\"font-size: 20px;\"><strong> de la Semaine de pri\u00e8re pour l\u2019unit\u00e9 des chr\u00e9tiens 2023 .<\/strong><\/span><\/p>\n<p>&nbsp;<\/p>\n<p><a href=\"https:\/\/unitedeschretiens.fr\/semaine-de-priere-pour-unite-chretiens\/\"><span style=\"font-size: 20px;\"><strong><em><span style=\"color: #0000ff;\">Apprenez \u00e0 faire le bien, recherchez la justice (\u00c9sa\u00efe 1,17)<\/span><\/em><\/strong><\/span><\/a><\/p>\n<p>&nbsp;<\/p>\n<p><span style=\"font-size: 16px;\"><strong>En cliquant sur l&rsquo;image vous en saurez plus\u00a0<\/strong><\/span><\/p>\n<p>&nbsp;<\/p>\n<p><span style=\"font-size: 16px;\"><strong>Temps de pri\u00e8re pour l\u2019Unit\u00e9 des Chr\u00e9tiens dans notre dioc\u00e8se<\/strong><\/span><br \/>\n<span style=\"font-size: 16px;\"><strong>\uf0d8 Vendredi 20 janvier, \u00e0 20h30 c\u00e9l\u00e9bration \u0153cum\u00e9nique \u00e0 la Balise, St Genevi\u00e8ve des Bois<\/strong><\/span><br \/>\n<span style=\"font-size: 16px;\"><strong>\uf0d8 Samedi 21 janvier, de 8h30 \u00e0 20h30, \u00e9glise St Martin de Palaiseau : partage biblique<\/strong><\/span><br \/>\n<span style=\"font-size: 16px;\"><strong>\uf0d8 Dimanche 22 janvier, \u00e0 17h30, \u00e9glise St Paul \u00e0 Chevry<\/strong><\/span><\/p>\n","protected":false},"excerpt":{"rendered":"<p>Du 18 au 25 janvier -\u00ab\u00a0Apprenez \u00e0 faire le bien, recherchez la justice\u00a0\u00bb (\u00c9sa\u00efe 1,17) &#8230;\/&#8230;<\/p>\n","protected":false},"author":990003,"featured_media":6073,"comment_status":"closed","ping_status":"closed","sticky":false,"template":"","format":"standard","meta":{"give_campaign_id":0,"footnotes":""},"categories":[1],"tags":[],"class_list":["post-6070","post","type-post","status-publish","format-standard","has-post-thumbnail","hentry","category-uncategorized"],"_links":{"self":[{"href":"https:\/\/demos.uptitude.fr\/savviry1\/wp-json\/wp\/v2\/posts\/6070","targetHints":{"allow":["GET"]}}],"collection":[{"href":"https:\/\/demos.uptitude.fr\/savviry1\/wp-json\/wp\/v2\/posts"}],"about":[{"href":"https:\/\/demos.uptitude.fr\/savviry1\/wp-json\/wp\/v2\/types\/post"}],"author":[{"embeddable":true,"href":"https:\/\/demos.uptitude.fr\/savviry1\/wp-json\/wp\/v2\/users\/990003"}],"replies":[{"embeddable":true,"href":"https:\/\/demos.uptitude.fr\/savviry1\/wp-json\/wp\/v2\/comments?post=6070"}],"version-history":[{"count":0,"href":"https:\/\/demos.uptitude.fr\/savviry1\/wp-json\/wp\/v2\/posts\/6070\/revisions"}],"wp:featuredmedia":[{"embeddable":true,"href":"https:\/\/demos.uptitude.fr\/savviry1\/wp-json\/"}],"wp:attachment":[{"href":"https:\/\/demos.uptitude.fr\/savviry1\/wp-json\/wp\/v2\/media?parent=6070"}],"wp:term":[{"taxonomy":"category","embeddable":true,"href":"https:\/\/demos.uptitude.fr\/savviry1\/wp-json\/wp\/v2\/categories?post=6070"},{"taxonomy":"post_tag","embeddable":true,"href":"https:\/\/demos.uptitude.fr\/savviry1\/wp-json\/wp\/v2\/tags?post=6070"}],"curies":[{"name":"wp","href":"https:\/\/api.w.org\/{rel}","templated":true}]}}