{"id":6081,"date":"2023-01-03T21:45:57","date_gmt":"2023-01-03T21:45:57","guid":{"rendered":"https:\/\/www.savigny-viry-catholique.fr\/?p=6081"},"modified":"2023-01-03T21:45:57","modified_gmt":"2023-01-03T21:45:57","slug":"22-janvier-dimanche-de-la-parole","status":"publish","type":"post","link":"https:\/\/demos.uptitude.fr\/savviry1\/22-janvier-dimanche-de-la-parole\/","title":{"rendered":"22 janvier, dimanche de la Parole"},"content":{"rendered":"<h2><span style=\"font-size: 16px; color: #000000;\">Une belle occasion de r\u00e9fl\u00e9chir sur la place centrale de la <a class=\"glossary-term\" style=\"color: #000000;\" title=\"La Parole de Dieu, Dei Verbum, sont les premiers mots de la constitution sur la R\u00e9v\u00e9lation divine du concile Vatican II (1965). Nous pouvons trouver une d\u00e9finition de cette parole divine dans ce grand texte qui nous dit que \u00ab ... le Dieu invisible s'adresse aux hommes \u2026 ainsi qu'\u00e0 des amis, il s'entretient avec eux\u2026 \u00bb (Dei Verbum 2) : c'est Dieu lui-m\u00eame qui se r\u00e9v\u00e8le dans le Christ, le Verbe fait chair, et par l'Esprit saint.\" href=\"https:\/\/catechese.catholique.fr\/outils\/lexique\/parole-de-dieu\">Parole de Dieu<\/a> &#8230;\/&#8230;<\/span><\/h2>\n<p><!--more--><\/p>\n<p><img fetchpriority=\"high\" decoding=\"async\" class=\"alignnone wp-image-6083 size-full\" src=\"https:\/\/www.savigny-viry-catholique.fr\/wp-content\/uploads\/2023\/01\/dimanche-de-la-parole-de-di.jpg\" alt=\"\" width=\"1024\" height=\"360\" \/><\/p>\n<p><span style=\"font-size: 16px;\">Consacrer de fa\u00e7on particuli\u00e8re un dimanche de l\u2019Ann\u00e9e liturgique \u00e0 la Parole de Dieu permet, par-dessus tout, de faire revivre \u00e0 l\u2019\u00c9glise le geste du Ressuscit\u00e9 qui ouvre \u00e9galement pour nous le tr\u00e9sor de sa Parole afin que nous puissions \u00eatre dans le monde des annonciateurs de cette richesse in\u00e9puisable\u2026<\/span><\/p>\n<p><span style=\"font-size: 16px;\">J\u2019\u00e9tablis donc que le\u00a0<strong>III<\/strong><strong>e\u00a0<\/strong><strong>Dimanche du Temps Ordinaire<\/strong>\u00a0soit consacr\u00e9 \u00e0 la c\u00e9l\u00e9bration, \u00e0 la r\u00e9flexion et \u00e0 la proclamation de la Parole de Dieu. Ce dimanche de la Parole de Dieu viendra ainsi se situer \u00e0 un moment opportun de cette p\u00e9riode de l\u2019ann\u00e9e, o\u00f9 nous sommes invit\u00e9s \u00e0 renforcer les liens avec la communaut\u00e9 juive et \u00e0 prier pour l\u2019unit\u00e9 des chr\u00e9tiens. Il ne s\u2019agit pas d\u2019une simple co\u00efncidence temporelle : c\u00e9l\u00e9brer\u00a0<em>le Dimanche de la Parole de Dieu\u00a0<\/em>exprime une valeur \u0153cum\u00e9nique, parce que l\u2019\u00c9criture Sainte indique \u00e0 ceux qui se mettent \u00e0 l\u2019\u00e9coute le chemin \u00e0 suivre pour parvenir \u00e0 une unit\u00e9 authentique et solide. Les communaut\u00e9s trouveront le moyen de vivre ce dimanche comme un jour solennel. (<a href=\"https:\/\/www.cathobel.be\/wp-content\/uploads\/2020\/01\/Aperuit-Illis-Franc%CC%A7ois-190930.pdf\" target=\"_blank\" rel=\"noopener noreferrer\">Lettre Apostolique en forme de Motu Proprio\u00a0<em>Aperuit illis<\/em>, 2 et 3<\/a>)<\/span><\/p>\n<p><strong><span style=\"color: #0000ff; font-size: 20px;\">Pour en savoir plus et avoir des r\u00e9f\u00e9rences <a href=\"https:\/\/doc-catho.la-croix.com\/Dimanche-Parole-Textes-ressources-2022-01-21-1201196109\">cliquez ICI\u00a0<\/a><\/span><\/strong><\/p>\n","protected":false},"excerpt":{"rendered":"<p>Une belle occasion de r\u00e9fl\u00e9chir sur la place centrale de la Parole de Dieu &#8230;\/&#8230;<\/p>\n","protected":false},"author":990003,"featured_media":6084,"comment_status":"closed","ping_status":"closed","sticky":false,"template":"","format":"standard","meta":{"give_campaign_id":0,"footnotes":""},"categories":[1],"tags":[],"class_list":["post-6081","post","type-post","status-publish","format-standard","has-post-thumbnail","hentry","category-uncategorized"],"_links":{"self":[{"href":"https:\/\/demos.uptitude.fr\/savviry1\/wp-json\/wp\/v2\/posts\/6081","targetHints":{"allow":["GET"]}}],"collection":[{"href":"https:\/\/demos.uptitude.fr\/savviry1\/wp-json\/wp\/v2\/posts"}],"about":[{"href":"https:\/\/demos.uptitude.fr\/savviry1\/wp-json\/wp\/v2\/types\/post"}],"author":[{"embeddable":true,"href":"https:\/\/demos.uptitude.fr\/savviry1\/wp-json\/wp\/v2\/users\/990003"}],"replies":[{"embeddable":true,"href":"https:\/\/demos.uptitude.fr\/savviry1\/wp-json\/wp\/v2\/comments?post=6081"}],"version-history":[{"count":0,"href":"https:\/\/demos.uptitude.fr\/savviry1\/wp-json\/wp\/v2\/posts\/6081\/revisions"}],"wp:featuredmedia":[{"embeddable":true,"href":"https:\/\/demos.uptitude.fr\/savviry1\/wp-json\/"}],"wp:attachment":[{"href":"https:\/\/demos.uptitude.fr\/savviry1\/wp-json\/wp\/v2\/media?parent=6081"}],"wp:term":[{"taxonomy":"category","embeddable":true,"href":"https:\/\/demos.uptitude.fr\/savviry1\/wp-json\/wp\/v2\/categories?post=6081"},{"taxonomy":"post_tag","embeddable":true,"href":"https:\/\/demos.uptitude.fr\/savviry1\/wp-json\/wp\/v2\/tags?post=6081"}],"curies":[{"name":"wp","href":"https:\/\/api.w.org\/{rel}","templated":true}]}}