{"id":6086,"date":"2023-01-02T18:00:46","date_gmt":"2023-01-02T18:00:46","guid":{"rendered":"https:\/\/www.savigny-viry-catholique.fr\/?p=6086"},"modified":"2023-01-02T18:00:46","modified_gmt":"2023-01-02T18:00:46","slug":"epiphanie","status":"publish","type":"post","link":"https:\/\/demos.uptitude.fr\/savviry1\/epiphanie\/","title":{"rendered":"Epiphanie"},"content":{"rendered":"<p>&nbsp;<\/p>\n<p>&nbsp;<\/p>\n<p><img fetchpriority=\"high\" decoding=\"async\" class=\"size-medium wp-image-6091 alignleft\" src=\"https:\/\/www.savigny-viry-catholique.fr\/wp-content\/uploads\/2023\/01\/epiphanie23-300x244.webp\" alt=\"\" width=\"300\" height=\"244\" \/><span style=\"font-size: 20px;\">La f\u00eate est venue d\u2019Orient o\u00f9 elle a \u00e9t\u00e9 fix\u00e9e au 6 janvier : f\u00eate des lumi\u00e8res, f\u00eate de l\u2019eau, elle est beaucoup plus la c\u00e9l\u00e9bration de l\u2019inauguration du minist\u00e8re public du Christ, lors de son bapt\u00eame au Jourdain, qu\u2019une festivit\u00e9 des \u00e9v\u00e9nements de l\u2019enfance de J\u00e9sus.<\/span><\/p>\n<p><span style=\"font-size: 20px;\">Dans la\u00a0liturgie\u00a0latine,\u00a0l\u00e0 o\u00f9 ce jour n\u2019est pas f\u00e9ri\u00e9, la c\u00e9l\u00e9bration de cette f\u00eate est fix\u00e9e au\u00a0dimanche le plus proche* du 6 janvier, afin que le plus grand nombre des fid\u00e8les puissent la comm\u00e9morer.\u00a0(*En 2023, le 8 janvier en France).<em><br \/>\n<\/em>En Occident, elle est surtout la f\u00eate des Mages ou des \u00ab Rois \u00bb. Les manifestations inaugurales de la vie publique ne sont pas oubli\u00e9es, puisque l\u2019office de la f\u00eate parle des trois myst\u00e8res de ce jour comme n\u2019en faisant qu\u2019un : l\u2019adoration des Mages, le\u00a0bapt\u00eame\u00a0de J\u00e9sus et les noces de Cana (cf. Antienne de Magnificat aux secondes V\u00eapres) ; il faut dire cependant que les Mages retiennent presque toute l\u2019attention.<\/span><\/p>\n<p><span style=\"font-size: 20px;\">Pour laisser \u00e0 l\u2019\u00c9piphanie toute sa dimension de \u00ab Pentec\u00f4te \u00bb du cycle de la Nativit\u00e9, l\u2019\u00c9glise latine a r\u00e9cemment instaur\u00e9 la F\u00eate du Bapt\u00eame du Seigneur, c\u00e9l\u00e9br\u00e9e le dimanche qui suit l\u2019\u00c9piphanie.\u00a0 <\/span><\/p>\n<p style=\"text-align: center;\"><span style=\"font-size: 20px;\">(source : Eglise catholique en france)<\/span><\/p>\n<p>&nbsp;<\/p>\n<p>&nbsp;<\/p>\n<p><a href=\"https:\/\/eglise.catholique.fr\/approfondir-sa-foi\/la-celebration-de-la-foi\/les-grandes-fetes-chretiennes\/epiphanie\/370764-conte-le-concierge-du-ciel\/\"><img decoding=\"async\" class=\"size-medium wp-image-6089 alignleft\" src=\"https:\/\/www.savigny-viry-catholique.fr\/wp-content\/uploads\/2023\/01\/epiphanie-ethiopie23-300x224.jpg\" alt=\"\" width=\"300\" height=\"224\" \/><\/a><\/p>\n<p>&nbsp;<\/p>\n<p><span style=\"font-size: 20px; color: #0000ff;\">Un conte pour l&rsquo;\u00e9piphanie<\/span><\/p>\n<p><em><strong><span style=\"font-size: 16px;\">cliquez sur l&rsquo;image ci-contre<\/span><\/strong><\/em><\/p>\n","protected":false},"excerpt":{"rendered":"<p>&nbsp; &nbsp; La f\u00eate est venue d\u2019Orient o\u00f9 elle a \u00e9t\u00e9 fix\u00e9e au 6 janvier : f\u00eate des lumi\u00e8res, f\u00eate de l\u2019eau, elle est beaucoup plus la c\u00e9l\u00e9bration de l\u2019inauguration du minist\u00e8re public du Christ, lors de son bapt\u00eame&hellip;<\/p>\n","protected":false},"author":990003,"featured_media":6090,"comment_status":"closed","ping_status":"closed","sticky":false,"template":"","format":"standard","meta":{"give_campaign_id":0,"footnotes":""},"categories":[1],"tags":[],"class_list":["post-6086","post","type-post","status-publish","format-standard","has-post-thumbnail","hentry","category-uncategorized"],"_links":{"self":[{"href":"https:\/\/demos.uptitude.fr\/savviry1\/wp-json\/wp\/v2\/posts\/6086","targetHints":{"allow":["GET"]}}],"collection":[{"href":"https:\/\/demos.uptitude.fr\/savviry1\/wp-json\/wp\/v2\/posts"}],"about":[{"href":"https:\/\/demos.uptitude.fr\/savviry1\/wp-json\/wp\/v2\/types\/post"}],"author":[{"embeddable":true,"href":"https:\/\/demos.uptitude.fr\/savviry1\/wp-json\/wp\/v2\/users\/990003"}],"replies":[{"embeddable":true,"href":"https:\/\/demos.uptitude.fr\/savviry1\/wp-json\/wp\/v2\/comments?post=6086"}],"version-history":[{"count":0,"href":"https:\/\/demos.uptitude.fr\/savviry1\/wp-json\/wp\/v2\/posts\/6086\/revisions"}],"wp:featuredmedia":[{"embeddable":true,"href":"https:\/\/demos.uptitude.fr\/savviry1\/wp-json\/"}],"wp:attachment":[{"href":"https:\/\/demos.uptitude.fr\/savviry1\/wp-json\/wp\/v2\/media?parent=6086"}],"wp:term":[{"taxonomy":"category","embeddable":true,"href":"https:\/\/demos.uptitude.fr\/savviry1\/wp-json\/wp\/v2\/categories?post=6086"},{"taxonomy":"post_tag","embeddable":true,"href":"https:\/\/demos.uptitude.fr\/savviry1\/wp-json\/wp\/v2\/tags?post=6086"}],"curies":[{"name":"wp","href":"https:\/\/api.w.org\/{rel}","templated":true}]}}