{"id":61,"date":"2017-03-03T08:36:00","date_gmt":"2017-03-03T08:36:00","guid":{"rendered":"http:\/\/www.savigny-viry-catholique.fr\/?p=61"},"modified":"2017-03-03T08:36:00","modified_gmt":"2017-03-03T08:36:00","slug":"osons-parler-argent","status":"publish","type":"post","link":"https:\/\/demos.uptitude.fr\/savviry1\/osons-parler-argent\/","title":{"rendered":"Osons parler argent"},"content":{"rendered":"<p><a href=\"http:\/\/dons.evry.catholique.fr\/\"><img fetchpriority=\"high\" decoding=\"async\" class=\"size-large wp-image-64\" src=\"http:\/\/www.savigny-viry-catholique.fr\/wp-content\/uploads\/2017\/03\/Denier2017-01-1-1024x372.png\" alt=\"Denier du culte\" width=\"1024\" height=\"372\" \/><\/a><\/p>\n<p><strong>P<\/strong>ourquoi est-ce si difficile de parler argent dans l\u2019\u00c9glise\u00a0?<br class=\"autobr\" \/> <strong>P<\/strong>ourquoi les catholiques sont-ils si peu attentifs \u00e0 leurs besoins\u00a0?<br class=\"autobr\" \/> Car il s\u2019agit de couvrir les frais de ce qui est n\u00e9cessaire \u00e0 leur vie chr\u00e9tienne.<\/p>\n<p><img decoding=\"async\" class=\"puce\" src=\"http:\/\/evry.catholique.fr\/local\/cache-vignettes\/L8xH11\/puce-32883.gif?1475595645\" alt=\"-\" width=\"8\" height=\"11\" \/>\u00a0La vie chr\u00e9tienne a besoin de personnes qui l\u2019animent, qui l\u2019organisent\u2026 Sait-on que les pr\u00eatres du dioc\u00e8se ne gagnent pas la moiti\u00e9 du salaire moyen des Fran\u00e7ais\u00a0? Ils ne s\u2019en plaignent pas. Mais, lorsque l\u2019on pense aux exigences de leur minist\u00e8re, on peut se demander s\u2019il est juste qu\u2019ils n\u2019aient pas de quoi \u00eatre g\u00e9n\u00e9reux.<\/p>\n<p><img decoding=\"async\" class=\"puce\" src=\"http:\/\/evry.catholique.fr\/local\/cache-vignettes\/L8xH11\/puce-32883.gif?1475595645\" alt=\"-\" width=\"8\" height=\"11\" \/>\u00a0La vie chr\u00e9tienne a besoin de lieux de rencontre et de culte\u00a0: pour un certain nombre, l\u2019entretien de ces b\u00e2timents est pris en charge par les municipalit\u00e9s\u2026 mais, dans notre dioc\u00e8se, ce n\u2019est pas le cas majoritaire. C\u2019est-\u00e0-dire que, s\u2019ils veulent avoir un toit, un chauffage, un lieu propre, c\u2019est aux chr\u00e9tiens de faire le n\u00e9cessaire. Cette ann\u00e9e, une paroisse a d\u00fb arr\u00eater le cat\u00e9chisme des enfants parce que sa salle n\u2019\u00e9tait plus en \u00e9tat de les recevoir.<br class=\"autobr\" \/> L\u2019entretien des b\u00e2timents est d\u2019autant plus on\u00e9reux que les normes de s\u00e9curit\u00e9 et d\u2019accessibilit\u00e9 aux personnes \u00e0 mobilit\u00e9 r\u00e9duite sont de plus en plus strictes.<\/p>\n<p><img decoding=\"async\" class=\"puce\" src=\"http:\/\/evry.catholique.fr\/local\/cache-vignettes\/L8xH11\/puce-32883.gif?1475595645\" alt=\"-\" width=\"8\" height=\"11\" \/>\u00a0La vie chr\u00e9tienne a besoin de g\u00e9n\u00e9rosit\u00e9. Beaucoup de catholiques sont g\u00e9n\u00e9reux pour r\u00e9pondre \u00e0 bien des sollicitations. Et c\u2019est bien. Mais en tant que communaut\u00e9, ils sont appel\u00e9s \u00e0 se souvenir de ceux qui sont dans la n\u00e9cessit\u00e9.<\/p>\n<p><strong>I<\/strong>l y a des cas \u00e9mouvants\u2026 et nous y r\u00e9pondons\u2026 Mais il y a aussi le soutien dans le temps, celui qui n\u2019est spectaculaire mais qui est n\u00e9cessaire (comme la formation pour \u00eatre capable de se prendre en main)\u2026<\/p>\n<p><strong>J<\/strong>\u2019oublie les imp\u00f4ts, les assurances, le soutien aux jeunes\u2026<\/p>\n<p><strong>D<\/strong>ans le d\u00e9partement, des chr\u00e9tiens non catholiques demandent que chacun reverse 10% de ses revenus (la d\u00eeme) pour faire vivre leur communaut\u00e9\u00a0! Nous ne demandons pas cela\u2026 mais nous demandons que chacun participe \u00e0 hauteur de ses moyens, appelle ceux qui l\u2019entourent \u00e0 donner aussi, \u00e9duque ses enfants \u00e0 le faire.<\/p>\n<p><strong>O<\/strong>sons parler argent\u2026<br class=\"autobr\" \/> C\u2019est le prix de notre libert\u00e9.<br \/>\n<img decoding=\"async\" src=\"http:\/\/www.savigny-viry-catholique.fr\/wp-content\/uploads\/2017\/03\/bouton_jaune_s.gif\" alt=\"\" width=\"13\" height=\"13\" class=\"aligncenter size-full wp-image-196\" \/><\/p>\n","protected":false},"excerpt":{"rendered":"<p>Pourquoi est-ce si difficile de parler argent dans l\u2019\u00c9glise\u00a0? Pourquoi les catholiques sont-ils si peu attentifs \u00e0 leurs besoins\u00a0? Car il s\u2019agit de couvrir les frais de ce qui est n\u00e9cessaire \u00e0 leur vie chr\u00e9tienne. \u00a0La vie chr\u00e9tienne a&hellip;<\/p>\n","protected":false},"author":990002,"featured_media":100,"comment_status":"closed","ping_status":"closed","sticky":false,"template":"","format":"standard","meta":{"give_campaign_id":0,"footnotes":""},"categories":[1],"tags":[],"class_list":["post-61","post","type-post","status-publish","format-standard","has-post-thumbnail","hentry","category-uncategorized"],"_links":{"self":[{"href":"https:\/\/demos.uptitude.fr\/savviry1\/wp-json\/wp\/v2\/posts\/61","targetHints":{"allow":["GET"]}}],"collection":[{"href":"https:\/\/demos.uptitude.fr\/savviry1\/wp-json\/wp\/v2\/posts"}],"about":[{"href":"https:\/\/demos.uptitude.fr\/savviry1\/wp-json\/wp\/v2\/types\/post"}],"author":[{"embeddable":true,"href":"https:\/\/demos.uptitude.fr\/savviry1\/wp-json\/wp\/v2\/users\/990002"}],"replies":[{"embeddable":true,"href":"https:\/\/demos.uptitude.fr\/savviry1\/wp-json\/wp\/v2\/comments?post=61"}],"version-history":[{"count":0,"href":"https:\/\/demos.uptitude.fr\/savviry1\/wp-json\/wp\/v2\/posts\/61\/revisions"}],"wp:featuredmedia":[{"embeddable":true,"href":"https:\/\/demos.uptitude.fr\/savviry1\/wp-json\/"}],"wp:attachment":[{"href":"https:\/\/demos.uptitude.fr\/savviry1\/wp-json\/wp\/v2\/media?parent=61"}],"wp:term":[{"taxonomy":"category","embeddable":true,"href":"https:\/\/demos.uptitude.fr\/savviry1\/wp-json\/wp\/v2\/categories?post=61"},{"taxonomy":"post_tag","embeddable":true,"href":"https:\/\/demos.uptitude.fr\/savviry1\/wp-json\/wp\/v2\/tags?post=61"}],"curies":[{"name":"wp","href":"https:\/\/api.w.org\/{rel}","templated":true}]}}