{"id":6134,"date":"2023-01-14T23:06:38","date_gmt":"2023-01-14T23:06:38","guid":{"rendered":"https:\/\/www.savigny-viry-catholique.fr\/?p=6134"},"modified":"2023-01-14T23:06:38","modified_gmt":"2023-01-14T23:06:38","slug":"journee-des-malades-dimanche-de-la-sante","status":"publish","type":"post","link":"https:\/\/demos.uptitude.fr\/savviry1\/journee-des-malades-dimanche-de-la-sante\/","title":{"rendered":"Journ\u00e9e des malades-Dimanche de la sant\u00e9"},"content":{"rendered":"<p>11 et 12 f\u00e9vrier 2023 &#8211;\u00a0 \u00ab\u00a0Moi, je vous dis\u00a0\u00bb (Matthieu 5, 17-37). Cette journ\u00e9e sera l&rsquo;occasion &#8230;\/&#8230;<\/p>\n<p><!--more--><\/p>\n<p><img fetchpriority=\"high\" decoding=\"async\" class=\"wp-image-6138 alignleft\" src=\"https:\/\/www.savigny-viry-catholique.fr\/wp-content\/uploads\/2023\/01\/dimanche-sante-2023-affiche-page-0001-min-778x1024.jpg\" alt=\"\" width=\"442\" height=\"582\" \/><span style=\"font-size: 20px;\">Le dimanche de la Sant\u00e9 sera c\u00e9l\u00e9br\u00e9 sur notre Secteur Savigny-Viry les 11 et 12 f\u00e9vrier 2023, avec pour th\u00e8me : \u00ab Moi je vous dis \u00bb (Mt 5, 17-37). Cette journ\u00e9e sera l\u2019occasion pour l\u2019\u00e9quipe de la pastorale de la sant\u00e9 de notre Secteur de rappeler que beaucoup de personnes en souffrance ne peuvent se d\u00e9placer pour assister \u00e0 la <\/span><span style=\"font-size: 20px;\">messe, et d\u2019inciter les chr\u00e9tiens \u00e0 rejoindre les \u00e9quipes b\u00e9n\u00e9voles qui vont porter le Saint Sacrement aux malades <\/span><span style=\"font-size: 20px;\">dans la custode. <\/span><\/p>\n<p><span style=\"font-size: 20px;\">Ce week-end, le sacrement des malades sera administr\u00e9 aux personnes malades et personnes<\/span><br \/>\n<span style=\"font-size: 20px;\">tr\u00e8s \u00e2g\u00e9es. Pour cela, bien vouloir s\u2019inscrire aupr\u00e8s des membres de l\u2019\u00e9quipe animatrice\u00a0 \u00a0 \u00a0 \u00a0 \u00a0 \u00a0 \u00a0 \u00a0 \u00a0 \u00a0(T\u00e9l. : 06 11 45 42 52)<\/span><\/p>\n<p>&nbsp;<\/p>\n<p>&nbsp;<\/p>\n<h1 class=\"entry-title\"><span style=\"font-size: 24px;\">Qu\u2019est-ce que la Journ\u00e9e mondiale du Malade et le Dimanche de la Sant\u00e9 ?<\/span><\/h1>\n<p><strong><span style=\"font-size: 16px;\">L\u2019\u00c9glise est pr\u00e9sente sur le terrain de l\u2019accompagnement, au sein des aum\u00f4neries hospitali\u00e8res avec ses \u00e9quipes de b\u00e9n\u00e9voles qui \u0153uvrent aux c\u00f4t\u00e9s d\u2019associations la\u00efques o\u00f9 tant de personnes de bonne volont\u00e9 s\u2019engagent aussi. Encourager tous ces volontaires, qui partout en France dans les plus petits villages et les plus grands h\u00f4pitaux, dans la discr\u00e9tion et la simplicit\u00e9, se rendent pr\u00e9sentes au jour le jour \u00e0 l\u2019autre, malade, seul, isol\u00e9, est l\u2019une des dimensions du Dimanche de la sant\u00e9. Les inviter \u00e0 approfondir leur engagement, \u00e0 poursuivre leur formation, \u00e0 donner du sens \u00e0 ce service et \u00e0 cette mission aussi.<\/span><\/strong><\/p>\n<blockquote><p>\u00a0\u00bb<strong><span style=\"color: #0000ff; font-size: 16px;\">Nous devons \u00eatre t\u00e9moins aupr\u00e8s des malades de cet \u00c9vangile qui peut les aider \u00e0 se remettre debout.\u00a0\u00bb<\/span><\/strong><\/p><\/blockquote>\n<p>&nbsp;<\/p>\n<p><span style=\"font-size: 20px;\"><strong>Pour en savoir plus\u00a0 ,<a href=\"https:\/\/evry.catholique.fr\/dimanche-de-la-sante-2023-12-fevrier-2023-moi-je-vous-dis\/#:~:text=En%202023%2C%20ces%20deux%20journ%C3%A9es,12%2C%20dimanche%20de%20la%20sant%C3%A9.\"> cliquez ICI<\/a><\/strong><\/span><\/p>\n","protected":false},"excerpt":{"rendered":"<p>11 et 12 f\u00e9vrier 2023 &#8211;\u00a0 \u00ab\u00a0Moi, je vous dis\u00a0\u00bb (Matthieu 5, 17-37). Cette journ\u00e9e sera l&rsquo;occasion &#8230;\/&#8230;<\/p>\n","protected":false},"author":990003,"featured_media":6137,"comment_status":"closed","ping_status":"closed","sticky":false,"template":"","format":"standard","meta":{"give_campaign_id":0,"footnotes":""},"categories":[1],"tags":[],"class_list":["post-6134","post","type-post","status-publish","format-standard","has-post-thumbnail","hentry","category-uncategorized"],"_links":{"self":[{"href":"https:\/\/demos.uptitude.fr\/savviry1\/wp-json\/wp\/v2\/posts\/6134","targetHints":{"allow":["GET"]}}],"collection":[{"href":"https:\/\/demos.uptitude.fr\/savviry1\/wp-json\/wp\/v2\/posts"}],"about":[{"href":"https:\/\/demos.uptitude.fr\/savviry1\/wp-json\/wp\/v2\/types\/post"}],"author":[{"embeddable":true,"href":"https:\/\/demos.uptitude.fr\/savviry1\/wp-json\/wp\/v2\/users\/990003"}],"replies":[{"embeddable":true,"href":"https:\/\/demos.uptitude.fr\/savviry1\/wp-json\/wp\/v2\/comments?post=6134"}],"version-history":[{"count":0,"href":"https:\/\/demos.uptitude.fr\/savviry1\/wp-json\/wp\/v2\/posts\/6134\/revisions"}],"wp:featuredmedia":[{"embeddable":true,"href":"https:\/\/demos.uptitude.fr\/savviry1\/wp-json\/"}],"wp:attachment":[{"href":"https:\/\/demos.uptitude.fr\/savviry1\/wp-json\/wp\/v2\/media?parent=6134"}],"wp:term":[{"taxonomy":"category","embeddable":true,"href":"https:\/\/demos.uptitude.fr\/savviry1\/wp-json\/wp\/v2\/categories?post=6134"},{"taxonomy":"post_tag","embeddable":true,"href":"https:\/\/demos.uptitude.fr\/savviry1\/wp-json\/wp\/v2\/tags?post=6134"}],"curies":[{"name":"wp","href":"https:\/\/api.w.org\/{rel}","templated":true}]}}