{"id":6144,"date":"2023-03-07T18:29:53","date_gmt":"2023-03-07T18:29:53","guid":{"rendered":"https:\/\/www.savigny-viry-catholique.fr\/?p=6144"},"modified":"2023-03-07T18:29:53","modified_gmt":"2023-03-07T18:29:53","slug":"le-mcr-du-secteur","status":"publish","type":"post","link":"https:\/\/demos.uptitude.fr\/savviry1\/le-mcr-du-secteur\/","title":{"rendered":"Le MCR du secteur"},"content":{"rendered":"<p>Le Mouvement Chr\u00e9tien des Retrait\u00e9 (MCR) se pr\u00e9sente &#8230;\/&#8230;<\/p>\n<p><!--more--><\/p>\n<p>&nbsp;<\/p>\n<p style=\"text-align: center;\"><span style=\"font-size: 20px;\"><strong>LE MCR DU SECTEUR DE SAVIGNY-VIRY,<\/strong><\/span><\/p>\n<p><img fetchpriority=\"high\" decoding=\"async\" class=\"wp-image-6147 alignleft\" src=\"https:\/\/www.savigny-viry-catholique.fr\/wp-content\/uploads\/2023\/02\/MCR01-300x122.jpg\" alt=\"\" width=\"400\" height=\"162\" \/><span style=\"font-size: 20px;\">C\u2019est un mouvement d\u2019Eglise qui existe encore sur notre secteur. Nous sommes en gros 11 sur 15\/16 \u00e0 pouvoir se r\u00e9unir 1 fois par mois, le 3\u00e8me vendredi en principe de 14H30 \u00e0 17H00 \u00e0 la salle Fatima de Sainte Bernadette.<\/span><\/p>\n<p><span style=\"font-size: 20px;\">Le 20 janvier dernier nous avons tir\u00e9 les rois ou reines\u00a0; ceci dit\u00a0, \u00a0le Roi a \u00e9t\u00e9 le P\u00e8re Arul. Nous l\u2019avions invit\u00e9 \u00e0 notre temps festif et fraternel.<\/span><\/p>\n<p><span style=\"font-size: 20px;\">Les personnes \u00ab\u00a0\u00e2g\u00e9es\u00a0\u00bb pas vieilles qui composent le MCR d\u00e9passent les 68 ans et atteignent pour 3 d\u2019entre elles 90 ans et 1 seulement 89. Chacun est heureux d\u2019\u00eatre dans ce mouvement \u00e0 l\u2019allure moins rapide qu\u2019une aum\u00f4nerie.<\/span><\/p>\n<p><span style=\"font-size: 20px;\">La convivialit\u00e9 est importante, le suivi de nos personnes malades est de qualit\u00e9. Nous n\u2019abandonnons personne sur le bord du chemin. M\u00eame l\u2019arthrose na pas de prise sur notre foi sauf sur la locomotion et les douleurs. Voyez comme nous sommes heureux de nous rencontrer. Nous avons chaque ann\u00e9e un th\u00e8me pour l\u2019ann\u00e9e pastorale et pour 2022\/2023 c\u2019est\u00a0; \u2018\u2019<strong><em>Que ton r\u00e8gne vienne\u2026 qu\u2019il \u00e9claire et change notre vie.\u2019\u2019<\/em><\/strong><\/span><\/p>\n<p><span style=\"font-size: 20px;\">Mon clin d\u2019\u0153il c\u2019est un mouvement que je suis heureux d\u2019avoir accompagn\u00e9 depuis 9 ans en succ\u00e9dant au P\u00e8re Cayrac<\/span><\/p>\n<p><span style=\"font-size: 20px;\">Daniel LAMBERT, diacre<\/span><\/p>\n<p><a href=\"https:\/\/www.savigny-viry-catholique.fr\/bwg_gallery\/mcr-3\/?bwg-preview-type=thumbnails_mosaic\"><img decoding=\"async\" class=\"alignnone wp-image-6167 size-full\" src=\"https:\/\/www.savigny-viry-catholique.fr\/wp-content\/uploads\/2023\/02\/MCR2023.jpg\" alt=\"\" width=\"1256\" height=\"267\" \/><\/a><\/p>\n<p style=\"text-align: center;\">(toutes les photos de la rencontre sont accessibles en cliquant\u00a0<a href=\"https:\/\/www.savigny-viry-catholique.fr\/bwg_gallery\/mcr-3\/?bwg-preview-type=thumbnails_mosaic\"><span style=\"font-size: 20px;\"> ICI)<\/span><\/a><\/p>\n<p><span style=\"font-size: 20px;\">Pour en savoir plus <a href=\"https:\/\/mcr.asso.fr\/\"><strong>Cliquez ICI<\/strong><\/a><\/span><\/p>\n<h1><span style=\"font-size: 24px; color: #0000ff;\">Le MCR fetera son 60e anniversaire \u00e0 Lourdes du 12 au 15 juin 2023. <a href=\"https:\/\/mcr.asso.fr\/vie-du-mouvement\/60e-anniversaire-du-mcr-a-lourdes-du-12-au-15-juin-2023\/\">Informations pratiques ICI<\/a><\/span><\/h1>\n","protected":false},"excerpt":{"rendered":"<p>Le Mouvement Chr\u00e9tien des Retrait\u00e9 (MCR) se pr\u00e9sente &#8230;\/&#8230;<\/p>\n","protected":false},"author":990003,"featured_media":6147,"comment_status":"closed","ping_status":"closed","sticky":false,"template":"","format":"standard","meta":{"give_campaign_id":0,"footnotes":""},"categories":[1],"tags":[],"class_list":["post-6144","post","type-post","status-publish","format-standard","has-post-thumbnail","hentry","category-uncategorized"],"_links":{"self":[{"href":"https:\/\/demos.uptitude.fr\/savviry1\/wp-json\/wp\/v2\/posts\/6144","targetHints":{"allow":["GET"]}}],"collection":[{"href":"https:\/\/demos.uptitude.fr\/savviry1\/wp-json\/wp\/v2\/posts"}],"about":[{"href":"https:\/\/demos.uptitude.fr\/savviry1\/wp-json\/wp\/v2\/types\/post"}],"author":[{"embeddable":true,"href":"https:\/\/demos.uptitude.fr\/savviry1\/wp-json\/wp\/v2\/users\/990003"}],"replies":[{"embeddable":true,"href":"https:\/\/demos.uptitude.fr\/savviry1\/wp-json\/wp\/v2\/comments?post=6144"}],"version-history":[{"count":0,"href":"https:\/\/demos.uptitude.fr\/savviry1\/wp-json\/wp\/v2\/posts\/6144\/revisions"}],"wp:featuredmedia":[{"embeddable":true,"href":"https:\/\/demos.uptitude.fr\/savviry1\/wp-json\/"}],"wp:attachment":[{"href":"https:\/\/demos.uptitude.fr\/savviry1\/wp-json\/wp\/v2\/media?parent=6144"}],"wp:term":[{"taxonomy":"category","embeddable":true,"href":"https:\/\/demos.uptitude.fr\/savviry1\/wp-json\/wp\/v2\/categories?post=6144"},{"taxonomy":"post_tag","embeddable":true,"href":"https:\/\/demos.uptitude.fr\/savviry1\/wp-json\/wp\/v2\/tags?post=6144"}],"curies":[{"name":"wp","href":"https:\/\/api.w.org\/{rel}","templated":true}]}}