{"id":6152,"date":"2023-02-21T18:56:06","date_gmt":"2023-02-21T18:56:06","guid":{"rendered":"https:\/\/www.savigny-viry-catholique.fr\/?p=6152"},"modified":"2023-02-21T18:56:06","modified_gmt":"2023-02-21T18:56:06","slug":"careme-2023","status":"publish","type":"post","link":"https:\/\/demos.uptitude.fr\/savviry1\/careme-2023\/","title":{"rendered":"Car\u00eame 2023"},"content":{"rendered":"<p>Chemin vers P\u00e2ques, chemin vers la vie. Les 40 jours du Car\u00eame d\u00e9bute le 22 f\u00e9vrier,\u00a0 message du P\u00e8re Emmanuel&#8230;\/&#8230;<\/p>\n<p><!--more--><\/p>\n<p>&nbsp;<\/p>\n<p><span style=\"font-size: 16px;\">Le Car\u00eame est un temps de pr\u00e9paration de quarante jours \u00e0 la f\u00eate de P\u00e2ques,\u00a0<strong>c\u0153ur de la foi chr\u00e9tienne<\/strong>, qui c\u00e9l\u00e8bre la\u00a0<\/span><span style=\"font-size: 16px;\">r\u00e9surrection\u00a0du Christ.<\/span><\/p>\n<p>&nbsp;<\/p>\n<p style=\"text-align: center;\"><span style=\"font-size: 24px; color: #ffffff; background-color: #000080;\"><strong>DEVENIR DES ARTISANS DE PAIX<\/strong><\/span><\/p>\n<p style=\"text-align: justify;\"><span style=\"font-size: 20px;\"><strong><img fetchpriority=\"high\" decoding=\"async\" class=\"alignleft wp-image-6164\" src=\"https:\/\/www.savigny-viry-catholique.fr\/wp-content\/uploads\/2023\/02\/Heureux-les-artisan-de-paix.png\" alt=\"\" width=\"350\" height=\"350\" \/>\u00ab Heureux les artisans de paix, car ils seront appel\u00e9s fils de Dieu \u00bb (*)<\/strong><\/span><\/p>\n<p style=\"text-align: justify;\"><span style=\"font-size: 20px;\">En ce temps de Car\u00eame, cette b\u00e9atitude prend tout son sens. D\u2019abord au sein d\u2019un monde de contradictions pour lequel l\u2019actualit\u00e9 est marqu\u00e9e depuis un an par la guerre en Ukraine et au regard des mouvements sociaux de contestation de nos jours. Sans ignorer des raisons l\u00e9gitimes qui peuvent amener \u00e0 cet \u00e9tat des choses, il convient de dire que la majorit\u00e9 des humains aspirent \u00e0 la paix. Ceci invite aussi \u00e0 ne pas occulter les autres th\u00e9\u00e2tres de conflits et de guerres dans le monde\u00a0: Soudan, Congo, Syrie \u2026<\/span><\/p>\n<p style=\"text-align: justify;\"><span style=\"font-size: 20px;\">Cette b\u00e9atitude invite chacun \u00e0 convertir son c\u0153ur \u00e0 la paix, \u00e0 la rechercher et en devenir artisan. Quel beau m\u00e9tier que d\u2019\u00eatre artisan\u00a0! car cela renvoie \u00e0 la source du domaine concern\u00e9.<\/span><\/p>\n<p style=\"text-align: justify;\"><span style=\"font-size: 20px;\">L\u2019engagement \u00e0 construire la paix conduit les protagonistes sur un chemin de conversion in\u00e9luctable. S\u2019assoir autour d\u2019une table et \u00e9changer avec respect r\u00e9ciproque ouvre des horizons de compr\u00e9hension mutuelle. Pas seulement au niveau des Etats, mais aussi bien dans la sph\u00e8re familiale que dans les relations de voisinage et d\u2019amiti\u00e9.<\/span><\/p>\n<p style=\"text-align: justify;\"><span style=\"font-size: 20px;\">Par le bapt\u00eame, chaque baptis\u00e9 est appel\u00e9 \u00e0 devenir fils de Dieu. Celui qui s\u2019est r\u00e9v\u00e9l\u00e9 v\u00e9ritablement Fils de Dieu, J\u00e9sus-Christ, n\u2019est-il pas le Prince de la Paix\u00a0? Suivons donc son exemple pour le devenir vraiment.<\/span><\/p>\n<p style=\"text-align: justify;\"><span style=\"font-size: 20px;\">Pendant ce Car\u00eame 2023, la perche du <strong>chemin de conversion<\/strong> qui nous est tendue s\u2019appelle <strong>la r\u00e9conciliation<\/strong>. R\u00e9conciliation avec nous-m\u00eames dans un examen de conscience en v\u00e9rit\u00e9, r\u00e9conciliation avec nos fr\u00e8res et s\u0153urs en humanit\u00e9 en commen\u00e7ant par les plus proches, r\u00e9conciliation avec Dieu dans un \u00e9lan de foi et de dialogue dans la pri\u00e8re. Cette triple d\u00e9marche g\u00e9n\u00e8re la paix int\u00e9rieure et favorise le travail incessant qui consiste \u00e0 engager des relations de paix durable.<\/span><\/p>\n<p style=\"text-align: justify;\"><span style=\"font-size: 20px;\">Un tel \u00e9lan ne peut qu\u2019ouvrir des espaces de <strong>solidarit\u00e9<\/strong> palpables. Le CCFD-Terre solidaire (Comit\u00e9 Catholique Contre la Faim et Pour le D\u00e9veloppement \u2013 Terre Solidaire) invite cette ann\u00e9e \u00e0 permettre la r\u00e9alisation d\u2019un r\u00eave pour des millions de personnes\u00a0: \u00ab\u00a0Tous ceux qui r\u00eavent de se nourrir en paix\u00a0\u00bb. il s\u2019agit de vivre \u00ab\u00a0<em>un Car\u00eame contre la faim et pour la paix<\/em>\u00a0\u00bb. Voil\u00e0 un je\u00fbne que le Seigneur ch\u00e9rit, car il ouvrirait \u00e0 un partage d\u2019un bien pr\u00e9cieux\u00a0: la dignit\u00e9 de tout \u00eatre humain. C\u2019est ainsi que nous pourrons gagner le combat spirituel pendant le temps de Car\u00eame.<\/span><\/p>\n<p style=\"text-align: justify;\"><span style=\"font-size: 20px;\">Le Car\u00eame doit nous mener \u00e0 <strong>la joie pascale<\/strong>, c\u2019est en cela que les artisans de paix sont heureux et m\u00e9ritent d\u2019\u00eatre appel\u00e9s fils de Dieu. Seigneur aide-nous \u00e0 reverdir et \u00e0 fleurir les d\u00e9serts de nos vies\u00a0! voil\u00e0 une pri\u00e8re que nous pouvons redire en ce temps de Car\u00eame commen\u00e7ant.<\/span><\/p>\n<p style=\"text-align: justify;\"><span style=\"font-size: 20px;\">Bon temps de Car\u00eame\u00a0!<\/span><\/p>\n<p style=\"text-align: justify;\"><span style=\"font-size: 20px;\">P\u00e8re Emmanuel BIDZOGO<\/span><\/p>\n<p style=\"text-align: justify;\"><span style=\"font-size: 20px;\">Responsable du secteur pastoral Savigny-Viry BX Marcel Callo<\/span><\/p>\n<p style=\"text-align: justify;\"><span style=\"font-size: 20px;\">(*) Evangile selon saint Matthieu, chapitre 5, verset 9<\/span><\/p>\n<p>&nbsp;<\/p>\n<p>&nbsp;<\/p>\n<p><span style=\"color: #0000ff;\"><strong><span style=\"font-size: 16px;\">Vous pouvez t\u00e9l\u00e9charger les horaire du Car\u00eame 2023 en cliquant sur l&rsquo;image ci-dessous<\/span><\/strong><\/span><\/p>\n<p><a href=\"http:\/\/www.savigny-viry-catholique.fr\/Download\/doc\/2023-03-Plaquette-careme.pdf\"><img decoding=\"async\" class=\"alignnone wp-image-6159 \" src=\"https:\/\/www.savigny-viry-catholique.fr\/wp-content\/uploads\/2023\/02\/2023-03-plaq-Careme.jpg\" alt=\"\" width=\"377\" height=\"538\" \/><\/a><\/p>\n<h1 class=\"entry-title\"><span style=\"font-size: 24px;\"><img decoding=\"async\" class=\"size-medium wp-image-6207 alignleft\" src=\"https:\/\/www.savigny-viry-catholique.fr\/wp-content\/uploads\/2023\/02\/papefrancoisok-1-300x222.jpg\" alt=\"\" width=\"300\" height=\"222\" \/><\/span><\/h1>\n<h1><\/h1>\n<h1 class=\"entry-title\"><span style=\"font-size: 24px;\">Le message du Pape <\/span><\/h1>\n<h1 class=\"entry-title\"><span style=\"font-size: 24px;\">pour le Car\u00eame 2023 <\/span><\/h1>\n<h1 class=\"entry-title\"><span style=\"font-size: 24px;\">est \u00e0<a href=\"https:\/\/eglise.catholique.fr\/vatican\/messages-du-pape-francois\/476306-careme\/\"><span style=\"font-size: 28px;\"><strong><span style=\"color: #ff0000;\"> lire ICI<\/span><\/strong><\/span><\/a><\/span><\/h1>\n<p>&nbsp;<\/p>\n<p>&nbsp;<\/p>\n","protected":false},"excerpt":{"rendered":"<p>Chemin vers P\u00e2ques, chemin vers la vie. Les 40 jours du Car\u00eame d\u00e9bute le 22 f\u00e9vrier,\u00a0 message du P\u00e8re Emmanuel&#8230;\/&#8230;<\/p>\n","protected":false},"author":990003,"featured_media":6156,"comment_status":"closed","ping_status":"closed","sticky":false,"template":"","format":"standard","meta":{"give_campaign_id":0,"footnotes":""},"categories":[1],"tags":[],"class_list":["post-6152","post","type-post","status-publish","format-standard","has-post-thumbnail","hentry","category-uncategorized"],"_links":{"self":[{"href":"https:\/\/demos.uptitude.fr\/savviry1\/wp-json\/wp\/v2\/posts\/6152","targetHints":{"allow":["GET"]}}],"collection":[{"href":"https:\/\/demos.uptitude.fr\/savviry1\/wp-json\/wp\/v2\/posts"}],"about":[{"href":"https:\/\/demos.uptitude.fr\/savviry1\/wp-json\/wp\/v2\/types\/post"}],"author":[{"embeddable":true,"href":"https:\/\/demos.uptitude.fr\/savviry1\/wp-json\/wp\/v2\/users\/990003"}],"replies":[{"embeddable":true,"href":"https:\/\/demos.uptitude.fr\/savviry1\/wp-json\/wp\/v2\/comments?post=6152"}],"version-history":[{"count":0,"href":"https:\/\/demos.uptitude.fr\/savviry1\/wp-json\/wp\/v2\/posts\/6152\/revisions"}],"wp:featuredmedia":[{"embeddable":true,"href":"https:\/\/demos.uptitude.fr\/savviry1\/wp-json\/"}],"wp:attachment":[{"href":"https:\/\/demos.uptitude.fr\/savviry1\/wp-json\/wp\/v2\/media?parent=6152"}],"wp:term":[{"taxonomy":"category","embeddable":true,"href":"https:\/\/demos.uptitude.fr\/savviry1\/wp-json\/wp\/v2\/categories?post=6152"},{"taxonomy":"post_tag","embeddable":true,"href":"https:\/\/demos.uptitude.fr\/savviry1\/wp-json\/wp\/v2\/tags?post=6152"}],"curies":[{"name":"wp","href":"https:\/\/api.w.org\/{rel}","templated":true}]}}