{"id":6210,"date":"2023-02-14T16:19:43","date_gmt":"2023-02-14T16:19:43","guid":{"rendered":"https:\/\/www.savigny-viry-catholique.fr\/?p=6210"},"modified":"2023-02-14T16:19:43","modified_gmt":"2023-02-14T16:19:43","slug":"mercredi-des-cendres-2","status":"publish","type":"post","link":"https:\/\/demos.uptitude.fr\/savviry1\/mercredi-des-cendres-2\/","title":{"rendered":"Mercredi des cendres"},"content":{"rendered":"<p>Entr\u00e9e en\u00a0 Car\u00eame : \u00ab\u00a0Convertissez vous et croyez \u00e0 l&rsquo;Evangile\u00a0\u00bb &#8230;\/&#8230;<\/p>\n<p><!--more--><\/p>\n<p><img fetchpriority=\"high\" decoding=\"async\" class=\"size-full wp-image-6209 alignleft\" src=\"https:\/\/www.savigny-viry-catholique.fr\/wp-content\/uploads\/2023\/02\/Cendres300x226-1.jpg\" alt=\"\" width=\"300\" height=\"226\" \/><\/p>\n<p class=\"p1\"><span class=\"s1\" style=\"font-size: 20px;\">L\u2019\u00e9vangile de ce jour est un passage de saint Matthieu \u2013 chapitre 6, versets 1 \u00e0 6 et 16 \u00e0 18 \u2013 qui incite les fid\u00e8les \u00e0 prier et agir, non pas de mani\u00e8re orgueilleuse et ostentatoire, mais dans le secret de leur c\u0153ur :<\/span><\/p>\n<blockquote>\n<p class=\"p1\"><span class=\"s1\"><i>\u00a0\u00bbQuand tu fais l\u2019aum\u00f4ne, que ta main gauche ignore ce que te donne ta main droite, afin que ton aum\u00f4ne reste dans le secret ; ton P\u00e8re voit ce que tu fais en secret.<\/i><\/span><\/p>\n<p><span class=\"s1\"><i>Quand tu pries, retire-toi au fond de ta maison, ferme la porte, et prie ton P\u00e8re qui est pr\u00e9sent dans le secret.<\/i><\/span><\/p>\n<p><em>Quand tu je\u00fbnes, parfume-toi la t\u00eate et lave-toi le visage ; ainsi ton\u00a0<a class=\"glossary-term\" title=\"Privation volontaire de nourriture en esprit de p\u00e9nitence.\" href=\"https:\/\/eglise.catholique.fr\/glossaire\/jeune\">je\u00fbne<\/a> ne sera pas connu des hommes, mais seulement du P\u00e8re qui est pr\u00e9sent dans le secret.\u00a0\u00bb<\/em><\/p><\/blockquote>\n<p>&nbsp;<\/p>\n<p><strong><span style=\"font-size: 20px; color: #ff6600;\">Le d\u00e9but d&rsquo;un chemin de conversion ,<a href=\"https:\/\/evry.catholique.fr\/mercredi-des-cendres-le-debut-dun-chemin-de-conversion\/\"> \u00e0 lire ICI<\/a><\/span><\/strong><\/p>\n<p>&nbsp;<\/p>\n<p><span style=\"font-size: 24px; color: #000080;\"><strong>Les cendres : un nouveau d\u00e9part &#8211; <a href=\"https:\/\/www.youtube.com\/watch?v=SVmFxXYta70&amp;t=4s\">voir la vid\u00e9o ICI<\/a><\/strong><\/span><\/p>\n<p>&nbsp;<\/p>\n<p><span style=\"font-size: 20px; color: #ff00ff;\"><strong>En route vers P\u00e2ques , le message de Michel Pansard, <\/strong><\/span><\/p>\n<p><span style=\"font-size: 20px; color: #ff00ff;\"><strong>\u00e9v\u00eaque d&rsquo;Evry-Corbeil-Essonnes <img decoding=\"async\" class=\"size-medium wp-image-5792 alignright\" src=\"https:\/\/www.savigny-viry-catholique.fr\/wp-content\/uploads\/2022\/10\/20221002-MesseMgr-12BW--e1677084379608-278x300.jpg\" alt=\"\" width=\"278\" height=\"300\" \/><\/strong><\/span><\/p>\n<p><em><span style=\"font-size: 16px;\">En route vers P\u00e2ques<\/span><\/em><\/p>\n<p><em><span style=\"font-size: 16px;\">Nous passons r\u00e9guli\u00e8rement des visites de contr\u00f4le de sant\u00e9, nous sommes invit\u00e9s \u00e0 une r\u00e9vision annuelle de nos v\u00e9hicules ou \u00e0 une mise \u00e0 jour de nos logiciels\u2026 Pour \u00eatre \u00e0 jour sur notre route personnelle et ensemble \u00e0 la suite du Christ, le car\u00eame nous invite \u00e0 prendre soin de nous en prenant un temps de r\u00e9ajustement sur l\u2019\u00c9vangile qu\u2019est J\u00e9sus le Seigneur de nos vies.<\/span><\/em><\/p>\n<p><em><span style=\"font-size: 16px;\">Ce r\u00e9ajustement consiste \u00e0 retrouver les bons r\u00e9glages de nos vies de disciples du Christ qui ont pu se distendre :<\/span><\/em><\/p>\n<ul>\n<li><em><span style=\"font-size: 16px;\">Retrouver le temps de l\u2019\u00e9coute du Seigneur dans le secret de sa chambre ou en petits groupes fraternels pour m\u00e9diter ensemble l\u2019\u00c9vangile et nous recharger de son amour et lui parler comme \u00e0 un ami. (la pri\u00e8re)<\/span><\/em><\/li>\n<li><em><span style=\"font-size: 16px;\">Retrouver de la sobri\u00e9t\u00e9 dans la consommation des biens, des images et les mots pour mieux go\u00fbter des moments de pr\u00e9sence, de rencontre et de fraternit\u00e9 (le je\u00fbne)<\/span><\/em><\/li>\n<li><em><span style=\"font-size: 16px;\">Retrouver le sens du partage en donnant de ce qui nous appartient pour ceux qui connaissent la pauvret\u00e9 mat\u00e9rielle et relationnelle. C\u2019est la mise en \u0153uvre concr\u00e8te de l\u2019amour que nous avons re\u00e7u et qui nous fait vivre. (le partage)<\/span><\/em><\/li>\n<\/ul>\n<p>&nbsp;<\/p>\n<p><em><span style=\"font-size: 16px;\">Suivre le Christ et \u00eatre ses t\u00e9moins dans le monde de ce temps comme s\u2019y engagent le 125 adultes et la centaine d\u2019adolescents qui recevront les sacrements de l\u2019initiation \u00e0 la vie chr\u00e9tienne n\u2019est pas une petite balade tranquille. Le car\u00eame est une marche de 46 jours, image du p\u00e8lerinage de nos vies :<\/span><\/em><\/p>\n<ul>\n<li><em><span style=\"font-size: 16px;\">c\u2019est une longue randonn\u00e9e en montagne avec des sommets et des ravins. Un entra\u00eenement, une volont\u00e9, du courage, des chaussures de marche, des vivres, des haltes et des moyens sont n\u00e9cessaires pour tenir bon et mener la couse jusqu\u2019au bout ;<\/span><\/em><\/li>\n<li><em><span style=\"font-size: 16px;\">c\u2019est aussi un combat contre les tentations du repli sur nous-m\u00eames, des lamentations, du pessimisme, des r\u00e9criminations, de la tristesse, du stress, du tout tout de suite et de tous les \u00e9teignoirs de vies ;<\/span><\/em><\/li>\n<li><em><span style=\"font-size: 16px;\">c\u2019est aussi trouver le bon rythme pour tenir bon. Ce rythme nous le trouvons en embo\u00eetant le pas de l\u2019engagement de Dieu que nous contemplons en J\u00e9sus. Tout donn\u00e9 aux autres et \u00e0 son P\u00e8re, les journ\u00e9es bien remplies de rencontres \u00e0 faire le bien, Il sait s\u2019\u00e9merveiller et rendre gr\u00e2ce de ce que les petits d\u00e9couvrent avec joie et bonheur. Les sc\u00e8nes de la vie quotidienne qu\u2019il observe, deviennent des paraboles de la proximit\u00e9 de Dieu. \u00c0 l\u2019\u00e9cart pour prier, il puise dans le d\u00e9sir du P\u00e8re la source de son agir.<\/span><\/em><\/li>\n<\/ul>\n<p>&nbsp;<\/p>\n<p><em><span style=\"font-size: 16px;\">Croyez en l\u2019\u00c9vangile et convertissez-vous !<\/span><\/em><\/p>\n<ul>\n<li><em><span style=\"font-size: 16px;\">Et si nous commencions ce car\u00eame en ravivant le don que nous avons re\u00e7u, en retrouvant la parole, le geste de J\u00e9sus qui nous a touch\u00e9 et mis en route, le dynamisme qu\u2019il a suscit\u00e9 en nous.<\/span><\/em><\/li>\n<li><em><span style=\"font-size: 16px;\">Dans un deuxi\u00e8me temps nous pourrons mesurer ce qui s\u2019est affadi, ce qui a frein\u00e9 et d\u00e9tourn\u00e9 notre ardeur premi\u00e8re, \u00e9teint la joie de l\u2019\u00c9vangile.<\/span><\/em><\/li>\n<li><em><span style=\"font-size: 16px;\">Pour nous laisser \u00e0 nouveau entra\u00eener et transfigurer par Lui en exp\u00e9rimentant la force de transformation et de rassemblement qu\u2019op\u00e8rent encore la parole et la vie donn\u00e9es de J\u00e9sus.<\/span><\/em><\/li>\n<\/ul>\n<p>&nbsp;<\/p>\n<p><em><span style=\"font-size: 16px;\">Bonne randonn\u00e9e de car\u00eame !<\/span><\/em><\/p>\n<p><em><span style=\"font-size: 16px;\">Votre fr\u00e8re et \u00e9v\u00eaque Michel qui marche avec vous et prie pour vous.<\/span><\/em><\/p>\n<p>&nbsp;<\/p>\n<p><em><span style=\"font-size: 16px;\">+ Michel Pansard<\/span><\/em><\/p>\n<p><em><span style=\"font-size: 16px;\">\u00c9v\u00eaque d\u2019\u00c9vry-Corbeil-Essonnes<\/span><\/em><\/p>\n","protected":false},"excerpt":{"rendered":"<p>Entr\u00e9e en\u00a0 Car\u00eame : \u00ab\u00a0Convertissez vous et croyez \u00e0 l&rsquo;Evangile\u00a0\u00bb &#8230;\/&#8230;<\/p>\n","protected":false},"author":990003,"featured_media":6209,"comment_status":"closed","ping_status":"closed","sticky":false,"template":"","format":"standard","meta":{"give_campaign_id":0,"footnotes":""},"categories":[1],"tags":[],"class_list":["post-6210","post","type-post","status-publish","format-standard","has-post-thumbnail","hentry","category-uncategorized"],"_links":{"self":[{"href":"https:\/\/demos.uptitude.fr\/savviry1\/wp-json\/wp\/v2\/posts\/6210","targetHints":{"allow":["GET"]}}],"collection":[{"href":"https:\/\/demos.uptitude.fr\/savviry1\/wp-json\/wp\/v2\/posts"}],"about":[{"href":"https:\/\/demos.uptitude.fr\/savviry1\/wp-json\/wp\/v2\/types\/post"}],"author":[{"embeddable":true,"href":"https:\/\/demos.uptitude.fr\/savviry1\/wp-json\/wp\/v2\/users\/990003"}],"replies":[{"embeddable":true,"href":"https:\/\/demos.uptitude.fr\/savviry1\/wp-json\/wp\/v2\/comments?post=6210"}],"version-history":[{"count":0,"href":"https:\/\/demos.uptitude.fr\/savviry1\/wp-json\/wp\/v2\/posts\/6210\/revisions"}],"wp:featuredmedia":[{"embeddable":true,"href":"https:\/\/demos.uptitude.fr\/savviry1\/wp-json\/"}],"wp:attachment":[{"href":"https:\/\/demos.uptitude.fr\/savviry1\/wp-json\/wp\/v2\/media?parent=6210"}],"wp:term":[{"taxonomy":"category","embeddable":true,"href":"https:\/\/demos.uptitude.fr\/savviry1\/wp-json\/wp\/v2\/categories?post=6210"},{"taxonomy":"post_tag","embeddable":true,"href":"https:\/\/demos.uptitude.fr\/savviry1\/wp-json\/wp\/v2\/tags?post=6210"}],"curies":[{"name":"wp","href":"https:\/\/api.w.org\/{rel}","templated":true}]}}