{"id":6225,"date":"2023-03-06T22:55:32","date_gmt":"2023-03-06T22:55:32","guid":{"rendered":"https:\/\/www.savigny-viry-catholique.fr\/?p=6225"},"modified":"2023-03-06T22:55:32","modified_gmt":"2023-03-06T22:55:32","slug":"ccfd-terre-solidaire-et-le-careme-2023","status":"publish","type":"post","link":"https:\/\/demos.uptitude.fr\/savviry1\/ccfd-terre-solidaire-et-le-careme-2023\/","title":{"rendered":"CCFD-Terre Solidaire et le Car\u00eame 2023"},"content":{"rendered":"<p><span style=\"font-size: 16px;\">Un car\u00eame contre la faim et pour la paix. Le car\u00eame est le temps privil\u00e9gi\u00e9 de la solidarit\u00e9 : c\u2019est pourquoi, comme chaque ann\u00e9e, le CCFD \u2013 Terre Solidaire invite&#8230;<\/span><\/p>\n<p><!--more--><\/p>\n<p>&nbsp;<\/p>\n<p style=\"text-align: center;\"><em><strong><span style=\"color: #0000ff;\"><span style=\"font-size: 20px;\">Samedi 25 et dimanche 26 mars : Collecte nationale du CCFD <\/span><\/span><\/strong><\/em><\/p>\n<p style=\"text-align: center;\"><em><strong><span style=\"color: #0000ff;\"><span style=\"font-size: 20px;\">\u00ab Pour tous ceux qui r\u00eavent de se nourrir en paix \u00bb. <\/span><\/span><\/strong><\/em><\/p>\n<p style=\"text-align: justify;\"><strong><span style=\"font-size: 20px;\">C\u2019est le th\u00e8me choisi en <\/span><span style=\"font-size: 20px;\">ce Car\u00eame 2023. La premi\u00e8re cause de la faim, ce sont les conflits.<\/span><\/strong><\/p>\n<p style=\"text-align: justify;\"><strong><span style=\"font-size: 20px;\"> En perturbant <\/span><span style=\"font-size: 20px;\">les r\u00e9coltes agricoles, la guerre prive les communaut\u00e9s de leur acc\u00e8s \u00e0 la <\/span><span style=\"font-size: 20px;\">nourriture, mais aussi, \u00e0 l\u2019eau, la sant\u00e9 et \u00e0 l\u2019\u00e9ducation. <\/span><\/strong><\/p>\n<p style=\"text-align: justify;\"><strong><span style=\"font-size: 20px;\">En 2021, plus de 84 <\/span><span style=\"font-size: 20px;\">millions de personnes dans le monde fuyaient des violences. Si rien ne change, <\/span><span style=\"font-size: 20px;\">en 2030 deux tiers des personnes en situation d\u2019extr\u00eame pauvret\u00e9 dans le monde <\/span><span style=\"font-size: 20px;\">habiteront ainsi dans des r\u00e9gions en proie aux conflits.<\/span><\/strong><br \/>\n<strong><span style=\"font-size: 20px;\">En ce 5\u00e8me dimanche de Car\u00eame, le CCFD-Terre Solidaire fait appel \u00e0 votre <\/span><span style=\"font-size: 20px;\">g\u00e9n\u00e9rosit\u00e9 pour agir contre la faim <\/span><\/strong><\/p>\n<p style=\"text-align: justify;\"><strong><span style=\"font-size: 20px;\">Nous pouvons toutes et tous \u00eatre forces du <\/span><span style=\"font-size: 20px;\">changement l\u00e0 o\u00f9 nous vivons. <\/span><\/strong><\/p>\n<p style=\"text-align: justify;\"><strong><span style=\"font-size: 20px;\">Nous pouvons tous apporter notre <\/span><span style=\"font-size: 20px;\">contribution pour soutenir des actions dans le monde entier.<\/span><\/strong><\/p>\n<p style=\"text-align: justify;\"><strong><span style=\"font-size: 20px;\">Un grand merci pour votre participation g\u00e9n\u00e9reuse.<\/span><\/strong><\/p>\n<p>&nbsp;<\/p>\n<p><span style=\"font-size: 16px;\">Mand\u00e9 par les \u00e9v\u00eaques de France il y a plus de soixante ans, guid\u00e9 par une coordination de mouvements de jeunes et d\u2019adultes, en union avec le Dicast\u00e8re pour le service du d\u00e9veloppement humain <\/span><span style=\"font-size: 16px;\">int\u00e9gral, en lien avec des institutions internationales comme l\u2019Organisation des Nations-Unies pour l\u2019alimentation et l\u2019agriculture (FAO) ou nationales comme l\u2019Agence fran\u00e7aise pour le d\u00e9veloppement <\/span><span style=\"font-size: 16px;\">(AFD),\u00a0 l\u2019ambition du CCFD \u2013 Terre Solidaire est intacte :<\/span><\/p>\n<p><span style=\"font-size: 16px;\">\uf0b7 informer les fran\u00e7ais et de leur faire d\u00e9couvrir la n\u00e9cessit\u00e9 et leur donner les moyens d\u2019\u00eatre solidaires,<\/span><\/p>\n<p><span style=\"font-size: 16px;\">\uf0b7 aider les dioc\u00e8ses qui le d\u00e9sirent \u00e0 r\u00e9pondre aux d\u00e9fis de la solidarit\u00e9 internationale,<\/span><\/p>\n<p><span style=\"font-size: 16px;\">\uf0b7 permettre aux catholiques fran\u00e7ais de devenir acteurs du d\u00e9veloppement en soutenant moralement et financi\u00e8rement des partenaires locaux.<\/span><\/p>\n<p><span style=\"font-size: 16px;\">Le car\u00eame est le temps privil\u00e9gi\u00e9 de la solidarit\u00e9 : c\u2019est pourquoi, comme chaque ann\u00e9e, le CCFD \u2013 Terre Solidaire invite des partenaires \u00e0 venir en France pour faire conna\u00eetre leur situation et leur travail.<\/span><\/p>\n<p><span style=\"font-size: 16px;\"><img fetchpriority=\"high\" decoding=\"async\" class=\"alignleft wp-image-6229 size-full\" src=\"https:\/\/www.savigny-viry-catholique.fr\/wp-content\/uploads\/2023\/03\/190307-CCFD.jpg\" alt=\"\" width=\"620\" height=\"348\" \/>Le 5\u00e8me dimanche de Car\u00eame est le jour imparti pour la qu\u00eate dans les \u00e9glises. Cette qu\u00eate est d\u2019une tr\u00e8s grande importance : non seulement elle donne les moyens au CCFD de soutenir ses partenaires mais, lorsque le CCFD participe \u00e0 des programmes soutenus aussi par d\u2019autres associations ou gouvernements, elle assure son ind\u00e9pendance.<\/span><\/p>\n<p><span style=\"font-size: 16px;\">Le Pape Fran\u00e7ois de Laudato Si\u2019 \u00e0 Fratelli Tutti invite \u00e0 temps et \u00e0 contre temps \u00e0 avoir un c\u0153ur ouvert sur le monde. C\u2019est le but du CCFD -Terre Solidaire !<\/span><\/p>\n<p><span style=\"font-size: 16px;\">La faim ! Le drame de ceux qui n\u2019ont pas de quoi nourrir leurs enfants !<\/span><\/p>\n<p><span style=\"font-size: 16px;\">La faim renferme, divise, fracture. Elle est cause de conflits.<\/span><\/p>\n<p><span style=\"font-size: 16px;\">Et les conflits, \u00e0 leur tour, engendrent la faim en d\u00e9truisant les r\u00e9coltes et en appauvrissant les peuples.<\/span><\/p>\n<p><span style=\"font-size: 16px;\">C\u2019est pourquoi le CCFD-Terre Solidaire propose une campagne contre les causes de la faim en invitant lors de ce car\u00eame \u00e0 prier et \u00e0 agir ensemble pour construire la paix avec ce slogan :<\/span><\/p>\n<p><span style=\"font-size: 16px; color: #0000ff;\"><strong>\u00ab Pour tous ceux qui r\u00eavent de se nourrir en paix \u00bb.<\/strong><\/span><\/p>\n<p>&nbsp;<\/p>\n<p>&nbsp;<\/p>\n<p><span style=\"font-size: 16px;\"><strong>Plus d\u2019information sur le <a href=\"https:\/\/ccfd-terresolidaire.org\/campagne\/careme\/\">site du CCFD-Terre Solidaire &#8211; ICI<\/a><\/strong><\/span><\/p>\n","protected":false},"excerpt":{"rendered":"<p>Un car\u00eame contre la faim et pour la paix. Le car\u00eame est le temps privil\u00e9gi\u00e9 de la solidarit\u00e9 : c\u2019est pourquoi, comme chaque ann\u00e9e, le CCFD \u2013 Terre Solidaire invite&#8230;<\/p>\n","protected":false},"author":990003,"featured_media":6228,"comment_status":"closed","ping_status":"closed","sticky":false,"template":"","format":"standard","meta":{"give_campaign_id":0,"footnotes":""},"categories":[1],"tags":[],"class_list":["post-6225","post","type-post","status-publish","format-standard","has-post-thumbnail","hentry","category-uncategorized"],"_links":{"self":[{"href":"https:\/\/demos.uptitude.fr\/savviry1\/wp-json\/wp\/v2\/posts\/6225","targetHints":{"allow":["GET"]}}],"collection":[{"href":"https:\/\/demos.uptitude.fr\/savviry1\/wp-json\/wp\/v2\/posts"}],"about":[{"href":"https:\/\/demos.uptitude.fr\/savviry1\/wp-json\/wp\/v2\/types\/post"}],"author":[{"embeddable":true,"href":"https:\/\/demos.uptitude.fr\/savviry1\/wp-json\/wp\/v2\/users\/990003"}],"replies":[{"embeddable":true,"href":"https:\/\/demos.uptitude.fr\/savviry1\/wp-json\/wp\/v2\/comments?post=6225"}],"version-history":[{"count":0,"href":"https:\/\/demos.uptitude.fr\/savviry1\/wp-json\/wp\/v2\/posts\/6225\/revisions"}],"wp:featuredmedia":[{"embeddable":true,"href":"https:\/\/demos.uptitude.fr\/savviry1\/wp-json\/"}],"wp:attachment":[{"href":"https:\/\/demos.uptitude.fr\/savviry1\/wp-json\/wp\/v2\/media?parent=6225"}],"wp:term":[{"taxonomy":"category","embeddable":true,"href":"https:\/\/demos.uptitude.fr\/savviry1\/wp-json\/wp\/v2\/categories?post=6225"},{"taxonomy":"post_tag","embeddable":true,"href":"https:\/\/demos.uptitude.fr\/savviry1\/wp-json\/wp\/v2\/tags?post=6225"}],"curies":[{"name":"wp","href":"https:\/\/api.w.org\/{rel}","templated":true}]}}