{"id":6275,"date":"2023-04-01T18:41:54","date_gmt":"2023-04-01T18:41:54","guid":{"rendered":"https:\/\/www.savigny-viry-catholique.fr\/?p=6275"},"modified":"2023-04-01T18:41:54","modified_gmt":"2023-04-01T18:41:54","slug":"le-frat-de-lourdes","status":"publish","type":"post","link":"https:\/\/demos.uptitude.fr\/savviry1\/le-frat-de-lourdes\/","title":{"rendered":"Le FRAT de LOURDES"},"content":{"rendered":"<p>Du 23 au 28 avril, une douzaine de jeunes du secteur Savigny-Viry participeront au FRAT &#8230;\/&#8230;<\/p>\n<p><!--more--><\/p>\n<p><span style=\"font-size: 20px;\">Le FRAT est un rassemblement propos\u00e9 par l\u2019Association LE FRATERNEL \u00e0 l\u2019invitation des huit \u00e9v\u00eaques d\u2019Ile-de-France.<\/span><\/p>\n<p><span style=\"font-size: 20px;\">Il se d\u00e9roulera du<strong>\u00a023 au 28 avril 2023<\/strong>\u00a0\u00e0 Lourdes (65) et s\u2019adressera\u00a0<strong>aux Lyc\u00e9ens<\/strong>.<\/span><\/p>\n<p>&nbsp;<\/p>\n<p style=\"text-align: center;\"><img fetchpriority=\"high\" decoding=\"async\" class=\"wp-image-6277 alignleft\" src=\"https:\/\/www.savigny-viry-catholique.fr\/wp-content\/uploads\/2023\/04\/frat-visuel2023-214x300.jpeg\" alt=\"\" width=\"400\" height=\"560\" \/><span style=\"font-size: 24px;\"><strong><span style=\"color: #ff0000;\">N&rsquo;AYEZ PAS PEUR !<\/span><\/strong><\/span><\/p>\n<p><span style=\"font-size: 20px;\">Tel est le th\u00e8me propos\u00e9 cette ann\u00e9e.<\/span><\/p>\n<p><span style=\"font-size: 20px;\"><strong><span style=\"color: #0000ff;\">Une douzaine de jeunes du secteur vont y participer\u00a0<\/span><\/strong><\/span><\/p>\n<p>&nbsp;<\/p>\n<p><span style=\"font-size: 16px;\">Le FRAT est un p\u00e8lerinage voulu et anim\u00e9 par les \u00e9v\u00eaques d\u2019Ile-de-France qui rassemble les jeunes chr\u00e9tiens des huit dioc\u00e8ses pendant 3-4 jours. Il est mis en oeuvre par l\u2019association du Fraternel.<\/span><\/p>\n<p><span style=\"font-size: 16px;\">Les ann\u00e9es impaires, le rassemblement a lieu \u00e0 Jambville et concerne les 4\u00e8me et 3\u00e8me (13 \u00e0 15 ans) et les ann\u00e9es paires, le FRAT a lieu \u00e0 Lourdes et rassemblent les lyc\u00e9ens (15 \u00e0 18 ans).<\/span><\/p>\n<p>&nbsp;<\/p>\n<p><span style=\"font-size: 16px;\">Le FRAT c\u2019est \u00e0 la fois l\u2019apprentissage de la vie en communaut\u00e9 avec son groupe mais \u00e9galement et surtout des moments de partages liturgiques et ludiques. L\u2019objectif est d\u2019offrir aux jeunes l\u2019alchimie la mieux adapt\u00e9e pour qu\u2019ils exp\u00e9rimentent pleinement l\u2019essence du FRAT : \u00ab Prier, Chanter, Rencontrer \u00bb.<\/span><\/p>\n<p><span style=\"font-size: 16px;\">Ainsi, le p\u00e8lerinage propose des :<\/span><\/p>\n<ul>\n<li><span style=\"font-size: 16px;\">C\u00e9l\u00e9brations : temps liturgiques rassemblant 10 000 personnes<\/span><\/li>\n<li><span style=\"font-size: 16px;\">Carrefours : temps de partage en petit groupe de 8 jeunes avec un animateur pour r\u00e9fl\u00e9chir en profondeur et permettre \u00e0 chacun de s\u2019exprimer sur un th\u00e8me donn\u00e9<\/span><\/li>\n<li><span style=\"font-size: 16px;\">Temps d\u2019int\u00e9riorit\u00e9 et de pri\u00e8re<\/span><\/li>\n<li><span style=\"font-size: 16px;\">Temps de t\u00e9moignage de personnes venues parler de leur foi et de leur parcours<\/span><\/li>\n<li><span style=\"font-size: 16px;\">Temps de rencontre, de joie, de jeux, d\u2019amiti\u00e9<\/span><\/li>\n<li><span style=\"font-size: 16px;\">\u00a0\u2026<\/span><\/li>\n<\/ul>\n<p><span style=\"font-size: 16px;\">Les sacrements, la pr\u00e9sence et la parole des Ev\u00eaques, les c\u00e9l\u00e9brations \u00e0 10 000, les rencontres en petits groupes, l\u2019intervention des t\u00e9moins et les enseignements pratiques sur la pri\u00e8re donnent des clefs \u00e0 chaque jeune pour qu\u2019ils d\u00e9couvrent, red\u00e9couvrent ou encore approfondissent leur foi.<\/span><\/p>\n<p><span style=\"font-size: 16px;\">Il faut voir et entendre l\u2019enthousiasme des frateux grandissant au fil des jours !<\/span><\/p>\n<p style=\"text-align: center;\"><a href=\"https:\/\/frat.org\/\"><span style=\"font-size: 20px; color: #0000ff;\">Le site officiel du FRAT est accessible ICI<\/span><\/a><\/p>\n<p style=\"text-align: center;\"><span style=\"font-size: 16px;\">La video de pr\u00e9sentation en cliquant sur l&rsquo;image<\/span><\/p>\n<p><a href=\"https:\/\/www.youtube.com\/watch?v=Us0Ph47-1qg&amp;list=TLGG_QuWiZqrbWUwMTA0MjAyMw&amp;t=106s\"><img decoding=\"async\" class=\"wp-image-6280 aligncenter\" src=\"https:\/\/www.savigny-viry-catholique.fr\/wp-content\/uploads\/2023\/04\/Frat-2023-video-300x156.jpg\" alt=\"\" width=\"450\" height=\"233\" \/><\/a><\/p>\n<p>&nbsp;<\/p>\n<p><span style=\"font-size: 20px;\"><strong>Les infos du dioc\u00e8se concernant<a href=\"https:\/\/evry.catholique.fr\/evenement\/rassemblement-frat-lourdes\/\"> le FRAT : ICI<\/a><\/strong><\/span><\/p>\n<p>&nbsp;<\/p>\n<p>&nbsp;<\/p>\n","protected":false},"excerpt":{"rendered":"<p>Du 23 au 28 avril, une douzaine de jeunes du secteur Savigny-Viry participeront au FRAT &#8230;\/&#8230;<\/p>\n","protected":false},"author":990003,"featured_media":6278,"comment_status":"closed","ping_status":"closed","sticky":false,"template":"","format":"standard","meta":{"give_campaign_id":0,"footnotes":""},"categories":[1],"tags":[],"class_list":["post-6275","post","type-post","status-publish","format-standard","has-post-thumbnail","hentry","category-uncategorized"],"_links":{"self":[{"href":"https:\/\/demos.uptitude.fr\/savviry1\/wp-json\/wp\/v2\/posts\/6275","targetHints":{"allow":["GET"]}}],"collection":[{"href":"https:\/\/demos.uptitude.fr\/savviry1\/wp-json\/wp\/v2\/posts"}],"about":[{"href":"https:\/\/demos.uptitude.fr\/savviry1\/wp-json\/wp\/v2\/types\/post"}],"author":[{"embeddable":true,"href":"https:\/\/demos.uptitude.fr\/savviry1\/wp-json\/wp\/v2\/users\/990003"}],"replies":[{"embeddable":true,"href":"https:\/\/demos.uptitude.fr\/savviry1\/wp-json\/wp\/v2\/comments?post=6275"}],"version-history":[{"count":0,"href":"https:\/\/demos.uptitude.fr\/savviry1\/wp-json\/wp\/v2\/posts\/6275\/revisions"}],"wp:featuredmedia":[{"embeddable":true,"href":"https:\/\/demos.uptitude.fr\/savviry1\/wp-json\/"}],"wp:attachment":[{"href":"https:\/\/demos.uptitude.fr\/savviry1\/wp-json\/wp\/v2\/media?parent=6275"}],"wp:term":[{"taxonomy":"category","embeddable":true,"href":"https:\/\/demos.uptitude.fr\/savviry1\/wp-json\/wp\/v2\/categories?post=6275"},{"taxonomy":"post_tag","embeddable":true,"href":"https:\/\/demos.uptitude.fr\/savviry1\/wp-json\/wp\/v2\/tags?post=6275"}],"curies":[{"name":"wp","href":"https:\/\/api.w.org\/{rel}","templated":true}]}}