{"id":6298,"date":"2023-05-17T17:28:17","date_gmt":"2023-05-17T17:28:17","guid":{"rendered":"https:\/\/www.savigny-viry-catholique.fr\/?p=6298"},"modified":"2023-05-17T17:28:17","modified_gmt":"2023-05-17T17:28:17","slug":"journee-en-secteur","status":"publish","type":"post","link":"https:\/\/demos.uptitude.fr\/savviry1\/journee-en-secteur\/","title":{"rendered":"Journ\u00e9e en secteur"},"content":{"rendered":"<div dir=\"ltr\">\n<div>Le secteur de Savigny-Viry est heureux de vous convier \u00e0 une journ\u00e9e en secteur sur les pas de la Bienheureuse Marie Poussepin, figure de saintet\u00e9 de notre dioc\u00e8se&#8230;.\/..<\/div>\n<\/div>\n<p><!--more--><\/p>\n<p><span style=\"color: #0000ff;\"><strong><span style=\"font-size: 20px;\"><img fetchpriority=\"high\" decoding=\"async\" class=\"alignleft wp-image-6297 size-full\" src=\"https:\/\/www.savigny-viry-catholique.fr\/wp-content\/uploads\/2023\/04\/journee-secteur2023-copie.jpg\" alt=\"\" width=\"647\" height=\"913\" \/><\/span><\/strong><\/span><\/p>\n<p>&nbsp;<\/p>\n<p style=\"text-align: justify;\"><span style=\"font-size: 16px;\"><span style=\"font-size: 24px;\">D<\/span>epuis bient\u00f4t 20 ans, notre secteur pastoral de Savigny Viry a la joie de se retrouver pour effectuer son rassemblement annuel.<\/span><br \/>\n<span style=\"font-size: 16px;\">Les contraintes sanitaires de ces derni\u00e8res ann\u00e9es nous ont priv\u00e9s de ce moment de partage, <\/span><span style=\"font-size: 16px;\">de convivialit\u00e9 et de pri\u00e8re.<\/span><br \/>\n<span style=\"font-size: 16px;\">R\u00e9jouissons-nous ! Le samedi 10 juin 2023, nous sommes invit\u00e9s \u00e0 partir pour marcher \u00e0 la <\/span><span style=\"font-size: 16px;\">rencontre de Marie Poussepin, patronne secondaire de notre dioc\u00e8se, sur les routes et les chemins de la Beauce.<\/span><br \/>\n<span style=\"font-size: 16px;\">Entre Dourdan et Sainville, o\u00f9 Marie Poussepin s\u2019\u00e9tablit et fonda le couvent des s\u0153urs Dominicaines de la Pr\u00e9sentation.<\/span><br \/>\n<span style=\"font-size: 16px;\">Venez nombreux d\u00e9couvrir la vie et l\u2019\u0153uvre de cette infatigable missionnaire de la charit\u00e9, lors <\/span><span style=\"font-size: 16px;\">d\u2019une journ\u00e9e de p\u00e8lerinage ouverte \u00e0 tous.<\/span><br \/>\n<span style=\"font-size: 16px;\">Marcheurs, non marcheurs, jeunes, moins jeunes, enfants, adolescents, en famille, en groupe,<\/span><br \/>\n<span style=\"font-size: 16px;\">seul, chacun pourra vivre \u00e0 sa mani\u00e8re ce temps de d\u00e9couverte, de partage et de pri\u00e8re.<\/span><br \/>\n<span style=\"font-size: 16px;\">Ne manquez pas ce rendez-vous, c\u2019est une occasion inestimable de renforcer nos liens, de vivifier notre foi et de semer des grains de fraternit\u00e9, \u00e0 l\u2019image de cette devise des s\u0153urs de Sainville :<\/span><br \/>\n<span style=\"color: #0000ff;\"><strong><em><span style=\"font-size: 16px;\">\u00ab Le grain de bl\u00e9 sem\u00e9 en Beauce a port\u00e9 cent pour un \u00bb <\/span><\/em><\/strong><\/span><\/p>\n<p style=\"text-align: justify;\"><span style=\"font-size: 16px;\">Nicky<\/span><\/p>\n<p>&nbsp;<\/p>\n<p><span style=\"color: #0000ff;\"><strong><span style=\"font-size: 20px;\">QUI EST MARIE POUSSEPIN ?<\/span><\/strong><\/span><\/p>\n<p style=\"text-align: justify;\"><span style=\"font-size: 16px;\">Native de Dourdan (Essonne), Marie Poussepin (1653-1744), qui, la premi\u00e8re, a introduit le m\u00e9tier \u00e0 tisser dans l\u2019industrie de la laine, a \u00e9t\u00e9 b\u00e9atifi\u00e9e le 20 octobre 1994 par le pape Jean Paul II.<\/span><\/p>\n<p style=\"text-align: justify;\"><span style=\"font-size: 16px;\">La sainte femme a fond\u00e9 la congr\u00e9gation des s\u0153urs dominicaines de la Pr\u00e9sentation qui a essaim\u00e9 \u00e0 travers le monde.<\/span><br \/>\n<span style=\"font-size: 16px;\">Personne n\u2019a jamais entendu parler d\u2019elle. \u00ab\u00a0Le bien fait si peu de bruit\u00a0\u00bb, soupirait pieusement le chanoine Po\u00fcan en 1894.<\/span><\/p>\n<p style=\"text-align: justify;\"><span style=\"font-size: 16px;\">Marie est l\u2019a\u00een\u00e9e, suivie d\u2019Anne, Julienne, Elisabeth, Claude, Claude et Claude. Claude est aussi le nom du papa : pour qu\u2019il en reste un, il fallait investir\u00a0! Vingt ans plus tard, seuls ont surv\u00e9cu Marie et le dernier petit Claude.<\/span><br \/>\n<span style=\"font-size: 16px;\">Le p\u00e8re, assis sur son atelier de tricot, est \u00e0 Dourdan \u00a0<em>\u2018\u2019une haulte personne\u2019\u2019<\/em>, il est premier marguillier, c\u2019est-\u00e0-dire administrateur des biens de la paroisse, et collecteur de la taille pour Dourdan, l\u2019imp\u00f4t royal.<\/span><\/p>\n<p style=\"text-align: justify;\"><span style=\"font-size: 16px;\">\u00a0Le 14 octobre 1695, le jour de ses 42 ans, elle annonce \u00e0 son fr\u00e8re qu\u2019elle quitte Dourdan, pour s\u2019installer \u00e0 Sainville, un patelin en pleine Beauce \u00e0 dix-sept kilom\u00e8tres de la ville natale.<\/span><br \/>\n<span style=\"font-size: 16px;\">A nouveau, elle fait merveille. Elle cr\u00e9e une communaut\u00e9, recueille des orphelines \u00ab\u00a0sans aveu et sans secours\u00a0\u00bb, ouvre une \u00e9cole de filles ignorantes auxquelles elle apprend un m\u00e9tier, le tricot, ce qui semble parfaitement incongru aux notables de l\u2019endroit.<\/span><br \/>\n<span style=\"font-size: 16px;\">Marie refuse les dons, les s\u0153urs vivent chichement du travail de leurs bas de soie, la Providence suppl\u00e9e au reste.<\/span><br \/>\n<span style=\"font-size: 16px;\">Elle s\u2019y sent vite \u00e0 l\u2019\u00e9troit.<\/span><\/p>\n<p style=\"text-align: justify;\"><span style=\"font-size: 16px;\">Elle fonde une autre communaut\u00e9 \u00e0 Auneau, puis \u00e0 Meung sur Loire, \u00e0 Jouagny, \u00e0 Massy, \u00e0 Chilly Mazarin\u2026<\/span><br \/>\n<span style=\"font-size: 16px;\">En 1725, elle a 72 ans (une performance \u00e0 une \u00e9poque o\u00f9 on ne d\u00e9passe pas facilement la cinquantaine) et est \u00e0 la t\u00eate de vingt \u00e9tablissements.<\/span><\/p>\n<p style=\"text-align: justify;\"><span style=\"font-size: 16px;\">Les s\u0153urs dominicaines de la Pr\u00e9sentation gardent \u00e0 Tours l\u2019unique portrait de la m\u00e8re fondatrice. Elle mour\u00fbt \u00e0 90 ans et trois mois, un samedi, jour de la Sainte Vierge Marie.<\/span><\/p>\n<p style=\"text-align: justify;\"><span style=\"font-size: 16px;\">(source\u00a0: secteur de Dourdan)<\/span><\/p>\n<p>&nbsp;<\/p>\n","protected":false},"excerpt":{"rendered":"<p>Le secteur de Savigny-Viry est heureux de vous convier \u00e0 une journ\u00e9e en secteur sur les pas de la Bienheureuse Marie Poussepin, figure de saintet\u00e9 de notre dioc\u00e8se&#8230;.\/..<\/p>\n","protected":false},"author":990003,"featured_media":6301,"comment_status":"closed","ping_status":"closed","sticky":false,"template":"","format":"standard","meta":{"give_campaign_id":0,"footnotes":""},"categories":[1],"tags":[],"class_list":["post-6298","post","type-post","status-publish","format-standard","has-post-thumbnail","hentry","category-uncategorized"],"_links":{"self":[{"href":"https:\/\/demos.uptitude.fr\/savviry1\/wp-json\/wp\/v2\/posts\/6298","targetHints":{"allow":["GET"]}}],"collection":[{"href":"https:\/\/demos.uptitude.fr\/savviry1\/wp-json\/wp\/v2\/posts"}],"about":[{"href":"https:\/\/demos.uptitude.fr\/savviry1\/wp-json\/wp\/v2\/types\/post"}],"author":[{"embeddable":true,"href":"https:\/\/demos.uptitude.fr\/savviry1\/wp-json\/wp\/v2\/users\/990003"}],"replies":[{"embeddable":true,"href":"https:\/\/demos.uptitude.fr\/savviry1\/wp-json\/wp\/v2\/comments?post=6298"}],"version-history":[{"count":0,"href":"https:\/\/demos.uptitude.fr\/savviry1\/wp-json\/wp\/v2\/posts\/6298\/revisions"}],"wp:featuredmedia":[{"embeddable":true,"href":"https:\/\/demos.uptitude.fr\/savviry1\/wp-json\/"}],"wp:attachment":[{"href":"https:\/\/demos.uptitude.fr\/savviry1\/wp-json\/wp\/v2\/media?parent=6298"}],"wp:term":[{"taxonomy":"category","embeddable":true,"href":"https:\/\/demos.uptitude.fr\/savviry1\/wp-json\/wp\/v2\/categories?post=6298"},{"taxonomy":"post_tag","embeddable":true,"href":"https:\/\/demos.uptitude.fr\/savviry1\/wp-json\/wp\/v2\/tags?post=6298"}],"curies":[{"name":"wp","href":"https:\/\/api.w.org\/{rel}","templated":true}]}}