{"id":6320,"date":"2023-04-21T16:53:41","date_gmt":"2023-04-21T16:53:41","guid":{"rendered":"https:\/\/www.savigny-viry-catholique.fr\/?p=6320"},"modified":"2023-04-21T16:53:41","modified_gmt":"2023-04-21T16:53:41","slug":"30-avril-2023-journee-mondiale-de-priere-pour-les-vocations","status":"publish","type":"post","link":"https:\/\/demos.uptitude.fr\/savviry1\/30-avril-2023-journee-mondiale-de-priere-pour-les-vocations\/","title":{"rendered":"30 avril 2023 : Journ\u00e9e mondiale de pri\u00e8re pour les vocations"},"content":{"rendered":"<p>&nbsp;<\/p>\n<div class=\"wpb_text_column wpb_content_element \">\n<div class=\"wpb_wrapper\">\n<div class=\"spotlight01\">\n<p><span style=\"font-size: 20px;\">La journ\u00e9e du 4<sup>\u00e8me<\/sup> dimanche de P\u00e2ques rappelle l\u2019importance de prier pour les vocations. C\u2019est une journ\u00e9e d\u2019invitation \u00e0 la r\u00e9flexion&#8230;\/&#8230;<\/span><\/p>\n<hr \/>\n<p><span style=\"font-size: 20px;\"><img fetchpriority=\"high\" decoding=\"async\" class=\"alignleft wp-image-6319\" src=\"https:\/\/www.savigny-viry-catholique.fr\/wp-content\/uploads\/2023\/04\/Journee-mondiale-priere-vocations2023-300x210.jpg\" alt=\"\" width=\"450\" height=\"315\" \/><\/span><\/p>\n<p>&nbsp;<\/p>\n<p><span style=\"font-size: 20px;\">Depuis plus de 50 ans \u2013 \u00e0 l\u2019initiative de la France qui fut la premi\u00e8re \u00e0 cr\u00e9er un Service national des vocations en 1959 et \u00e0 sugg\u00e9rer au pape Paul VI d\u2019instaurer une Journ\u00e9e Mondiale de pri\u00e8re pour les vocations \u2013 la journ\u00e9e du 4<sup>\u00e8me<\/sup> dimanche de P\u00e2ques rappelle l\u2019importance de prier pour les vocations. Elle est par cons\u00e9quent une journ\u00e9e mobile dans le calendrier. En 2023, elle a lieu le 30 avril.<\/span><\/p>\n<\/div>\n<\/div>\n<\/div>\n<p><span style=\"font-size: 20px;\">C\u2019est une journ\u00e9e d\u2019invitation \u00e0 la r\u00e9flexion : quand on parle de vocation, on parle de ce qui touche l\u2019\u00eatre humain au plus intime de sa libert\u00e9. C\u2019est aussi une journ\u00e9e d\u2019invitation \u00e0 la pri\u00e8re : pour qu\u2019une libert\u00e9 humaine d\u00e9couvre son chemin, elle a besoin d\u2019\u00eatre \u00e9clair\u00e9e et stimul\u00e9e. C\u2019est le r\u00f4le du Saint Esprit.<\/span><\/p>\n<p>&nbsp;<\/p>\n<p><a href=\"https:\/\/eglise.catholique.fr\/vatican\/messages-du-pape-francois\/495748-message-du-pape-pour-la-journee-mondiale-de-priere-pour-les-vocations\/\"><strong><span style=\"color: #0000ff; font-size: 20px;\">Message du Pape Fran\u00e7ois pour la journ\u00e9e mondiale de pri\u00e8re pour les vocations\u00a0<\/span><\/strong><\/a><\/p>\n<p>&nbsp;<\/p>\n<p>&nbsp;<\/p>\n<div><\/div>\n<p><span style=\"font-size: 20px;\">A l\u2019occasion de cette journ\u00e9e des vocations, le groupe Galates-Essonne \u00ab Tous baptis\u00e9s en Christ \u00bb, qui rassemble une centaine de catholiques du dioc\u00e8se d\u2019\u00c9vry, a publi\u00e9 un document, fruit d\u2019un long travail de r\u00e9flexion. <a href=\"https:\/\/evry.catholique.fr\/60e-journee-mondiale-de-priere-pour-les-vocations\/\">En savoir plus ICI<\/a><\/span><\/p>\n","protected":false},"excerpt":{"rendered":"<p>&nbsp; La journ\u00e9e du 4\u00e8me dimanche de P\u00e2ques rappelle l\u2019importance de prier pour les vocations. C\u2019est une journ\u00e9e d\u2019invitation \u00e0 la r\u00e9flexion&#8230;\/&#8230; &nbsp; Depuis plus de 50 ans \u2013 \u00e0 l\u2019initiative de la France qui fut la premi\u00e8re \u00e0&hellip;<\/p>\n","protected":false},"author":990003,"featured_media":6319,"comment_status":"closed","ping_status":"closed","sticky":false,"template":"","format":"standard","meta":{"give_campaign_id":0,"footnotes":""},"categories":[1],"tags":[],"class_list":["post-6320","post","type-post","status-publish","format-standard","has-post-thumbnail","hentry","category-uncategorized"],"_links":{"self":[{"href":"https:\/\/demos.uptitude.fr\/savviry1\/wp-json\/wp\/v2\/posts\/6320","targetHints":{"allow":["GET"]}}],"collection":[{"href":"https:\/\/demos.uptitude.fr\/savviry1\/wp-json\/wp\/v2\/posts"}],"about":[{"href":"https:\/\/demos.uptitude.fr\/savviry1\/wp-json\/wp\/v2\/types\/post"}],"author":[{"embeddable":true,"href":"https:\/\/demos.uptitude.fr\/savviry1\/wp-json\/wp\/v2\/users\/990003"}],"replies":[{"embeddable":true,"href":"https:\/\/demos.uptitude.fr\/savviry1\/wp-json\/wp\/v2\/comments?post=6320"}],"version-history":[{"count":0,"href":"https:\/\/demos.uptitude.fr\/savviry1\/wp-json\/wp\/v2\/posts\/6320\/revisions"}],"wp:featuredmedia":[{"embeddable":true,"href":"https:\/\/demos.uptitude.fr\/savviry1\/wp-json\/"}],"wp:attachment":[{"href":"https:\/\/demos.uptitude.fr\/savviry1\/wp-json\/wp\/v2\/media?parent=6320"}],"wp:term":[{"taxonomy":"category","embeddable":true,"href":"https:\/\/demos.uptitude.fr\/savviry1\/wp-json\/wp\/v2\/categories?post=6320"},{"taxonomy":"post_tag","embeddable":true,"href":"https:\/\/demos.uptitude.fr\/savviry1\/wp-json\/wp\/v2\/tags?post=6320"}],"curies":[{"name":"wp","href":"https:\/\/api.w.org\/{rel}","templated":true}]}}