{"id":6333,"date":"2023-05-05T16:24:28","date_gmt":"2023-05-05T16:24:28","guid":{"rendered":"https:\/\/www.savigny-viry-catholique.fr\/?p=6333"},"modified":"2023-05-05T16:24:28","modified_gmt":"2023-05-05T16:24:28","slug":"un-jour-a-lisieux","status":"publish","type":"post","link":"https:\/\/demos.uptitude.fr\/savviry1\/un-jour-a-lisieux\/","title":{"rendered":"Un jour \u00e0 Lisieux"},"content":{"rendered":"<p>&nbsp;<\/p>\n<h1><span style=\"font-size: 14px;\">Rassemblement \u00e0 Lisieux pour les 6\u00e8me\/5\u00e8me de toute l\u2019\u00eele de France , samedi 13 mai 2023 &#8230;\/&#8230;<\/span><\/h1>\n<p><!--more--><\/p>\n<p>&nbsp;<\/p>\n<p><span style=\"font-size: 16px;\"><img decoding=\"async\" class=\"size-medium wp-image-6335 alignleft\" src=\"https:\/\/www.savigny-viry-catholique.fr\/wp-content\/uploads\/2023\/05\/Lisieux-6eme-300x164.jpg\" alt=\"\" width=\"300\" height=\"164\" \/>Un rassemblement pour\u00a0:<\/span><br \/>\n<span style=\"font-size: 16px;\"><img decoding=\"async\" src=\"https:\/\/www.sdaep91.fr\/local\/cache-vignettes\/L8xH11\/puce-32883.gif?1498125142\" alt=\"-\" width=\"8\" height=\"11\" \/>\u00a0Vivre un temps fort de l\u2019Eglise<\/span><br \/>\n<span style=\"font-size: 16px;\"><img decoding=\"async\" src=\"https:\/\/www.sdaep91.fr\/local\/cache-vignettes\/L8xH11\/puce-32883.gif?1498125142\" alt=\"-\" width=\"8\" height=\"11\" \/>\u00a0D\u00e9couvrir un t\u00e9moin de la foi Sainte Th\u00e9r\u00e8se, patronne des missions<\/span><br \/>\n<span style=\"font-size: 16px;\"><img decoding=\"async\" src=\"https:\/\/www.sdaep91.fr\/local\/cache-vignettes\/L8xH11\/puce-32883.gif?1498125142\" alt=\"-\" width=\"8\" height=\"11\" \/>\u00a0Vivre un temps de p\u00e8lerinage<\/span><\/p>\n<p><span style=\"font-size: 16px;\">L\u2019Aum\u00f4nerie de l&rsquo;Enseignement Public\u00a0 est appel\u00e9e \u00e0 s\u2019ouvrir et \u00e0 vivre des rencontres avec les mouvements et services d\u2019\u00c9glise : pour les 6\u00e8me\/5\u00e8me en partenariat avec la Mission Universelle<\/span> :<\/p>\n<p><em><span style=\"color: #0000ff;\"><strong><span style=\"font-size: 20px;\">Th\u00e8me\u00a0: \u00ab\u00a0Avec Th\u00e9r\u00e8se, d\u00e9couvre le chemin du c\u0153ur \u00e0 c\u0153ur\u00a0\u00bb<\/span><\/strong><\/span><\/em><\/p>\n<p>&nbsp;<\/p>\n<p><span style=\"font-size: 20px; color: #ff0000;\"><strong>Plus <a href=\"https:\/\/unjouralisieux-idf.fr\/\">d&rsquo;informations ICI\u00a0<\/a><\/strong><\/span><\/p>\n","protected":false},"excerpt":{"rendered":"<p>&nbsp; Rassemblement \u00e0 Lisieux pour les 6\u00e8me\/5\u00e8me de toute l\u2019\u00eele de France , samedi 13 mai 2023 &#8230;\/&#8230;<\/p>\n","protected":false},"author":990003,"featured_media":6335,"comment_status":"closed","ping_status":"closed","sticky":false,"template":"","format":"standard","meta":{"give_campaign_id":0,"footnotes":""},"categories":[1],"tags":[],"class_list":["post-6333","post","type-post","status-publish","format-standard","has-post-thumbnail","hentry","category-uncategorized"],"_links":{"self":[{"href":"https:\/\/demos.uptitude.fr\/savviry1\/wp-json\/wp\/v2\/posts\/6333","targetHints":{"allow":["GET"]}}],"collection":[{"href":"https:\/\/demos.uptitude.fr\/savviry1\/wp-json\/wp\/v2\/posts"}],"about":[{"href":"https:\/\/demos.uptitude.fr\/savviry1\/wp-json\/wp\/v2\/types\/post"}],"author":[{"embeddable":true,"href":"https:\/\/demos.uptitude.fr\/savviry1\/wp-json\/wp\/v2\/users\/990003"}],"replies":[{"embeddable":true,"href":"https:\/\/demos.uptitude.fr\/savviry1\/wp-json\/wp\/v2\/comments?post=6333"}],"version-history":[{"count":0,"href":"https:\/\/demos.uptitude.fr\/savviry1\/wp-json\/wp\/v2\/posts\/6333\/revisions"}],"wp:featuredmedia":[{"embeddable":true,"href":"https:\/\/demos.uptitude.fr\/savviry1\/wp-json\/"}],"wp:attachment":[{"href":"https:\/\/demos.uptitude.fr\/savviry1\/wp-json\/wp\/v2\/media?parent=6333"}],"wp:term":[{"taxonomy":"category","embeddable":true,"href":"https:\/\/demos.uptitude.fr\/savviry1\/wp-json\/wp\/v2\/categories?post=6333"},{"taxonomy":"post_tag","embeddable":true,"href":"https:\/\/demos.uptitude.fr\/savviry1\/wp-json\/wp\/v2\/tags?post=6333"}],"curies":[{"name":"wp","href":"https:\/\/api.w.org\/{rel}","templated":true}]}}