{"id":6343,"date":"2023-05-07T11:56:06","date_gmt":"2023-05-07T11:56:06","guid":{"rendered":"https:\/\/www.savigny-viry-catholique.fr\/?p=6343"},"modified":"2023-05-07T11:56:06","modified_gmt":"2023-05-07T11:56:06","slug":"mai-le-mois-de-marie","status":"publish","type":"post","link":"https:\/\/demos.uptitude.fr\/savviry1\/mai-le-mois-de-marie\/","title":{"rendered":"MAI, le mois de Marie"},"content":{"rendered":"<p>Depuis quand dit-on que le mois de mai est d\u00e9di\u00e9 \u00e0 l\u2019intercession de la Vierge Marie ?\u00a0 &#8230;\/&#8230;<\/p>\n<p><!--more--><\/p>\n<p><img fetchpriority=\"high\" decoding=\"async\" class=\"size-medium wp-image-6340 alignleft\" src=\"https:\/\/www.savigny-viry-catholique.fr\/wp-content\/uploads\/2023\/05\/ND-Pontmain03-300x225.jpg\" alt=\"\" width=\"300\" height=\"225\" \/>Le p\u00e8re Renaud Saliba, recteur du sanctuaire de Pontmain lieu d\u2019une apparition mariale datant de 1871 dans le dioc\u00e8se\u00a0de Laval, nous apporte quelques explications sur le sens de la p\u00e9riode particuli\u00e8re qu\u2019est le mois de Marie.<\/p>\n<p><strong>Pourquoi le mois de mai est-il associ\u00e9 \u00e0 Marie ?<\/strong><\/p>\n<p>Il est difficile de dire pr\u00e9cis\u00e9ment pourquoi le mois de mai est associ\u00e9 \u00e0 la Vierge Marie. Le mois de mai ne comporte pas traditionnellement une grande f\u00eate mariale comme les mois d\u2019ao\u00fbt ou de d\u00e9cembre. Ce n\u2019est que depuis la r\u00e9forme liturgique de 1969 que la Visitation est f\u00eat\u00e9e le 31 mai. Il ne faut donc pas aller rechercher une explication du c\u00f4t\u00e9 du cycle liturgique mais plut\u00f4t du c\u00f4t\u00e9 du cycle des saisons. En Europe, le mois de mai c\u2019est le mois des fleurs, le mois o\u00f9 le printemps se manifeste dans toute sa vitalit\u00e9.<\/p>\n<p>Ainsi d\u00e8s le 13\u00e8me si\u00e8cle, le roi de Castille Alphonse X le Sage (1221-1284) avait associ\u00e9 dans un de ses po\u00e8mes la beaut\u00e9 de Marie \u00e0 celle du mois de mai. Au 14\u00e8me si\u00e8cle le fr\u00e8re dominicain Henri Suso (1295-1366) avait pris l\u2019habitude le premier mai d\u2019orner les statues de Marie de couronnes de fleurs. Il y a donc tr\u00e8s probablement un lien entre la beaut\u00e9 de la flore qui se d\u00e9ploie au mois de mai et notre M\u00e8re du ciel, la belle Dame, comme on l\u2019appelle ici \u00e0 Pontmain.<\/p>\n<p><strong>A quand rem<\/strong><strong>onte cette coutume du mois de Marie ?<\/strong><\/p>\n<p>C\u2019est \u00e0 Rome, \u00e0 la fin du 16\u00e8me si\u00e8cle, qu\u2019est n\u00e9e la coutume de consacrer les 31 jours du mois de mai \u00e0 une pri\u00e8re mariale renforc\u00e9e. Saint Philippe N\u00e9ri (1515-1595) par exemple rassemblait les enfants autour de l\u2019autel de la Sainte Vierge dans la Chiesa Nuova. Ils leur demandaient d\u2019offrir \u00e0 la M\u00e8re de Dieu des fleurs du printemps, symboles des vertus chr\u00e9tiennes qui devaient aussi \u00e9clore dans leur vie chr\u00e9tienne. Le mois de Marie est donc depuis le d\u00e9but, non seulement un bel acte de pi\u00e9t\u00e9 envers la Vierge Marie mais aussi un engagement \u00e0 se sanctifier jour apr\u00e8s jour.<\/p>\n<p>&nbsp;<\/p>\n<p>Au 17\u00e8me si\u00e8cle et au 18\u00e8me, les J\u00e9suites ont beaucoup \u0153uvr\u00e9 pour diffuser cette d\u00e9votion dans toute l\u2019Italie. Ils recommandaient que, la veille du 1er mai, dans chaque maison, on dresse un autel \u00e0 Marie, d\u00e9cor\u00e9 de fleurs et de lumi\u00e8re. La famille \u00e9tait invit\u00e9e \u00e0 se r\u00e9unir pour prier en l\u2019honneur de la Sainte Vierge et \u00e0 tirer au sort un billet indiquant la vertu \u00e0 mettre en application le lendemain.<br \/>\nCependant c\u2019est en approuvant cette d\u00e9votion en 1815 que le Pape Pie VII (1742-1823) va permettre sa tr\u00e8s grande diffusion dans toute l\u2019Eglise. D\u00e8s lors, le mois de Marie sera c\u00e9l\u00e9br\u00e9 dans les paroisses et dans les familles.<\/p>\n<p>&nbsp;<\/p>\n<p><span style=\"color: #000080; font-size: 28px;\"><strong>Le <a href=\"https:\/\/www.sanctuaire-pontmain.com\/L-histoire-du-sanctuaire.html\">sanctuaire de Pontmain<\/a><\/strong><\/span><\/p>\n<p><span style=\"color: #000080; font-size: 20px;\"><strong><a href=\"https:\/\/www.sanctuaire-pontmain.com\/L-histoire-de-l-Apparition.html\">\u00a0\u00a0\u00a0<\/a><\/strong><\/span><\/p>\n<h3 class=\"entry-title\">L\u2019histoire de l\u2019Apparition<\/h3>\n<div class=\"texte\">\n<p><strong>Pontmain le 17 janvier 1871<\/strong><\/p>\n<p>Une journ\u00e9e qui commence comme les autres. Ce matin, l\u2019\u00e9glise \u00e9tait remplie de fid\u00e8les, comme les autres jours. Il y a beaucoup de neige et il fait un froid glacial \u2018\u00e0 fendre les pierres\u2019. Vers midi et demi, la terre a trembl\u00e9 ce qui a fortement impressionn\u00e9 tous les habitants, surtout en cette p\u00e9riode troubl\u00e9e. C\u2019est la guerre franco-prussienne. Depuis le 23 septembre dernier, 38 jeunes de la paroisse sont partis \u00e0 la guerre et l\u2019on est sans nouvelles. Alors, on vit dans l\u2019angoisse et dans la peur. Et puis il y a cette \u00e9pid\u00e9mie de typho\u00efde qui commence \u00e0 reprendre&#8230;..\/&#8230;\u00a0 <a href=\"https:\/\/www.sanctuaire-pontmain.com\/L-histoire-de-l-Apparition.html\">\u00a0<strong>suite ICI<\/strong><\/a><\/p>\n<\/div>\n<p>&nbsp;<\/p>\n<p><img decoding=\"async\" class=\"wp-image-6342 aligncenter\" src=\"https:\/\/www.savigny-viry-catholique.fr\/wp-content\/uploads\/2023\/05\/ND-Pontmain02.jpg\" alt=\"\" width=\"250\" height=\"307\" \/><\/p>\n<p>&nbsp;<\/p>\n<p><img decoding=\"async\" class=\"alignnone size-medium wp-image-4655\" src=\"https:\/\/www.savigny-viry-catholique.fr\/wp-content\/uploads\/2021\/04\/NDC-01-BW2-300x201.jpg\" alt=\"\" width=\"300\" height=\"201\" \/> <img loading=\"lazy\" decoding=\"async\" class=\"alignnone size-medium wp-image-4656\" src=\"https:\/\/www.savigny-viry-catholique.fr\/wp-content\/uploads\/2021\/04\/NDdEsperance-Savigny_orge-04-BW-192x300.jpg\" alt=\"\" width=\"192\" height=\"300\" \/> <img loading=\"lazy\" decoding=\"async\" class=\"alignnone size-medium wp-image-5558\" src=\"https:\/\/www.savigny-viry-catholique.fr\/wp-content\/uploads\/2022\/07\/DSC_0642-V1comp-300x215.jpg\" alt=\"\" width=\"300\" height=\"215\" \/><\/p>\n<p>&nbsp;<\/p>\n","protected":false},"excerpt":{"rendered":"<p>Depuis quand dit-on que le mois de mai est d\u00e9di\u00e9 \u00e0 l\u2019intercession de la Vierge Marie ?\u00a0 &#8230;\/&#8230;<\/p>\n","protected":false},"author":990003,"featured_media":6341,"comment_status":"closed","ping_status":"closed","sticky":false,"template":"","format":"standard","meta":{"give_campaign_id":0,"footnotes":""},"categories":[1],"tags":[],"class_list":["post-6343","post","type-post","status-publish","format-standard","has-post-thumbnail","hentry","category-uncategorized"],"_links":{"self":[{"href":"https:\/\/demos.uptitude.fr\/savviry1\/wp-json\/wp\/v2\/posts\/6343","targetHints":{"allow":["GET"]}}],"collection":[{"href":"https:\/\/demos.uptitude.fr\/savviry1\/wp-json\/wp\/v2\/posts"}],"about":[{"href":"https:\/\/demos.uptitude.fr\/savviry1\/wp-json\/wp\/v2\/types\/post"}],"author":[{"embeddable":true,"href":"https:\/\/demos.uptitude.fr\/savviry1\/wp-json\/wp\/v2\/users\/990003"}],"replies":[{"embeddable":true,"href":"https:\/\/demos.uptitude.fr\/savviry1\/wp-json\/wp\/v2\/comments?post=6343"}],"version-history":[{"count":0,"href":"https:\/\/demos.uptitude.fr\/savviry1\/wp-json\/wp\/v2\/posts\/6343\/revisions"}],"wp:featuredmedia":[{"embeddable":true,"href":"https:\/\/demos.uptitude.fr\/savviry1\/wp-json\/"}],"wp:attachment":[{"href":"https:\/\/demos.uptitude.fr\/savviry1\/wp-json\/wp\/v2\/media?parent=6343"}],"wp:term":[{"taxonomy":"category","embeddable":true,"href":"https:\/\/demos.uptitude.fr\/savviry1\/wp-json\/wp\/v2\/categories?post=6343"},{"taxonomy":"post_tag","embeddable":true,"href":"https:\/\/demos.uptitude.fr\/savviry1\/wp-json\/wp\/v2\/tags?post=6343"}],"curies":[{"name":"wp","href":"https:\/\/api.w.org\/{rel}","templated":true}]}}