{"id":6353,"date":"2023-06-30T12:01:04","date_gmt":"2023-06-30T12:01:04","guid":{"rendered":"https:\/\/www.savigny-viry-catholique.fr\/?p=6353"},"modified":"2023-06-30T12:01:04","modified_gmt":"2023-06-30T12:01:04","slug":"la-nuit-des-eglise-30-juin-a-nd-esperance","status":"publish","type":"post","link":"https:\/\/demos.uptitude.fr\/savviry1\/la-nuit-des-eglise-30-juin-a-nd-esperance\/","title":{"rendered":"ANNULE\/Report\u00e9 &#8211;  La nuit des \u00e9glise : 30 juin \u00e0 ND Esp\u00e9rance"},"content":{"rendered":"<p>ANNULE&#8230;&#8230;Vendredi 30 juin lors de la nuit des \u00e9glises, projection du film Fatima \u00e0 l&rsquo;\u00e9glise ND d&rsquo;Esp\u00e9rance\u00a0 &#8230;\/&#8230;<\/p>\n<p><!--more--><\/p>\n<h2 style=\"text-align: center;\"><span style=\"color: #ff0000;\"><strong>ANNULATION <\/strong><\/span><\/h2>\n<h3 style=\"text-align: center;\"><span style=\"color: #ff0000;\"><strong>PAR MESURE DE SECURITE<\/strong><\/span><\/h3>\n<p>&nbsp;<\/p>\n<p><span style=\"font-size: 16px;\">La Nuit des \u00e9glises et un \u00e9v\u00e8nement de l\u2019Eglise catholique de France . En 2023, ce sera la 12 \u00e8me anniversaire.\u00a0<\/span><\/p>\n<p><span style=\"font-size: 16px;\">C\u2019est un \u00e9v\u00e9nement qui permet d\u2019accueillir des personnes qui n\u2019ont pas l\u2019habitude d\u2019entrer dans une \u00e9glise. Les manifestations qui s\u2019y d\u00e9roulent <strong>ne sont pas cultuelles mais<\/strong> plut\u00f4t <strong>culturelles et artistiques.\u00a0<span style=\"color: #ff6600;\"><em> Pour en savoir plus <a style=\"color: #ff6600;\" href=\"https:\/\/www.narthex.fr\/nuit-des-eglises\/a-propos\">cliquez ICI<\/a><\/em><\/span><\/strong><\/span><\/p>\n<p><span style=\"font-size: 16px;\"><span style=\"font-size: 20px;\"><img fetchpriority=\"high\" decoding=\"async\" class=\"wp-image-6400 alignleft\" src=\"https:\/\/www.savigny-viry-catholique.fr\/wp-content\/uploads\/2023\/05\/Nuit-des-eglises-NDE-2023.06.30-212x300.jpg\" alt=\"\" width=\"400\" height=\"566\" \/><\/span><\/span><\/p>\n<p>&nbsp;<\/p>\n<p>&nbsp;<\/p>\n<p><span style=\"font-size: 16px;\"><span style=\"font-size: 20px;\">A cette ocasion, sera projet\u00e9, le vendredi 30 juin \u00e0 20h00 \u00e0 l&rsquo;\u00e9glise ND d&rsquo;Esp\u00e9rance de Savigny sur orge, le Film <\/span><em style=\"font-size: 20px;\"><strong><span style=\"color: #0000ff;\">\u00a0\u00bb Fatima \u00ab\u00a0<\/span> <\/strong><\/em><span style=\"font-size: 20px;\">qui raconte l&rsquo;histoire des apparitions de la Vierge Marie \u00e0 trois enfants bergers en 1917 \u00e0 Fatima, petit village du centre du Portugal.<\/span><\/span><\/p>\n<p><strong><span style=\"color: #0000ff;\"><em><span style=\"font-size: 16px;\">Si vous voulez voir la <a href=\"https:\/\/www.youtube.com\/watch?v=hLWSnmWQb7E\">bande annonce , c&rsquo;est ICI<\/a><\/span><\/em><\/span><\/strong><\/p>\n<p>&nbsp;<\/p>\n<p>&nbsp;<\/p>\n<p>&nbsp;<\/p>\n<p><span style=\"font-size: 20px;\"><strong>L&rsquo;entr\u00e9e est libre et ouverte \u00e0 tous.\u00a0 <\/strong>Une qu\u00eate sera faite pour aider au paiement des droits de diffusion.<\/span><\/p>\n<p><img decoding=\"async\" class=\"wp-image-6352 aligncenter\" src=\"https:\/\/www.savigny-viry-catholique.fr\/wp-content\/uploads\/2023\/05\/Fatima-film-225x300.png\" alt=\"\" width=\"350\" height=\"467\" \/><\/p>\n<p>&nbsp;<\/p>\n<p>&nbsp;<\/p>\n<p>&nbsp;<\/p>\n<p>&nbsp;<\/p>\n<p>&nbsp;<\/p>\n","protected":false},"excerpt":{"rendered":"<p>ANNULE&#8230;&#8230;Vendredi 30 juin lors de la nuit des \u00e9glises, projection du film Fatima \u00e0 l&rsquo;\u00e9glise ND d&rsquo;Esp\u00e9rance\u00a0 &#8230;\/&#8230;<\/p>\n","protected":false},"author":990003,"featured_media":6401,"comment_status":"closed","ping_status":"closed","sticky":false,"template":"","format":"standard","meta":{"give_campaign_id":0,"footnotes":""},"categories":[1],"tags":[],"class_list":["post-6353","post","type-post","status-publish","format-standard","has-post-thumbnail","hentry","category-uncategorized"],"_links":{"self":[{"href":"https:\/\/demos.uptitude.fr\/savviry1\/wp-json\/wp\/v2\/posts\/6353","targetHints":{"allow":["GET"]}}],"collection":[{"href":"https:\/\/demos.uptitude.fr\/savviry1\/wp-json\/wp\/v2\/posts"}],"about":[{"href":"https:\/\/demos.uptitude.fr\/savviry1\/wp-json\/wp\/v2\/types\/post"}],"author":[{"embeddable":true,"href":"https:\/\/demos.uptitude.fr\/savviry1\/wp-json\/wp\/v2\/users\/990003"}],"replies":[{"embeddable":true,"href":"https:\/\/demos.uptitude.fr\/savviry1\/wp-json\/wp\/v2\/comments?post=6353"}],"version-history":[{"count":0,"href":"https:\/\/demos.uptitude.fr\/savviry1\/wp-json\/wp\/v2\/posts\/6353\/revisions"}],"wp:featuredmedia":[{"embeddable":true,"href":"https:\/\/demos.uptitude.fr\/savviry1\/wp-json\/"}],"wp:attachment":[{"href":"https:\/\/demos.uptitude.fr\/savviry1\/wp-json\/wp\/v2\/media?parent=6353"}],"wp:term":[{"taxonomy":"category","embeddable":true,"href":"https:\/\/demos.uptitude.fr\/savviry1\/wp-json\/wp\/v2\/categories?post=6353"},{"taxonomy":"post_tag","embeddable":true,"href":"https:\/\/demos.uptitude.fr\/savviry1\/wp-json\/wp\/v2\/tags?post=6353"}],"curies":[{"name":"wp","href":"https:\/\/api.w.org\/{rel}","templated":true}]}}