{"id":6369,"date":"2024-05-11T08:00:09","date_gmt":"2024-05-11T08:00:09","guid":{"rendered":"https:\/\/www.savigny-viry-catholique.fr\/?p=6369"},"modified":"2024-05-11T08:00:09","modified_gmt":"2024-05-11T08:00:09","slug":"pentecote-28-mai","status":"publish","type":"post","link":"https:\/\/demos.uptitude.fr\/savviry1\/pentecote-28-mai\/","title":{"rendered":"Pentec\u00f4te : 18 mai"},"content":{"rendered":"<p>Le Livre des Actes des ap\u00f4tres (2,1-13) rapporte l\u2019\u00e9v\u00e9nement qui s\u2019est pass\u00e9 au C\u00e9nacle \u00e0 J\u00e9rusalem, en l\u2019an 30 ou 33 de notre \u00e8re, le jour de la Pentec\u00f4te, &#8230;\/&#8230;<\/p>\n<p><!--more--><\/p>\n<p><span style=\"font-size: 16px;\">Le Livre des Actes des ap\u00f4tres (2,1-13) rapporte l\u2019\u00e9v\u00e9nement qui s\u2019est pass\u00e9 au C\u00e9nacle \u00e0 J\u00e9rusalem, en l\u2019an 30 ou 33 de notre \u00e8re, le jour de la Pentec\u00f4te, c.a.d. le jour de la f\u00eate juive, 50 jours <img fetchpriority=\"high\" decoding=\"async\" class=\"wp-image-6371 alignleft\" src=\"https:\/\/www.savigny-viry-catholique.fr\/wp-content\/uploads\/2023\/05\/Pentecote-2022-01-300x207.jpg\" alt=\"\" width=\"400\" height=\"276\" \/>apr\u00e8s la r\u00e9surrection du Christ. C\u2019est la venue de l\u2019Esprit sur les ap\u00f4tres. \u00ab\u00a0Quand le jour de la Pentec\u00f4te fut arriv\u00e9, ils (les ap\u00f4tres) se trouv\u00e8rent tous ensemble. Tout \u00e0 coup survint du ciel un bruit comme celui d\u2019un violent coup de vent. La maison o\u00f9 ils se tenaient en fut toute remplie ; alors leur apparurent comme des langues de feu qui se partageaient et il s\u2019en posa sur chacun d\u2019eux. Ils furent tous remplis d\u2019Esprit Saint et se mirent \u00e0 parler en d\u2019autres langues\u00a0\u00bb. Or il y avait \u00e0 J\u00e9rusalem pour le jour de la Pentec\u00f4te des gens de toutes les nations et chacun les entendait parler et annoncer les merveilles de Dieu dans sa propre langue\u2026.<\/span><\/p>\n<p>&nbsp;<\/p>\n<p><span style=\"font-size: 16px;\"><a href=\"https:\/\/eglise.catholique.fr\/approfondir-sa-foi\/la-celebration-de-la-foi\/les-grandes-fetes-chretiennes\/la-pentecote\/\"><strong>En savoir plus , ICI\u00a0<\/strong><\/a> (source : Eglise catholique en France)<\/span><\/p>\n<p>&nbsp;<\/p>\n<p><span style=\"font-size: 20px; color: #0000ff;\">Cette ann\u00e9e encore, de tr\u00e8s nombreux confirmands adultes se rassembleront en la cath\u00e9drale d\u2019\u00c9vry lors de la Vigile de Pentec\u00f4te pour recevoir le sacrement de la confirmation.<\/span><\/p>\n<p>&nbsp;<\/p>\n<p><span style=\"font-size: 20px; color: #ff0000;\"><strong>Messes aux horaires habituels.<\/strong><\/span><\/p>\n","protected":false},"excerpt":{"rendered":"<p>Le Livre des Actes des ap\u00f4tres (2,1-13) rapporte l\u2019\u00e9v\u00e9nement qui s\u2019est pass\u00e9 au C\u00e9nacle \u00e0 J\u00e9rusalem, en l\u2019an 30 ou 33 de notre \u00e8re, le jour de la Pentec\u00f4te, &#8230;\/&#8230;<\/p>\n","protected":false},"author":990003,"featured_media":6372,"comment_status":"closed","ping_status":"closed","sticky":false,"template":"","format":"standard","meta":{"give_campaign_id":0,"footnotes":""},"categories":[1],"tags":[],"class_list":["post-6369","post","type-post","status-publish","format-standard","has-post-thumbnail","hentry","category-uncategorized"],"_links":{"self":[{"href":"https:\/\/demos.uptitude.fr\/savviry1\/wp-json\/wp\/v2\/posts\/6369","targetHints":{"allow":["GET"]}}],"collection":[{"href":"https:\/\/demos.uptitude.fr\/savviry1\/wp-json\/wp\/v2\/posts"}],"about":[{"href":"https:\/\/demos.uptitude.fr\/savviry1\/wp-json\/wp\/v2\/types\/post"}],"author":[{"embeddable":true,"href":"https:\/\/demos.uptitude.fr\/savviry1\/wp-json\/wp\/v2\/users\/990003"}],"replies":[{"embeddable":true,"href":"https:\/\/demos.uptitude.fr\/savviry1\/wp-json\/wp\/v2\/comments?post=6369"}],"version-history":[{"count":0,"href":"https:\/\/demos.uptitude.fr\/savviry1\/wp-json\/wp\/v2\/posts\/6369\/revisions"}],"wp:featuredmedia":[{"embeddable":true,"href":"https:\/\/demos.uptitude.fr\/savviry1\/wp-json\/"}],"wp:attachment":[{"href":"https:\/\/demos.uptitude.fr\/savviry1\/wp-json\/wp\/v2\/media?parent=6369"}],"wp:term":[{"taxonomy":"category","embeddable":true,"href":"https:\/\/demos.uptitude.fr\/savviry1\/wp-json\/wp\/v2\/categories?post=6369"},{"taxonomy":"post_tag","embeddable":true,"href":"https:\/\/demos.uptitude.fr\/savviry1\/wp-json\/wp\/v2\/tags?post=6369"}],"curies":[{"name":"wp","href":"https:\/\/api.w.org\/{rel}","templated":true}]}}