{"id":6387,"date":"2023-05-18T11:37:52","date_gmt":"2023-05-18T11:37:52","guid":{"rendered":"https:\/\/www.savigny-viry-catholique.fr\/?p=6387"},"modified":"2023-05-18T11:37:52","modified_gmt":"2023-05-18T11:37:52","slug":"pelerinage-des-meres-de-famille-de-lessonne","status":"publish","type":"post","link":"https:\/\/demos.uptitude.fr\/savviry1\/pelerinage-des-meres-de-famille-de-lessonne\/","title":{"rendered":"P\u00e9lerinage des M\u00e8res de Famille de l&rsquo;Essonne"},"content":{"rendered":"<p>Samedi 10 juin 2023 \u00e0 Longpont sur Orge : <strong>\u00ab\u00a0Tu as du prix de mes yeux, tu as de la valeur et je t&rsquo;aime.\u00a0\u00bb<\/strong> Isa\u00efe 43,4 &#8230;\/&#8230;<\/p>\n<p><!--more--><\/p>\n<p><span style=\"font-size: 20px;\">Ce p\u00e8lerinage s\u2019adresse \u00e0\u00a0<b>toutes les m\u00e8res quel que soit leur \u00e9tat de vie<\/b>.<\/span><br \/>\n<span style=\"font-size: 20px;\">Par la pri\u00e8re, par le silence,\u00a0<b>demandons \u00e0 la Vierge Marie les gr\u00e2ces n\u00e9cessaires pour faire grandir notre foi, pour mieux exercer notre r\u00f4le de m\u00e8re, d\u2019\u00e9pouse, pour promouvoir l\u2019esprit de l\u2019\u00c9vangile et les valeurs familiales<\/b>.<\/span><\/p>\n<p>&nbsp;<\/p>\n<p><span style=\"font-size: 20px;\"><strong><img fetchpriority=\"high\" decoding=\"async\" class=\"alignleft wp-image-6391\" src=\"https:\/\/www.savigny-viry-catholique.fr\/wp-content\/uploads\/2023\/05\/PMF2023-284x300.jpg\" alt=\"\" width=\"350\" height=\"370\" \/><\/strong><\/span><\/p>\n<p>&nbsp;<\/p>\n<p><span style=\"font-size: 20px;\"><strong>\u00ab\u00a0Tu as du prix de mes yeux, tu as de la valeur et je t&rsquo;aime.\u00a0\u00bb<\/strong> Isa\u00efe 43,4<\/span><\/p>\n<p><span style=\"font-size: 20px;\">Le Seigneur nous aime\u00a0! Cette bonne nouvelle, d\u00e9j\u00e0 annonc\u00e9e dans l\u2019Ancien Testament, est sans cesse rappel\u00e9e par J\u00e9sus dans l\u2019Evangile\u00a0!<\/span><\/p>\n<p><span style=\"font-size: 20px;\">Ce sera le th\u00e8me du prochain <strong>P\u00e8lerinage des M\u00e8res de Famille de l&rsquo;Essonne<\/strong> qui aura lieu <strong><u>samedi 10 juin 2023 \u00e0 Longpont sur Orge<\/u> \u00e0 partir de 8h00<\/strong>.<\/span><\/p>\n<p><span style=\"font-size: 20px;\">Faites-vous ce cadeau et venez <strong>\u00e9couter<\/strong> (enseignements), <strong>marcher<\/strong> (boucle de 12 km), <strong>prier <\/strong>(messe\/adoration\/confessions) et <strong>\u00e9changer<\/strong> avec d&rsquo;autres m\u00e8res et grand-m\u00e8res tout au long de cette journ\u00e9e.<\/span><\/p>\n<p><span style=\"font-size: 20px;\">Ce moment est pour vous, alors rejoignez-nous.<\/span><\/p>\n<p><span style=\"font-size: 20px;\">Des bulletins d\u2019inscriptions sont disponibles dans les \u00e9glises de l&rsquo;Essonne ou <strong><span style=\"color: #0000ff;\">en <a href=\"https:\/\/www.pelerinages-evry.catholique.fr\/IMG\/pdf\/bi_pmf_2023.pdf\">cliquant ICI\u00a0<\/a><\/span><\/strong><\/span><\/p>\n<p>&nbsp;<\/p>\n<p><span style=\"font-size: 20px;\">Pour toute autre question \u00e9crire \u00e0\u00a0: <strong>pmf91longpont@gmail.com<\/strong><\/span><\/p>\n<p>&nbsp;<\/p>\n<p class=\"center\">\n","protected":false},"excerpt":{"rendered":"<p>Samedi 10 juin 2023 \u00e0 Longpont sur Orge : \u00ab\u00a0Tu as du prix de mes yeux, tu as de la valeur et je t&rsquo;aime.\u00a0\u00bb Isa\u00efe 43,4 &#8230;\/&#8230;<\/p>\n","protected":false},"author":990003,"featured_media":6390,"comment_status":"closed","ping_status":"closed","sticky":false,"template":"","format":"standard","meta":{"give_campaign_id":0,"footnotes":""},"categories":[1],"tags":[],"class_list":["post-6387","post","type-post","status-publish","format-standard","has-post-thumbnail","hentry","category-uncategorized"],"_links":{"self":[{"href":"https:\/\/demos.uptitude.fr\/savviry1\/wp-json\/wp\/v2\/posts\/6387","targetHints":{"allow":["GET"]}}],"collection":[{"href":"https:\/\/demos.uptitude.fr\/savviry1\/wp-json\/wp\/v2\/posts"}],"about":[{"href":"https:\/\/demos.uptitude.fr\/savviry1\/wp-json\/wp\/v2\/types\/post"}],"author":[{"embeddable":true,"href":"https:\/\/demos.uptitude.fr\/savviry1\/wp-json\/wp\/v2\/users\/990003"}],"replies":[{"embeddable":true,"href":"https:\/\/demos.uptitude.fr\/savviry1\/wp-json\/wp\/v2\/comments?post=6387"}],"version-history":[{"count":0,"href":"https:\/\/demos.uptitude.fr\/savviry1\/wp-json\/wp\/v2\/posts\/6387\/revisions"}],"wp:featuredmedia":[{"embeddable":true,"href":"https:\/\/demos.uptitude.fr\/savviry1\/wp-json\/"}],"wp:attachment":[{"href":"https:\/\/demos.uptitude.fr\/savviry1\/wp-json\/wp\/v2\/media?parent=6387"}],"wp:term":[{"taxonomy":"category","embeddable":true,"href":"https:\/\/demos.uptitude.fr\/savviry1\/wp-json\/wp\/v2\/categories?post=6387"},{"taxonomy":"post_tag","embeddable":true,"href":"https:\/\/demos.uptitude.fr\/savviry1\/wp-json\/wp\/v2\/tags?post=6387"}],"curies":[{"name":"wp","href":"https:\/\/api.w.org\/{rel}","templated":true}]}}