{"id":6410,"date":"2023-06-23T10:08:02","date_gmt":"2023-06-23T10:08:02","guid":{"rendered":"https:\/\/www.savigny-viry-catholique.fr\/?p=6410"},"modified":"2023-06-23T10:08:02","modified_gmt":"2023-06-23T10:08:02","slug":"action-de-grace-et-repos-merite","status":"publish","type":"post","link":"https:\/\/demos.uptitude.fr\/savviry1\/action-de-grace-et-repos-merite\/","title":{"rendered":"Action de gr\u00e2ce et repos m\u00e9rit\u00e9"},"content":{"rendered":"<p>&nbsp;<\/p>\n<p>&nbsp;<\/p>\n<p>&nbsp;<\/p>\n<p><img fetchpriority=\"high\" decoding=\"async\" class=\"alignnone wp-image-6414\" src=\"https:\/\/www.savigny-viry-catholique.fr\/wp-content\/uploads\/2023\/06\/Montagne-ete-300x176.jpg\" alt=\"\" width=\"421\" height=\"247\" \/><img decoding=\"async\" class=\"alignnone wp-image-6415\" src=\"https:\/\/www.savigny-viry-catholique.fr\/wp-content\/uploads\/2023\/06\/Mer-ete-soir-300x169.jpg\" alt=\"\" width=\"435\" height=\"245\" \/><\/p>\n<p><span style=\"font-size: 24px; color: #0000ff; background-color: #ffff00;\"><strong><span style=\"font-family: 'trebuchet ms', geneva, sans-serif;\">TEMPS ESTIVAL\u00a0: ACTION DE GR\u00c2CE ET REPOS M\u00c9RIT\u00c9<\/span><\/strong><\/span><\/p>\n<p><span style=\"color: #000000; background-color: #ffff00;\"><em><span style=\"font-size: 20px; font-family: 'trebuchet ms', geneva, sans-serif; background-color: #ffff00;\">Le mois de juin en paroisse est marqu\u00e9 par des r\u00e9unions de relecture d\u2019ann\u00e9e pastorale finissante, mais aussi par la mise en place de multiples projets pour la rentr\u00e9e.<\/span><\/em><\/span><\/p>\n<p><span style=\"color: #000000; background-color: #ffff00;\"><em><span style=\"font-size: 20px; font-family: 'trebuchet ms', geneva, sans-serif; background-color: #ffff00;\">C\u2019est le temps de recueillir les fruits que l\u2019Esprit a fait jaillir en nous durant l\u2019ann\u00e9e pastorale. Le temps d\u2019action de gr\u00e2ce, c\u2019est-\u00e0-dire MERCI au Seigneur. Occasion aussi de dire merci \u00e0 toutes les personnes et acteurs engag\u00e9s au service de la communaut\u00e9 paroissiale.<\/span><\/em><\/span><\/p>\n<p><span style=\"color: #000000; background-color: #ffff00;\"><em><span style=\"font-size: 20px; font-family: 'trebuchet ms', geneva, sans-serif; background-color: #ffff00;\">Disons Merci pour ce d\u00e9marrage enrichissant en septembre dernier boost\u00e9 par les f\u00eates th\u00e9r\u00e9siennes des 90 ans de l\u2019\u00e9glise sainte Th\u00e9r\u00e8se<\/span><\/em><\/span><\/p>\n<p><span style=\"color: #000000; background-color: #ffff00;\"><em><span style=\"font-size: 20px; font-family: 'trebuchet ms', geneva, sans-serif; background-color: #ffff00;\">Merci pour la journ\u00e9e en paroisse au d\u00e9but du temps de l\u2019Avent, merci pour le temps de No\u00ebl,\u00a0 pour le temps convivial des v\u0153ux et galette des rois en secteur au mois de janvier \u2026<\/span><\/em><\/span><\/p>\n<p><span style=\"color: #000000; background-color: #ffff00;\"><em><span style=\"font-size: 20px; font-family: 'trebuchet ms', geneva, sans-serif; background-color: #ffff00;\">Merci pour les conf\u00e9rences pendant le temps de Car\u00eame, pour le temps pascal \u2026<\/span><\/em><\/span><\/p>\n<p><span style=\"color: #000000; background-color: #ffff00;\"><em><span style=\"font-size: 20px; font-family: 'trebuchet ms', geneva, sans-serif; background-color: #ffff00;\">Merci pour ces nombreux enfants,\u00a0 jeunes et adultes qui ont re\u00e7u divers sacrements\u00a0: bapt\u00eames, premi\u00e8re eucharistie, confirmation\u00a0 \u2026 Des adultes qui ont c\u00e9l\u00e9br\u00e9 ou c\u00e9l\u00e9breront bient\u00f4t leur mariage.<\/span><\/em><\/span><\/p>\n<p><span style=\"color: #000000; background-color: #ffff00;\"><em><span style=\"font-size: 20px; font-family: 'trebuchet ms', geneva, sans-serif; background-color: #ffff00;\">Merci pour les sacramentaux, en particulier les professions de foi des jeunes du niveau 5<sup>\u00e8me<\/sup> \u2026.<\/span><\/em><\/span><\/p>\n<p><span style=\"color: #000000; background-color: #ffff00;\"><em><span style=\"font-size: 20px; font-family: 'trebuchet ms', geneva, sans-serif; background-color: #ffff00;\">Merci pour les actions des associations caritatives aupr\u00e8s des plus d\u00e9munis \u2026.<\/span><\/em><\/span><\/p>\n<p><span style=\"color: #000000; background-color: #ffff00;\"><em><span style=\"font-size: 20px; font-family: 'trebuchet ms', geneva, sans-serif; background-color: #ffff00;\">Evidemment et ce n\u2019est pas le but, cette \u00e9num\u00e9ration est loin d\u2019\u00eatre exhaustive\u00a0! Elle invite chacun \u00e0 continuer l\u2019action de gr\u00e2ce.<\/span><\/em><\/span><\/p>\n<p><span style=\"color: #000000; background-color: #ffff00;\"><em><span style=\"font-size: 20px; font-family: 'trebuchet ms', geneva, sans-serif; background-color: #ffff00;\">L\u2019\u00e9t\u00e9 sera marqu\u00e9 par les JMJ (Journ\u00e9es mondiales de la jeunesse) au Portugal \u00e0 Lisbonne, 15 jeunes de notre secteur sont inscrits pour y participer. Cet \u00e9v\u00e9nement mondial eccl\u00e9sial rassemblant plus d\u2019un million de jeunes invite \u00e0 la fraternit\u00e9 humaine et ouvre des chemins de foi pour les participants.<img decoding=\"async\" class=\"size-medium wp-image-6244 alignright\" src=\"https:\/\/www.savigny-viry-catholique.fr\/wp-content\/uploads\/2023\/03\/JMJvisuel-campagne-don-300x169.png\" alt=\"\" width=\"300\" height=\"169\" \/><\/span><\/em><\/span><\/p>\n<p><span style=\"color: #000000; background-color: #ffff00;\"><em><span style=\"font-size: 20px; font-family: 'trebuchet ms', geneva, sans-serif; background-color: #ffff00;\">L\u2019\u00e9t\u00e9 invite au repos, alors sur les routes des vacances, mais aussi des vacances sur place chez soi en changeant de rythme, que chacun puisse se reposer et trouver des espaces de respiration\u00a0!<\/span><\/em><\/span><\/p>\n<p><span style=\"color: #000000; background-color: #ffff00;\"><em><span style=\"font-size: 20px; font-family: 'trebuchet ms', geneva, sans-serif; background-color: #ffff00;\">Bon \u00e9t\u00e9 \u00e0 tous<\/span><\/em><\/span><\/p>\n<p><span style=\"color: #000000; background-color: #ffff00;\"><em><span style=\"font-size: 20px; font-family: 'trebuchet ms', geneva, sans-serif; background-color: #ffff00;\">P\u00e8re Emmanuel Bidzogo<\/span><\/em><\/span><\/p>\n<p>&nbsp;<\/p>\n","protected":false},"excerpt":{"rendered":"<p>&nbsp; &nbsp; &nbsp; TEMPS ESTIVAL\u00a0: ACTION DE GR\u00c2CE ET REPOS M\u00c9RIT\u00c9 Le mois de juin en paroisse est marqu\u00e9 par des r\u00e9unions de relecture d\u2019ann\u00e9e pastorale finissante, mais aussi par la mise en place de multiples projets pour la&hellip;<\/p>\n","protected":false},"author":990003,"featured_media":6412,"comment_status":"closed","ping_status":"closed","sticky":false,"template":"","format":"standard","meta":{"give_campaign_id":0,"footnotes":""},"categories":[1],"tags":[],"class_list":["post-6410","post","type-post","status-publish","format-standard","has-post-thumbnail","hentry","category-uncategorized"],"_links":{"self":[{"href":"https:\/\/demos.uptitude.fr\/savviry1\/wp-json\/wp\/v2\/posts\/6410","targetHints":{"allow":["GET"]}}],"collection":[{"href":"https:\/\/demos.uptitude.fr\/savviry1\/wp-json\/wp\/v2\/posts"}],"about":[{"href":"https:\/\/demos.uptitude.fr\/savviry1\/wp-json\/wp\/v2\/types\/post"}],"author":[{"embeddable":true,"href":"https:\/\/demos.uptitude.fr\/savviry1\/wp-json\/wp\/v2\/users\/990003"}],"replies":[{"embeddable":true,"href":"https:\/\/demos.uptitude.fr\/savviry1\/wp-json\/wp\/v2\/comments?post=6410"}],"version-history":[{"count":0,"href":"https:\/\/demos.uptitude.fr\/savviry1\/wp-json\/wp\/v2\/posts\/6410\/revisions"}],"wp:featuredmedia":[{"embeddable":true,"href":"https:\/\/demos.uptitude.fr\/savviry1\/wp-json\/"}],"wp:attachment":[{"href":"https:\/\/demos.uptitude.fr\/savviry1\/wp-json\/wp\/v2\/media?parent=6410"}],"wp:term":[{"taxonomy":"category","embeddable":true,"href":"https:\/\/demos.uptitude.fr\/savviry1\/wp-json\/wp\/v2\/categories?post=6410"},{"taxonomy":"post_tag","embeddable":true,"href":"https:\/\/demos.uptitude.fr\/savviry1\/wp-json\/wp\/v2\/tags?post=6410"}],"curies":[{"name":"wp","href":"https:\/\/api.w.org\/{rel}","templated":true}]}}