{"id":6420,"date":"2023-06-29T14:15:20","date_gmt":"2023-06-29T14:15:20","guid":{"rendered":"https:\/\/www.savigny-viry-catholique.fr\/?p=6420"},"modified":"2023-06-29T14:15:20","modified_gmt":"2023-06-29T14:15:20","slug":"horaires-des-messes-en-juillet-aout-2023","status":"publish","type":"post","link":"https:\/\/demos.uptitude.fr\/savviry1\/horaires-des-messes-en-juillet-aout-2023\/","title":{"rendered":"Horaires des messes en Juillet-Ao\u00fbt 2023"},"content":{"rendered":"<p>Voir ici les horaires d&rsquo;\u00e9t\u00e9 pour les c\u00e9l\u00e9brations eucharistiques &#8230;\/&#8230;<\/p>\n<p><!--more--><\/p>\n<p><strong>HORAIRE DE MESSE DU MOIS DE JUILLET ET D&rsquo;AOUT<\/strong><\/p>\n<p><strong>SUR LE SECTEUR PASTORAL SAVIGNY-VIRY<\/strong><\/p>\n<p><strong><u>\u00a0<\/u><\/strong><\/p>\n<p><strong><u>A SAVIGNY:<\/u><\/strong><\/p>\n<p><strong><span style=\"color: #ff6600;\">SAMEDI \u00e0 18h30 EGLISE SAINTE THERESE<\/span><\/strong><\/p>\n<p><strong><span style=\"color: #ff6600;\">DIMANCHE \u00e0 10h30 EGLISE SAINT MARTIN<\/span><\/strong><\/p>\n<p><strong><span style=\"color: #ff6600;\">Le dernier week-end du mois de Juillet et le premier week-end du mois d\u2019Aout,<\/span><\/strong><\/p>\n<p><strong><span style=\"color: #ff6600;\">La Messe \u00e0 Saint Martin est \u00e0 9h30<\/span><\/strong><\/p>\n<p><span style=\"color: #0000ff;\"><strong>MESSE DU 15 AOUT,<\/strong><\/span><\/p>\n<p><span style=\"color: #0000ff;\"><strong>ASSOMPTION DE LA BIENHEUREUSE VIERGE MARIE \u00e0 l&rsquo;\u00e9glise Notre Dame d\u2019Esp\u00e9rance \u00e0 10h30<\/strong><\/span><\/p>\n<p><em>LES MESSES DE LA SEMAINE \u00c0 SAINT MARTIN ET \u00c0 SAINTE THERESE NE CHANGENT PAS D\u2019HORAIRE\u00a0:<\/em><\/p>\n<p><em>Mardi, 9h00 \u00e0 St Martin<\/em><\/p>\n<p><em>Jeudi, 9h00 \u00e0 Ste Th\u00e9r\u00e8se<\/em><\/p>\n<p>&nbsp;<\/p>\n<p><strong><u>A VIRY- CH\u00c2TILLON<\/u><\/strong><\/p>\n<p><strong><span style=\"color: #008000;\">En JUILLET<\/span><\/strong><\/p>\n<p><strong><span style=\"color: #008000;\">SAMEDI \u00e0 18h30 EGLISE ND des CITES<\/span><\/strong><\/p>\n<p><strong><span style=\"color: #008000;\">DIMANCHE \u00e0 11h00 EGLISE DU ST ESPRIT<\/span><\/strong><\/p>\n<p><span style=\"color: #993366;\"><strong>En AOUT<\/strong><\/span><\/p>\n<p><strong><span style=\"color: #993366;\">SAMEDI \u00e0 18h00 EGLISE STE BERNADETTE<\/span><\/strong><\/p>\n<p><strong><span style=\"color: #993366;\">DIMANCHE \u00e0 11h00 EGLISE DU ST ESPRIT<\/span><\/strong><\/p>\n<p><span style=\"color: #0000ff;\"><strong>MESSE DU 15 AOUT,<\/strong><\/span><\/p>\n<p><span style=\"color: #0000ff;\"><strong>ASSOMPTION DE LA BIENHEUREUSE VIERGE MARIE \u00e0 l&rsquo;\u00e9glise du Saint Esprit \u00e0 11h00<\/strong><\/span><\/p>\n<p><em>MESSES DE SEMAINE\u00a0 en JUILET ET AOUT :<\/em><\/p>\n<p><em>Mercredi \u00e0 18h00 \u00e9glise Ste Bernadette<\/em><\/p>\n<p><em>Vendredi \u00e0 18h00 \u00e9glise ND des Cit\u00e9s<\/em><\/p>\n<p><span style=\"color: #ff0000;\"><strong>Attention : Pas de messe le lundi ni d\u2019adoration pendant la p\u00e9riode des vacances d\u2019\u00e9t\u00e9. L\u2019\u00e9glise Saint-Denis reste donc ferm\u00e9e durant cette p\u00e9riode.<\/strong><\/span><\/p>\n","protected":false},"excerpt":{"rendered":"<p>Voir ici les horaires d&rsquo;\u00e9t\u00e9 pour les c\u00e9l\u00e9brations eucharistiques &#8230;\/&#8230;<\/p>\n","protected":false},"author":990003,"featured_media":6423,"comment_status":"closed","ping_status":"closed","sticky":false,"template":"","format":"standard","meta":{"give_campaign_id":0,"footnotes":""},"categories":[1],"tags":[],"class_list":["post-6420","post","type-post","status-publish","format-standard","has-post-thumbnail","hentry","category-uncategorized"],"_links":{"self":[{"href":"https:\/\/demos.uptitude.fr\/savviry1\/wp-json\/wp\/v2\/posts\/6420","targetHints":{"allow":["GET"]}}],"collection":[{"href":"https:\/\/demos.uptitude.fr\/savviry1\/wp-json\/wp\/v2\/posts"}],"about":[{"href":"https:\/\/demos.uptitude.fr\/savviry1\/wp-json\/wp\/v2\/types\/post"}],"author":[{"embeddable":true,"href":"https:\/\/demos.uptitude.fr\/savviry1\/wp-json\/wp\/v2\/users\/990003"}],"replies":[{"embeddable":true,"href":"https:\/\/demos.uptitude.fr\/savviry1\/wp-json\/wp\/v2\/comments?post=6420"}],"version-history":[{"count":0,"href":"https:\/\/demos.uptitude.fr\/savviry1\/wp-json\/wp\/v2\/posts\/6420\/revisions"}],"wp:featuredmedia":[{"embeddable":true,"href":"https:\/\/demos.uptitude.fr\/savviry1\/wp-json\/"}],"wp:attachment":[{"href":"https:\/\/demos.uptitude.fr\/savviry1\/wp-json\/wp\/v2\/media?parent=6420"}],"wp:term":[{"taxonomy":"category","embeddable":true,"href":"https:\/\/demos.uptitude.fr\/savviry1\/wp-json\/wp\/v2\/categories?post=6420"},{"taxonomy":"post_tag","embeddable":true,"href":"https:\/\/demos.uptitude.fr\/savviry1\/wp-json\/wp\/v2\/tags?post=6420"}],"curies":[{"name":"wp","href":"https:\/\/api.w.org\/{rel}","templated":true}]}}