{"id":6482,"date":"2023-08-27T15:27:37","date_gmt":"2023-08-27T15:27:37","guid":{"rendered":"https:\/\/www.savigny-viry-catholique.fr\/?p=6482"},"modified":"2023-08-27T15:27:37","modified_gmt":"2023-08-27T15:27:37","slug":"jmj-2023","status":"publish","type":"post","link":"https:\/\/demos.uptitude.fr\/savviry1\/jmj-2023\/","title":{"rendered":"JMJ 2023"},"content":{"rendered":"<p>Les jeunes du Secteur \u00ab Bienheureux Marcel Callo \u00bb ont v\u00e9cu \u00e0 fond les JMJ ! &#8230;\/&#8230;<\/p>\n<p><!--more--><\/p>\n<p>&nbsp;<\/p>\n<p><span style=\"font-size: 16px;\"><img fetchpriority=\"high\" decoding=\"async\" class=\"alignleft wp-image-6484 size-full\" src=\"https:\/\/www.savigny-viry-catholique.fr\/wp-content\/uploads\/2023\/08\/JMJ23-06.jpg\" alt=\"\" width=\"283\" height=\"218\" \/><\/span><\/p>\n<p>&nbsp;<\/p>\n<p>&nbsp;<\/p>\n<p><span style=\"font-size: 16px;\">Les Journ\u00e9es mondiales de la Jeunesse se sont conclues le dimanche 6 ao\u00fbt, lors d\u2019une messe solennelle qui a rassembl\u00e9<\/span><br \/>\n<span style=\"font-size: 16px;\">un million et demi de participants au Champ de la gr\u00e2ce, \u00e0 Lisbonne. Les jeunes de notre secteur qui avaient d\u00e9but\u00e9<\/span><br \/>\n<span style=\"font-size: 16px;\">l\u2019aventure deux semaines plus t\u00f4t, accompagn\u00e9s par notre \u00e9v\u00eaque, ont fait le plein d\u2019\u00e9nergies. Ils sont rentr\u00e9s chez eux avec une envie folle de t\u00e9moigner et de partager leur joie.<\/span><\/p>\n<p><span style=\"font-size: 16px; color: #0000ff;\">Les jeunes de notre secteur racontent ce qu&rsquo;ils ont v\u00e9cu au Portugal au mois d&rsquo;ao\u00fbt, <strong>le samedi 23 septembre prochain \u00e0 Notre Dame d&rsquo;Esperance \u00e0 Savigny sur Orge \u00e0 19h30, <\/strong>\u00e0 la suite de la <\/span><span style=\"font-size: 16px; color: #0000ff;\">messe de rentr\u00e9e de la paroisse. <\/span><\/p>\n<p><span style=\"font-size: 16px; color: #0000ff;\">Projection des images, photos, vid\u00e9o et commentaires par les j<\/span><span style=\"font-size: 16px; color: #0000ff;\">eunes JMJISTES.<\/span><br \/>\n<span style=\"font-size: 16px; color: #0000ff;\">TEMPS convivial, repas partag\u00e9 avec ce que chacun aura apport\u00e9. Occasion aussi de remercier les <\/span><span style=\"font-size: 16px; color: #0000ff;\">personnes qui les ont aid\u00e9s financi\u00e8rement pour ce merveilleux p\u00e8lerinage autour du Pape Fran\u00e7ois <\/span><span style=\"font-size: 16px; color: #0000ff;\">et la rencontre de plus d&rsquo;un million de jeunes du monde. <strong>Venez nombreux en famille.<\/strong><\/span><\/p>\n<p>&nbsp;<\/p>\n<p>&nbsp;<\/p>\n<p><strong>L<span style=\"font-size: 20px;\">es t\u00e9moignages des jeunes du dioc\u00e8se\u00a0 <a href=\"https:\/\/evry.catholique.fr\/apres-les-jmj-des-jeunes-temoignent\/\">ICI<\/a><\/span><\/strong><\/p>\n<p><a href=\"https:\/\/evry.catholique.fr\/les-jeunes-du-diocese-devry-vivent-a-fond-les-jmj\/\"><img decoding=\"async\" class=\"wp-image-6486 size-full alignleft\" src=\"https:\/\/www.savigny-viry-catholique.fr\/wp-content\/uploads\/2023\/08\/JMJ23-04.jpg\" alt=\"\" width=\"362\" height=\"139\" \/><\/a><\/p>\n","protected":false},"excerpt":{"rendered":"<p>Les jeunes du Secteur \u00ab Bienheureux Marcel Callo \u00bb ont v\u00e9cu \u00e0 fond les JMJ ! &#8230;\/&#8230;<\/p>\n","protected":false},"author":990003,"featured_media":6485,"comment_status":"closed","ping_status":"closed","sticky":false,"template":"","format":"standard","meta":{"give_campaign_id":0,"footnotes":""},"categories":[1],"tags":[],"class_list":["post-6482","post","type-post","status-publish","format-standard","has-post-thumbnail","hentry","category-uncategorized"],"_links":{"self":[{"href":"https:\/\/demos.uptitude.fr\/savviry1\/wp-json\/wp\/v2\/posts\/6482","targetHints":{"allow":["GET"]}}],"collection":[{"href":"https:\/\/demos.uptitude.fr\/savviry1\/wp-json\/wp\/v2\/posts"}],"about":[{"href":"https:\/\/demos.uptitude.fr\/savviry1\/wp-json\/wp\/v2\/types\/post"}],"author":[{"embeddable":true,"href":"https:\/\/demos.uptitude.fr\/savviry1\/wp-json\/wp\/v2\/users\/990003"}],"replies":[{"embeddable":true,"href":"https:\/\/demos.uptitude.fr\/savviry1\/wp-json\/wp\/v2\/comments?post=6482"}],"version-history":[{"count":0,"href":"https:\/\/demos.uptitude.fr\/savviry1\/wp-json\/wp\/v2\/posts\/6482\/revisions"}],"wp:featuredmedia":[{"embeddable":true,"href":"https:\/\/demos.uptitude.fr\/savviry1\/wp-json\/"}],"wp:attachment":[{"href":"https:\/\/demos.uptitude.fr\/savviry1\/wp-json\/wp\/v2\/media?parent=6482"}],"wp:term":[{"taxonomy":"category","embeddable":true,"href":"https:\/\/demos.uptitude.fr\/savviry1\/wp-json\/wp\/v2\/categories?post=6482"},{"taxonomy":"post_tag","embeddable":true,"href":"https:\/\/demos.uptitude.fr\/savviry1\/wp-json\/wp\/v2\/tags?post=6482"}],"curies":[{"name":"wp","href":"https:\/\/api.w.org\/{rel}","templated":true}]}}