{"id":6489,"date":"2023-08-30T06:38:45","date_gmt":"2023-08-30T06:38:45","guid":{"rendered":"https:\/\/www.savigny-viry-catholique.fr\/?p=6489"},"modified":"2023-08-30T06:38:45","modified_gmt":"2023-08-30T06:38:45","slug":"le-temps-de-la-creation","status":"publish","type":"post","link":"https:\/\/demos.uptitude.fr\/savviry1\/le-temps-de-la-creation\/","title":{"rendered":"Le temps de la cr\u00e9ation"},"content":{"rendered":"<p>LE TEMPS DE LA CR\u00c9ATION 2023\u00a0 Du 1er septembre au 4 octobre 2023, l\u2019\u00c9glise nous invite \u00e0 vivre le \u00ab Temps pour la Cr\u00e9ation \u00bb&#8230;\/..<\/p>\n<p><!--more--><\/p>\n<p><span style=\"font-size: 20px;\">En 2015, le Pape Fran\u00e7ois a retenu la date du 1er septembre pour instituer dans l\u2019\u00c9glise catholique, une \u00ab Journ\u00e9e Mondiale de Pri\u00e8re pour<\/span><br \/>\n<span style=\"font-size: 20px;\">la Sauvegarde de la Cr\u00e9ation \u00bb. Le 4 octobre est la f\u00eate de St Fran\u00e7ois d\u2019Assise. <\/span><\/p>\n<p><span style=\"font-size: 20px;\">Ce temps fort a pour th\u00e8me en 2023 : <span style=\"color: #0000ff;\"><strong><em>\u00ab Que la justice et la paix se r\u00e9pandent \u00bb.<\/em><\/strong><\/span><\/span><\/p>\n<p><img decoding=\"async\" class=\"alignnone size-medium wp-image-6494\" src=\"https:\/\/www.savigny-viry-catholique.fr\/wp-content\/uploads\/2023\/08\/Eglise-verte-creation-300x129.jpg\" alt=\"\" width=\"300\" height=\"129\" \/><\/p>\n<p><span style=\"font-size: 20px;\">Cette initiative mondiale \u0153cum\u00e9nique est \u201cun temps pens\u00e9 pour renouveler notre relation avec notre Cr\u00e9ateur et avec toute la cr\u00e9ation en c\u00e9l\u00e9brant, en changeant et en nous engageant ensemble \u00e0 agir.\u201d<\/span><br \/>\n<span style=\"font-size: 20px;\">Dans notre dioc\u00e8se, un des grands th\u00e8mes retenus pour notre synode dioc\u00e9sain est \u00ab prendre soin de la maison commune \u00bb. Le d\u00e9cret 26 des actes du synode dioc\u00e9sain invite chaque secteur pastoral \u00e0 vivre un temps pour \u00e9voluer vers un mode de vie plus respectueux de la Cr\u00e9ation.<\/span><\/p>\n<p>&nbsp;<\/p>\n<p><span style=\"font-size: 20px; color: #008000;\"><strong>En savoir plus sur<a href=\"https:\/\/www.egliseverte.org\/actualites\/temps-pour-la-creation-2023-quelques-infos\/\"> \u00ab\u00a0Eglise verte\u00a0\u00bb\u00a0<\/a><\/strong><\/span><\/p>\n<p><a href=\"https:\/\/www.egliseverte.org\/actualites\/temps-pour-la-creation-2023-quelques-infos\/\"><img decoding=\"async\" class=\"alignnone size-full wp-image-6493\" src=\"https:\/\/www.savigny-viry-catholique.fr\/wp-content\/uploads\/2023\/08\/Eglise-verte.png\" alt=\"\" width=\"207\" height=\"127\" \/><\/a><\/p>\n","protected":false},"excerpt":{"rendered":"<p>LE TEMPS DE LA CR\u00c9ATION 2023\u00a0 Du 1er septembre au 4 octobre 2023, l\u2019\u00c9glise nous invite \u00e0 vivre le \u00ab Temps pour la Cr\u00e9ation \u00bb&#8230;\/..<\/p>\n","protected":false},"author":990003,"featured_media":6494,"comment_status":"closed","ping_status":"closed","sticky":false,"template":"","format":"standard","meta":{"give_campaign_id":0,"footnotes":""},"categories":[1],"tags":[],"class_list":["post-6489","post","type-post","status-publish","format-standard","has-post-thumbnail","hentry","category-uncategorized"],"_links":{"self":[{"href":"https:\/\/demos.uptitude.fr\/savviry1\/wp-json\/wp\/v2\/posts\/6489","targetHints":{"allow":["GET"]}}],"collection":[{"href":"https:\/\/demos.uptitude.fr\/savviry1\/wp-json\/wp\/v2\/posts"}],"about":[{"href":"https:\/\/demos.uptitude.fr\/savviry1\/wp-json\/wp\/v2\/types\/post"}],"author":[{"embeddable":true,"href":"https:\/\/demos.uptitude.fr\/savviry1\/wp-json\/wp\/v2\/users\/990003"}],"replies":[{"embeddable":true,"href":"https:\/\/demos.uptitude.fr\/savviry1\/wp-json\/wp\/v2\/comments?post=6489"}],"version-history":[{"count":0,"href":"https:\/\/demos.uptitude.fr\/savviry1\/wp-json\/wp\/v2\/posts\/6489\/revisions"}],"wp:featuredmedia":[{"embeddable":true,"href":"https:\/\/demos.uptitude.fr\/savviry1\/wp-json\/"}],"wp:attachment":[{"href":"https:\/\/demos.uptitude.fr\/savviry1\/wp-json\/wp\/v2\/media?parent=6489"}],"wp:term":[{"taxonomy":"category","embeddable":true,"href":"https:\/\/demos.uptitude.fr\/savviry1\/wp-json\/wp\/v2\/categories?post=6489"},{"taxonomy":"post_tag","embeddable":true,"href":"https:\/\/demos.uptitude.fr\/savviry1\/wp-json\/wp\/v2\/tags?post=6489"}],"curies":[{"name":"wp","href":"https:\/\/api.w.org\/{rel}","templated":true}]}}