{"id":6496,"date":"2023-09-02T14:54:22","date_gmt":"2023-09-02T14:54:22","guid":{"rendered":"https:\/\/www.savigny-viry-catholique.fr\/?p=6496"},"modified":"2023-09-02T14:54:22","modified_gmt":"2023-09-02T14:54:22","slug":"cest-la-rentree-3","status":"publish","type":"post","link":"https:\/\/demos.uptitude.fr\/savviry1\/cest-la-rentree-3\/","title":{"rendered":"Inscriptions au cat\u00e9chisme!"},"content":{"rendered":"<p>Inscription au cat\u00e9chisme et \u00e0 l\u2019aum\u00f4nerie : Inscrivez votre enfant au cat\u00e9chisme, pour lui transmettre plus que la foi<\/p>\n<p><!--more--><\/p>\n<p><a href=\"https:\/\/www.savigny-viry-catholique.fr\/la-catechese\/\"><img fetchpriority=\"high\" decoding=\"async\" class=\"wp-image-6463 alignleft\" src=\"https:\/\/www.savigny-viry-catholique.fr\/wp-content\/uploads\/2023\/07\/web-kt-campagne-2019-1240x620px6-avant-300x150.jpg\" alt=\"\" width=\"500\" height=\"250\" \/><\/a><\/p>\n<p><span style=\"font-size: 20px;\"><strong><span style=\"color: #0000ff;\">Pourquoi inscrire votre enfant au cat\u00e9 ?<\/span><\/strong><\/span><br \/>\n<span style=\"font-size: 16px;\">Vous voulez que votre enfant :<\/span><br \/>\n<span style=\"font-size: 16px;\">\uf0b7 d\u00e9couvre l\u2019Amour infini de Dieu qui nous porte et donne sens \u00e0 nos vies.<\/span><br \/>\n<span style=\"font-size: 16px;\">\uf0b7 fasse une v\u00e9ritable rencontre avec J\u00e9sus-Christ, Fils de Dieu, venu sur la terre, mort et ressuscit\u00e9 pour nous sauver du p\u00e9ch\u00e9 et nous offrir la vie \u00e9ternelle.<\/span><br \/>\n<span style=\"font-size: 16px;\">L\u2019inscrire en cat\u00e9ch\u00e8se lui donnera toutes les bases d\u2019une vie ancr\u00e9e en Dieu.<\/span><br \/>\n<span style=\"font-size: 20px;\"><strong><span style=\"color: #0000ff;\">Que fait-on au cat\u00e9 ?<\/span><\/strong><\/span><br \/>\n<span style=\"font-size: 16px;\">En cat\u00e9ch\u00e8se, les moyens les plus divers sont mis en \u0153uvre pour :<\/span><br \/>\n<span style=\"font-size: 16px;\">\uf0b7 faire conna\u00eetre J\u00e9sus aux enfants par des parcours actualis\u00e9s, des textes, images, vid\u00e9os,<\/span><br \/>\n<span style=\"font-size: 16px;\">louanges, jeux, rencontres avec des t\u00e9moins.<\/span><br \/>\n<span style=\"font-size: 16px;\">\uf0b7 leur faire d\u00e9couvrir les grandes v\u00e9rit\u00e9s de la foi, la vie des saints, les pri\u00e8res de l\u2019Eglise Catholique.<\/span><br \/>\n<span style=\"font-size: 16px;\">\uf0b7 les pr\u00e9parer \u00e0 recevoir, s\u2019ils le souhaitent, les sacrements tels que le bapt\u00eame, la r\u00e9conciliation, l\u2019Eucharistie.<\/span><br \/>\n<span style=\"color: #0000ff; font-size: 20px;\"><strong>La libert\u00e9 de l\u2019enfant est-elle en jeu ?<\/strong><\/span><br \/>\n<span style=\"font-size: 16px;\">Pour qu\u2019un enfant choisisse d\u2019\u00eatre chr\u00e9tien, ce n\u2019est pas entraver sa libert\u00e9 que de lui parler d\u00e8s son<\/span><br \/>\n<span style=\"font-size: 16px;\">plus jeune \u00e2ge de J\u00e9sus et de la foule des t\u00e9moins de Dieu qui constituent l\u2019\u00c9glise. C\u2019est lui donner<\/span><br \/>\n<span style=\"font-size: 16px;\">le moyen de choisir en connaissance de cause.<\/span><\/p>\n<p><span style=\"font-size: 16px;\"><strong>les Inscriptions :\u00a0<\/strong><\/span><\/p>\n<p><span style=\"font-size: 16px;\"><strong><span style=\"color: #ff6600;\">Pour Viry Ch\u00e2tillon\u00a0<\/span><\/strong><\/span><\/p>\n<p><span style=\"font-size: 16px; font-family: helvetica, arial, sans-serif;\"><strong>&#8211; Samedi 16, 23 et 30 septembre de 9h 30 \u00e0 11h \u00e0 Notre Dame des Cit\u00e9s<\/strong><\/span><br \/>\n<span style=\"font-size: 16px; font-family: helvetica, arial, sans-serif;\"><strong>&#8211; Samedi 7 octobre de 9h 30 \u00e0 11h \u00e0 Notre Dame des Cit\u00e9s<\/strong><\/span><br \/>\n<span style=\"font-size: 16px; font-family: helvetica, arial, sans-serif;\"><strong>&#8211; Dimanche 10 septembre de 10h \u00e0 18h au Forum des Associations<\/strong><\/span><br \/>\n<span style=\"font-size: 16px; font-family: helvetica, arial, sans-serif;\"><strong>&#8211; A l\u2019accueil de sainte Bernadette aux heures de permanence le samedi de 10h \u00e0 11h 30<\/strong><\/span><br \/>\n<span style=\"font-size: 16px; font-family: helvetica, arial, sans-serif;\"><strong>&#8211; A l\u2019accueil du presbyt\u00e8re saint Denis le samedi de 10h \u00e0 11h 30 et lundi de 14h \u00e0 16h<\/strong><\/span><\/p>\n<ul>\n<li><strong><span style=\"font-size: 16px; font-family: helvetica, arial, sans-serif; color: #ff6600;\">R\u00e9union des parents le jeudi 21 septembre \u00e0 20h30 \u00e0 ND des Cit\u00e9s<\/span><\/strong><\/li>\n<\/ul>\n<p>&nbsp;<\/p>\n<p><span style=\"font-size: 16px;\"><strong><span style=\"color: #ff6600;\">Pour Savigny\u00a0<\/span><\/strong><\/span><\/p>\n<p><span style=\"font-size: 16px; font-family: helvetica, arial, sans-serif;\"><strong>&#8211; Le samedi 9 septembre au Forum des Association sur le stand de l&rsquo;Association Ste Th\u00e9r\u00e8se St Martin de 10h00 \u00e0 18h00<\/strong><\/span><\/p>\n<p><span style=\"font-size: 16px; font-family: helvetica, arial, sans-serif;\"><strong>&#8211; <span style=\"background-color: transparent; color: #000000;\">Samedi 16 septembre : inscriptions \u00e0 ND d&rsquo;Esp\u00e9rance\u00a0 de 15h30 \u00e0 17h30<\/span><\/strong><\/span><\/p>\n<div dir=\"ltr\">\n<p align=\"left\"><span style=\"font-size: 16px; font-family: helvetica, arial, sans-serif;\"><strong><span style=\"color: #000000;\"><span style=\"background: none transparent scroll repeat 0% 0%;\">&#8211; Samedi 23 septembre : inscriptions \u00e0<span style=\"background-color: transparent; color: #000000;\"> ND d&rsquo;Esp\u00e9rance\u00a0 de 15h30 \u00e0 17h30<\/span><\/span><\/span><\/strong><\/span><\/p>\n<p align=\"left\"><span style=\"font-size: 16px; font-family: helvetica, arial, sans-serif;\"><strong><span style=\"color: #000000;\"><span style=\"background: none transparent scroll repeat 0% 0%;\">&#8211; Samedi 30 septembre : inscriptions \u00e0<span style=\"background-color: transparent; color: #000000;\"> ND d&rsquo;Esp\u00e9rance\u00a0 de 15h30 \u00e0 17h30<\/span><\/span><\/span><\/strong><\/span><\/p>\n<\/div>\n<ul>\n<li><strong><span style=\"font-size: 16px; font-family: helvetica, arial, sans-serif; color: #ff6600;\">R\u00e9union des parents le mardi 29 septembre \u00e0 20h30 \u00e0 l&rsquo;Espace P\u00e8re Coindreau\u00a0 (23 av des \u00e9coles)<\/span><\/strong><\/li>\n<\/ul>\n<p>&nbsp;<\/p>\n<p><strong><span style=\"font-size: 16px; color: #ff6600;\">En savoir plus\u00a0 en cliquant sur l&rsquo;image<\/span><\/strong><\/p>\n<p><a href=\"https:\/\/www.savigny-viry-catholique.fr\/la-catechese\/\"><img decoding=\"async\" class=\"alignnone wp-image-6464\" src=\"https:\/\/www.savigny-viry-catholique.fr\/wp-content\/uploads\/2023\/07\/web-kt-campagne-2019-1240x620px-envol-300x150.jpg\" alt=\"\" width=\"500\" height=\"250\" \/><\/a><\/p>\n","protected":false},"excerpt":{"rendered":"<p>Inscription au cat\u00e9chisme et \u00e0 l\u2019aum\u00f4nerie : Inscrivez votre enfant au cat\u00e9chisme, pour lui transmettre plus que la foi<\/p>\n","protected":false},"author":990003,"featured_media":6464,"comment_status":"closed","ping_status":"closed","sticky":false,"template":"","format":"standard","meta":{"give_campaign_id":0,"footnotes":""},"categories":[1],"tags":[],"class_list":["post-6496","post","type-post","status-publish","format-standard","has-post-thumbnail","hentry","category-uncategorized"],"_links":{"self":[{"href":"https:\/\/demos.uptitude.fr\/savviry1\/wp-json\/wp\/v2\/posts\/6496","targetHints":{"allow":["GET"]}}],"collection":[{"href":"https:\/\/demos.uptitude.fr\/savviry1\/wp-json\/wp\/v2\/posts"}],"about":[{"href":"https:\/\/demos.uptitude.fr\/savviry1\/wp-json\/wp\/v2\/types\/post"}],"author":[{"embeddable":true,"href":"https:\/\/demos.uptitude.fr\/savviry1\/wp-json\/wp\/v2\/users\/990003"}],"replies":[{"embeddable":true,"href":"https:\/\/demos.uptitude.fr\/savviry1\/wp-json\/wp\/v2\/comments?post=6496"}],"version-history":[{"count":0,"href":"https:\/\/demos.uptitude.fr\/savviry1\/wp-json\/wp\/v2\/posts\/6496\/revisions"}],"wp:featuredmedia":[{"embeddable":true,"href":"https:\/\/demos.uptitude.fr\/savviry1\/wp-json\/"}],"wp:attachment":[{"href":"https:\/\/demos.uptitude.fr\/savviry1\/wp-json\/wp\/v2\/media?parent=6496"}],"wp:term":[{"taxonomy":"category","embeddable":true,"href":"https:\/\/demos.uptitude.fr\/savviry1\/wp-json\/wp\/v2\/categories?post=6496"},{"taxonomy":"post_tag","embeddable":true,"href":"https:\/\/demos.uptitude.fr\/savviry1\/wp-json\/wp\/v2\/tags?post=6496"}],"curies":[{"name":"wp","href":"https:\/\/api.w.org\/{rel}","templated":true}]}}