{"id":6513,"date":"2023-08-26T15:48:36","date_gmt":"2023-08-26T15:48:36","guid":{"rendered":"https:\/\/www.savigny-viry-catholique.fr\/?p=6513"},"modified":"2023-08-26T15:48:36","modified_gmt":"2023-08-26T15:48:36","slug":"journee-mondiale-du-migrant-et-du-refugie","status":"publish","type":"post","link":"https:\/\/demos.uptitude.fr\/savviry1\/journee-mondiale-du-migrant-et-du-refugie\/","title":{"rendered":"Journ\u00e9e mondiale du migrant et du r\u00e9fugi\u00e9"},"content":{"rendered":"<div>\n<div>Le dimanche 24 septembre 2023 : <span dir=\"ltr\" role=\"presentation\">109<\/span><span dir=\"ltr\" role=\"presentation\">\u00e8me<\/span>\u00a0<span dir=\"ltr\" role=\"presentation\">Journ\u00e9e Mondiale du Migrant et du\u00a0<\/span><span dir=\"ltr\" role=\"presentation\">R\u00e9fugi\u00e9. Le Saint<\/span><span dir=\"ltr\" role=\"presentation\">\u2013<\/span><span dir=\"ltr\" role=\"presentation\">P\u00e8re a choisi d\u2019intituler son traditionnel message : \u00ab Libre de choisir entre migrer ou rester \u00bb&#8230;.\/&#8230;<\/span><\/div>\n<\/div>\n<p><!--more--><\/p>\n<p><a href=\"https:\/\/eglise.catholique.fr\/sengager-dans-la-societe\/migrants\/journee-mondiale-migrant-refugie\/\"><img fetchpriority=\"high\" decoding=\"async\" class=\"alignnone wp-image-6511 size-full\" src=\"https:\/\/www.savigny-viry-catholique.fr\/wp-content\/uploads\/2023\/09\/JourneeMigrants23-02.jpg\" alt=\"\" width=\"623\" height=\"216\" \/><\/a><\/p>\n<p><strong><span style=\"font-size: 16px;\"><em>Par cette journ\u00e9e, l\u2019\u00c9glise catholique veut rappeler, de par le monde, ses convictions et ses engagements pour que soient respect\u00e9s et reconnus dans leurs droits et dignit\u00e9 les migrants, les r\u00e9fugi\u00e9s, les demandeurs d\u2019asile et tous les hommes et femmes de la migration . <a href=\"https:\/\/evry.catholique.fr\/journee-mondiale-du-migrant-et-du-refugie-dimanche-24-septembre-2023\/\">Pour en savoir plus\u00a0<\/a><\/em><\/span><\/strong><\/p>\n<p>&nbsp;<\/p>\n<p><strong><span style=\"font-size: 20px; color: #0000ff;\">Le message du Pape pour cette journ\u00e9e\u00a0<a href=\"https:\/\/www.vatican.va\/content\/francesco\/fr\/messages\/migration\/documents\/20230511-world-migrants-day-2023.html\"> ICI<\/a><\/span><\/strong><\/p>\n<p>&nbsp;<\/p>\n<p><strong><a href=\"https:\/\/eglise.catholique.fr\/sengager-dans-la-societe\/migrants\/journee-mondiale-migrant-refugie\/\"><span style=\"font-size: 16px;\">Infos compl\u00e9mentaires sur le site de \u00ab\u00a0l&rsquo;Eglise catholique en France\u00a0\u00bb<\/span><\/a><\/strong><\/p>\n","protected":false},"excerpt":{"rendered":"<p>Le dimanche 24 septembre 2023 : 109\u00e8me\u00a0Journ\u00e9e Mondiale du Migrant et du\u00a0R\u00e9fugi\u00e9. Le Saint\u2013P\u00e8re a choisi d\u2019intituler son traditionnel message : \u00ab Libre de choisir entre migrer ou rester \u00bb&#8230;.\/&#8230;<\/p>\n","protected":false},"author":990003,"featured_media":6512,"comment_status":"closed","ping_status":"closed","sticky":false,"template":"","format":"standard","meta":{"give_campaign_id":0,"footnotes":""},"categories":[1],"tags":[],"class_list":["post-6513","post","type-post","status-publish","format-standard","has-post-thumbnail","hentry","category-uncategorized"],"_links":{"self":[{"href":"https:\/\/demos.uptitude.fr\/savviry1\/wp-json\/wp\/v2\/posts\/6513","targetHints":{"allow":["GET"]}}],"collection":[{"href":"https:\/\/demos.uptitude.fr\/savviry1\/wp-json\/wp\/v2\/posts"}],"about":[{"href":"https:\/\/demos.uptitude.fr\/savviry1\/wp-json\/wp\/v2\/types\/post"}],"author":[{"embeddable":true,"href":"https:\/\/demos.uptitude.fr\/savviry1\/wp-json\/wp\/v2\/users\/990003"}],"replies":[{"embeddable":true,"href":"https:\/\/demos.uptitude.fr\/savviry1\/wp-json\/wp\/v2\/comments?post=6513"}],"version-history":[{"count":0,"href":"https:\/\/demos.uptitude.fr\/savviry1\/wp-json\/wp\/v2\/posts\/6513\/revisions"}],"wp:featuredmedia":[{"embeddable":true,"href":"https:\/\/demos.uptitude.fr\/savviry1\/wp-json\/"}],"wp:attachment":[{"href":"https:\/\/demos.uptitude.fr\/savviry1\/wp-json\/wp\/v2\/media?parent=6513"}],"wp:term":[{"taxonomy":"category","embeddable":true,"href":"https:\/\/demos.uptitude.fr\/savviry1\/wp-json\/wp\/v2\/categories?post=6513"},{"taxonomy":"post_tag","embeddable":true,"href":"https:\/\/demos.uptitude.fr\/savviry1\/wp-json\/wp\/v2\/tags?post=6513"}],"curies":[{"name":"wp","href":"https:\/\/api.w.org\/{rel}","templated":true}]}}