{"id":6568,"date":"2023-10-11T10:04:33","date_gmt":"2023-10-11T10:04:33","guid":{"rendered":"https:\/\/www.savigny-viry-catholique.fr\/?p=6568"},"modified":"2023-10-11T10:04:33","modified_gmt":"2023-10-11T10:04:33","slug":"laudate-deum-lexhortation-apostolique-du-pape-francois","status":"publish","type":"post","link":"https:\/\/demos.uptitude.fr\/savviry1\/laudate-deum-lexhortation-apostolique-du-pape-francois\/","title":{"rendered":"\u00ab\u00a0Laudate Deum\u00a0\u00bb, l\u2019exhortation apostolique du Pape Fran\u00e7ois"},"content":{"rendered":"<h1 class=\"\"><span style=\"font-size: 14px;\">Le 4 octobre, publication de \u00ab Laudate Deum \u00bb, la nouvelle exhortation apostolique\u00a0<em>Laudate Deum<\/em> du pape Fran\u00e7ois sur la crise climatique &#8230;\/&#8230;<\/span><\/h1>\n<p><!--more--><\/p>\n<article><img decoding=\"async\" class=\"size-medium wp-image-6563 alignleft\" src=\"https:\/\/www.savigny-viry-catholique.fr\/wp-content\/uploads\/2023\/10\/Laudate-Deum-300x162.jpg\" alt=\"\" width=\"300\" height=\"162\" \/><span style=\"font-size: 16px;\">Le Saint-P\u00e8re aborde la situation du changement climatique dans\u00a0<em>Laudate Deum<\/em>\u00a0(\u00ab\u00a0Louez Dieu\u00a0\u00bb) parce que \u00ab\u00a0l\u2019\u00eatre humain qui pr\u00e9tend prendre la place de Dieu devient le pire danger pour lui-m\u00eame\u00a0\u00bb (LD 73) apr\u00e8s la lettre encyclique\u00a0<em><a href=\"https:\/\/www.vatican.va\/content\/francesco\/fr\/encyclicals\/documents\/papa-francesco_20150524_enciclica-laudato-si.html\">Laudato si\u2019<\/a><\/em>promulgu\u00e9e lors de la solennit\u00e9 de la Pentec\u00f4te 2015.<\/span><span style=\"font-size: 16px;\"><strong><a href=\"https:\/\/evry.catholique.fr\/wp-content\/uploads\/2023\/10\/20231004-laudate-deum.pdf\" target=\"_blank\" rel=\"noreferrer noopener\">L\u2019exhortation apostolique\u00a0<em>Laudate Deum<\/em>,<\/a><\/strong>adress\u00e9e \u00e0 tous les hommes de bonne volont\u00e9, est compos\u00e9e de six chapitres :\u00a0<\/span><span style=\"font-size: 16px;\">Dans le premier, \u00ab\u00a0<strong>la crise climatique mondiale<\/strong>\u00ab\u00a0, le pape Fran\u00e7ois avertit que le changement climatique est ind\u00e9niable et que ses effets sont de plus en plus \u00e9vidents \u00ab\u00a0malgr\u00e9 certaines tentatives de les minimiser ou de les ridiculiser\u00a0\u00bb (LD 6). Il d\u00e9plore \u00e9galement que la cause principale de ce probl\u00e8me soit l\u2019activit\u00e9 humaine et ajoute que, si nous ne pouvons plus corriger certains d\u00e9g\u00e2ts, nous pouvons n\u00e9anmoins prendre des mesures pour \u00e9viter des dommages \u00e0 venir encore plus graves.<\/span><span style=\"font-size: 16px;\">Dans le deuxi\u00e8me chapitre, le Saint-P\u00e8re aborde le \u00ab\u00a0paradigme technocratique\u00a0\u00bb et souligne que la nature n\u2019est pas une ressource \u00e0 exploiter sans fin. Il nous invite \u00e0 admettre qu\u2019une ambition d\u00e9brid\u00e9e n\u2019est pas \u00e9thiquement durable (LD 28).<\/span><span style=\"font-size: 16px;\">Dans le troisi\u00e8me chapitre, Fran\u00e7ois fait r\u00e9f\u00e9rence \u00e0 \u00ab\u00a0<strong>la faiblesse de la politique internationale<\/strong>\u00a0\u00bb et souligne le besoin urgent d\u2019une coop\u00e9ration mondiale par le biais de nouveaux accords multilat\u00e9raux entre les \u00c9tats, car les approches actuelles et pass\u00e9es sont insuffisantes (LD 43).<\/span><span style=\"font-size: 16px;\">Dans le quatri\u00e8me chapitre, le pape r\u00e9fl\u00e9chit aux \u00ab\u00a0<strong>conf\u00e9rences sur le climat : progr\u00e8s et \u00e9checs<\/strong>\u00a0\u00bb et encourage \u00e0 d\u00e9passer les positions \u00e9go\u00efstes des pays au profit du bien commun mondial (LD 44, 52) et dans le cinqui\u00e8me chapitre, il r\u00e9fl\u00e9chit \u00e0 \u00ab\u00a0ce que l\u2019on attend de la COP28 \u00e0 Duba\u00ef\u00a0\u00bb si l\u2019on ne veut pas condamner l\u2019humanit\u00e9.<\/span><\/p>\n<p><span style=\"font-size: 16px;\">Dans le dernier chapitre, \u00ab\u00a0<strong>motivations spirituelles<\/strong>\u00ab\u00a0, le Saint-P\u00e8re appelle les personnes de toutes les confessions religieuses \u00e0 r\u00e9agir. Il rappelle \u00e9galement aux catholiques\u00a0<strong>qu\u2019\u00e0 la lumi\u00e8re de la foi, ils ont la responsabilit\u00e9 de prendre soin de la cr\u00e9ation de Dieu<\/strong>\u00a0et que cela implique le respect des lois de la nature et la reconnaissance de la beaut\u00e9 et de la richesse de la cr\u00e9ation de Dieu.<\/span><\/p>\n<p><span style=\"font-size: 16px;\">Enfin, le pape Fran\u00e7ois nous invite \u00e0 marcher en communion, ensemble, synodalement, et \u00e0 nous engager dans la \u00ab\u00a0r\u00e9conciliation avec le monde dans lequel nous vivons\u00a0\u00bb (LD 69).<\/span><\/p>\n<p class=\"has-text-align-right\"><span style=\"font-size: 16px;\">Source : <\/span><span style=\"font-size: 16px;\">(Communication du Dicast\u00e8re au service du d\u00e9veloppement humain int\u00e9gral)<\/span><\/p>\n<p><span style=\"font-size: 20px; color: #0000ff;\"><strong>Pour t\u00e9l\u00e9charger <a href=\"https:\/\/www.savigny-viry-catholique.fr\/temoignages\/\">le texte cliquez\u00a0 ICI<\/a><\/strong><\/span><\/p>\n<\/article>\n<p>&nbsp;<\/p>\n<p><strong><span style=\"font-size: 16px;\">Infos compl\u00e9mentaires sur<a href=\"https:\/\/evry.catholique.fr\/laudate-deum-lexhortation-apostolique-du-pape-francois-suite-a-laudato-si\/\"> le site du dioc\u00e8se ICI<\/a><\/span><\/strong><\/p>\n","protected":false},"excerpt":{"rendered":"<p>Le 4 octobre, publication de \u00ab Laudate Deum \u00bb, la nouvelle exhortation apostolique\u00a0Laudate Deum du pape Fran\u00e7ois sur la crise climatique &#8230;\/&#8230;<\/p>\n","protected":false},"author":990003,"featured_media":6605,"comment_status":"closed","ping_status":"closed","sticky":false,"template":"","format":"standard","meta":{"give_campaign_id":0,"footnotes":""},"categories":[1],"tags":[],"class_list":["post-6568","post","type-post","status-publish","format-standard","has-post-thumbnail","hentry","category-uncategorized"],"_links":{"self":[{"href":"https:\/\/demos.uptitude.fr\/savviry1\/wp-json\/wp\/v2\/posts\/6568","targetHints":{"allow":["GET"]}}],"collection":[{"href":"https:\/\/demos.uptitude.fr\/savviry1\/wp-json\/wp\/v2\/posts"}],"about":[{"href":"https:\/\/demos.uptitude.fr\/savviry1\/wp-json\/wp\/v2\/types\/post"}],"author":[{"embeddable":true,"href":"https:\/\/demos.uptitude.fr\/savviry1\/wp-json\/wp\/v2\/users\/990003"}],"replies":[{"embeddable":true,"href":"https:\/\/demos.uptitude.fr\/savviry1\/wp-json\/wp\/v2\/comments?post=6568"}],"version-history":[{"count":0,"href":"https:\/\/demos.uptitude.fr\/savviry1\/wp-json\/wp\/v2\/posts\/6568\/revisions"}],"wp:featuredmedia":[{"embeddable":true,"href":"https:\/\/demos.uptitude.fr\/savviry1\/wp-json\/"}],"wp:attachment":[{"href":"https:\/\/demos.uptitude.fr\/savviry1\/wp-json\/wp\/v2\/media?parent=6568"}],"wp:term":[{"taxonomy":"category","embeddable":true,"href":"https:\/\/demos.uptitude.fr\/savviry1\/wp-json\/wp\/v2\/categories?post=6568"},{"taxonomy":"post_tag","embeddable":true,"href":"https:\/\/demos.uptitude.fr\/savviry1\/wp-json\/wp\/v2\/tags?post=6568"}],"curies":[{"name":"wp","href":"https:\/\/api.w.org\/{rel}","templated":true}]}}