{"id":6580,"date":"2023-10-26T13:45:11","date_gmt":"2023-10-26T13:45:11","guid":{"rendered":"https:\/\/www.savigny-viry-catholique.fr\/?p=6580"},"modified":"2023-10-26T13:45:11","modified_gmt":"2023-10-26T13:45:11","slug":"formation-autour-de-la-liturgie","status":"publish","type":"post","link":"https:\/\/demos.uptitude.fr\/savviry1\/formation-autour-de-la-liturgie\/","title":{"rendered":"Formation autour de la LITURGIE"},"content":{"rendered":"<p>\u00ab\u00a0J&rsquo;ai d\u00e9sir\u00e9 d&rsquo;un grand d\u00e9sir\u00a0\u00bb (Luc 22,15) Rencontres et formation autour de la liturgie, les jeudis\u00a0 &#8230;\/&#8230;<\/p>\n<p><!--more--><\/p>\n<p>&nbsp;<\/p>\n<p><img fetchpriority=\"high\" decoding=\"async\" class=\"alignleft wp-image-6576\" src=\"https:\/\/www.savigny-viry-catholique.fr\/wp-content\/uploads\/2023\/10\/Jaidesire-dungrand-desir-papeFrancois-215x300.jpg\" alt=\"\" width=\"300\" height=\"419\" \/><\/p>\n<p>&nbsp;<\/p>\n<p>&nbsp;<\/p>\n<p>&nbsp;<\/p>\n<p><span style=\"font-size: 20px;\">A partir de la lettre apostolique du pape Fran\u00e7ois <\/span><\/p>\n<p><span style=\"font-size: 20px;\">sur la <\/span><span style=\"font-size: 20px;\">formation liturgique du peuple de Dieu :<\/span><\/p>\n<p><span style=\"font-size: 20px;\"><span style=\"color: #0000ff;\"><em><strong>\u00ab J\u2019ai d\u00e9sir\u00e9 d\u2019un grand d\u00e9sir \u00bb<\/strong><\/em><\/span> .<\/span><span style=\"font-size: 20px;\"><span style=\"font-size: 16px;\">\u00a0<\/span><\/span><\/p>\n<p><span style=\"font-size: 20px;\"><span style=\"font-size: 16px;\"><a href=\"https:\/\/www.vatican.va\/content\/francesco\/fr\/apost_letters\/documents\/20220629-lettera-ap-desiderio-desideravi.html\"><strong>(\u00e0 lire et t\u00e9l\u00e9charger ICI)<\/strong><\/a><\/span><\/span><\/p>\n<p>&nbsp;<\/p>\n<p><span style=\"font-size: 20px;\">Aspects pratiques en lien avec Vatican II et le Missel romain<\/span><\/p>\n<p>&nbsp;<\/p>\n<p><strong><span style=\"font-size: 20px;\">Le jeudi de 20h 30 \u00e0 22h 30<\/span><\/strong><br \/>\n<span style=\"font-size: 20px;\">Salles paroissiales de l\u2019\u00e9glise Sainte Th\u00e9r\u00e8se<\/span><br \/>\n<span style=\"font-size: 20px;\">23 avenue des Ecoles, Savigny<\/span><\/p>\n<p>&nbsp;<\/p>\n<p>&nbsp;<\/p>\n<p><span style=\"font-size: 20px;\">\u25cf<strong><span style=\"color: #0000ff;\"> 9 novembre 2023<\/span><\/strong> : <em><strong>Se pr\u00e9parer et pr\u00e9parer une <\/strong><\/em><\/span><em><strong><span style=\"font-size: 20px;\">c\u00e9l\u00e9bration chr\u00e9tienne<\/span><\/strong><\/em><\/p>\n<p>&nbsp;<\/p>\n<p><span style=\"font-size: 20px;\">\u25cf <strong><span style=\"color: #0000ff;\">30 novembre 2023<\/span> <\/strong>: <strong><em>Le sens th\u00e9ologique de la liturgie<\/em><\/strong><\/span><\/p>\n<p>&nbsp;<\/p>\n<p><span style=\"font-size: 20px;\">\u25cf <span style=\"color: #0000ff;\"><strong>22 f\u00e9vrier 2024<\/strong><\/span> : <em><strong>Deux faces ins\u00e9parables en liturgie:<\/strong><\/em><\/span><br \/>\n<em><strong><span style=\"font-size: 20px;\">\u00a0 \u00a0 \u00a0 \u00a0 \u00a0 \u00a0 \u00a0 \u00a0 \u00a0 \u00a0 \u00a0 \u00a0 \u00a0 \u00a0 \u00a0 \u00a0 \u00a0du s\u00e9rieux et de la vitalit\u00e9<\/span><\/strong><\/em><\/p>\n<p>&nbsp;<\/p>\n<p><span style=\"font-size: 20px;\">\u25cf <span style=\"color: #0000ff;\"><strong>14 mars 2024<\/strong><\/span> : <em><strong>L&rsquo;ars celebrandi &#8211; l&rsquo;art de c\u00e9l\u00e9brer<\/strong><\/em><\/span><\/p>\n<p>&nbsp;<\/p>\n<p><span style=\"font-size: 20px;\"><strong><span style=\"color: #0000ff;\">\u25cf 25 avril 2024<\/span><\/strong> : <em><strong>Ouverture -quel est donc ce \u00ab\u00a0grand <\/strong><\/em><\/span><em><strong><span style=\"font-size: 20px;\">d\u00e9sir\u00a0\u00bb du Seigneur ?<\/span><\/strong><\/em><\/p>\n<p>&nbsp;<\/p>\n<p><img decoding=\"async\" class=\"alignnone wp-image-6583\" src=\"https:\/\/www.savigny-viry-catholique.fr\/wp-content\/uploads\/2023\/10\/Formation-Liturgie-300x157.gif\" alt=\"\" width=\"400\" height=\"209\" \/><\/p>\n<p>&nbsp;<\/p>\n<p>&nbsp;<\/p>\n<p>&nbsp;<\/p>\n","protected":false},"excerpt":{"rendered":"<p>\u00ab\u00a0J&rsquo;ai d\u00e9sir\u00e9 d&rsquo;un grand d\u00e9sir\u00a0\u00bb (Luc 22,15) Rencontres et formation autour de la liturgie, les jeudis\u00a0 &#8230;\/&#8230;<\/p>\n","protected":false},"author":990003,"featured_media":6582,"comment_status":"closed","ping_status":"closed","sticky":false,"template":"","format":"standard","meta":{"give_campaign_id":0,"footnotes":""},"categories":[35,1],"tags":[],"class_list":["post-6580","post","type-post","status-publish","format-standard","has-post-thumbnail","hentry","category-conference","category-uncategorized"],"_links":{"self":[{"href":"https:\/\/demos.uptitude.fr\/savviry1\/wp-json\/wp\/v2\/posts\/6580","targetHints":{"allow":["GET"]}}],"collection":[{"href":"https:\/\/demos.uptitude.fr\/savviry1\/wp-json\/wp\/v2\/posts"}],"about":[{"href":"https:\/\/demos.uptitude.fr\/savviry1\/wp-json\/wp\/v2\/types\/post"}],"author":[{"embeddable":true,"href":"https:\/\/demos.uptitude.fr\/savviry1\/wp-json\/wp\/v2\/users\/990003"}],"replies":[{"embeddable":true,"href":"https:\/\/demos.uptitude.fr\/savviry1\/wp-json\/wp\/v2\/comments?post=6580"}],"version-history":[{"count":0,"href":"https:\/\/demos.uptitude.fr\/savviry1\/wp-json\/wp\/v2\/posts\/6580\/revisions"}],"wp:featuredmedia":[{"embeddable":true,"href":"https:\/\/demos.uptitude.fr\/savviry1\/wp-json\/"}],"wp:attachment":[{"href":"https:\/\/demos.uptitude.fr\/savviry1\/wp-json\/wp\/v2\/media?parent=6580"}],"wp:term":[{"taxonomy":"category","embeddable":true,"href":"https:\/\/demos.uptitude.fr\/savviry1\/wp-json\/wp\/v2\/categories?post=6580"},{"taxonomy":"post_tag","embeddable":true,"href":"https:\/\/demos.uptitude.fr\/savviry1\/wp-json\/wp\/v2\/tags?post=6580"}],"curies":[{"name":"wp","href":"https:\/\/api.w.org\/{rel}","templated":true}]}}