{"id":6598,"date":"2023-10-10T16:10:51","date_gmt":"2023-10-10T16:10:51","guid":{"rendered":"https:\/\/www.savigny-viry-catholique.fr\/?p=6598"},"modified":"2023-10-10T16:10:51","modified_gmt":"2023-10-10T16:10:51","slug":"semaine-missionnaire-mondiale-3","status":"publish","type":"post","link":"https:\/\/demos.uptitude.fr\/savviry1\/semaine-missionnaire-mondiale-3\/","title":{"rendered":"Semaine missionnaire mondiale"},"content":{"rendered":"<p>La Journ\u00e9e Missionnaire Mondiale aura lieu dimanche 22 octobre 2023 sur le th\u00e8me : \u00ab Des c\u0153urs br\u00fblants, des pieds en marche \u00bb (cf. Lc 24, 13-35) &#8230;\/&#8230;<\/p>\n<p><!--more--><\/p>\n<p><img fetchpriority=\"high\" decoding=\"async\" class=\"wp-image-6596 alignleft\" src=\"https:\/\/www.savigny-viry-catholique.fr\/wp-content\/uploads\/2023\/10\/Missions23-678x1024.jpg\" alt=\"\" width=\"500\" height=\"755\" \/><\/p>\n<p>&nbsp;<\/p>\n<p><span style=\"font-size: 20px;\">Cette journ\u00e9e cl\u00f4ture la semaine missionnaire mondiale qui aura lieu\u00a0<b>du 15 au 22 octobre 2023<\/b>.<\/span><\/p>\n<p>&nbsp;<\/p>\n<div class=\"spotlight01\">\n<p style=\"text-align: justify;\"><span style=\"font-size: 16px;\">Le mois d\u2019octobre est consacr\u00e9\u00a0aux Missions. Du 15 au 22 octobre, la Semaine Missionnaire Mondiale appelle les catholiques \u00e0 la pri\u00e8re et au partage, pour soutenir la vie et la mission des \u00c9glises locales du monde. La qu\u00eate du Dimanche de la Mission est le point culminant de la Semaine Missionnaire Mondiale. Elle a \u00e9t\u00e9 instaur\u00e9e par le pape Pie XI en 1926. Elle est d\u00e9volue aux \u0152uvres Pontificales Missionnaires.<\/span><\/p>\n<\/div>\n<p style=\"text-align: justify;\"><span style=\"font-size: 16px;\">Le point de d\u00e9part est une jeune la\u00efque,\u00a0<a href=\"https:\/\/eglise.catholique.fr\/approfondir-sa-foi\/temoigner\/temoins\/beatification-pauline-marie-jaricot\/\">Pauline Jaricot<\/a>\u00a0(1799-1862). \u00c0 l\u2019\u00e2ge de 17 ans, elle tourne le dos \u00e0 sa vie mondaine et s\u2019associe avec de jeunes ouvri\u00e8res des usines de son p\u00e8re pour collaborer \u00e0 la propagation de l\u2019\u00c9vangile par la pri\u00e8re et l\u2019animation missionnaire. Apr\u00e8s trois ann\u00e9es, prenant conscience des n\u00e9cessit\u00e9s mat\u00e9rielles en \u00ab pays de mission \u00bb, Pauline invente un syst\u00e8me ing\u00e9nieux de collecte. Elle convainc dix personnes de remettre un sou par semaine pour les missions, tout en recrutant dix autres donateurs qui, \u00e0 leur tour, en trouvent dix chacun et ainsi de suite. L\u2019entreprise fait boule de neige et amasse des sommes consid\u00e9rables pour l\u2019\u00e9poque.<\/span><\/p>\n<p style=\"text-align: justify;\"><span style=\"font-size: 16px;\">Trois ans plus tard, la cha\u00eene financi\u00e8re et spirituelle compte 500 membres. Elle devient officiellement l\u2019Association de la Propagation de la Foi le 3 mai 1822. Sa croissance rapide \u00e0 travers toute l\u2019Europe attire l\u2019attention du\u00a0Saint-Si\u00e8ge, qui demande \u00e0 l\u2019accueillir dans ses offices. C\u2019est ainsi que, un si\u00e8cle apr\u00e8s la fondation de l\u2019Association de la Propagation de la Foi, le 3 mai 1922, l\u2019\u0153uvre de la Propagation de la Foi ainsi que deux autres, l\u2019Enfance missionnaire et Saint Pierre\u00a0Ap\u00f4tre\u00a0deviennent pontificales. La quatri\u00e8me \u0153uvre, l\u2019Union pontificale missionnaire, sera d\u00e9clar\u00e9e pontificale en 1956. Les \u0152uvres Pontificales Missionnaires se retrouvent aujourd\u2019hui dans plus de 140 pays.<\/span><\/p>\n<p><span style=\"font-size: 16px;\">(Source : Conf\u00e9rence des \u00e9v\u00eaques de France)<\/span><\/p>\n<p>&nbsp;<\/p>\n<p>&nbsp;<\/p>\n<p>&nbsp;<\/p>\n<p><span style=\"font-size: 16px;\"><strong>Chaque ann\u00e9e, \u00e0 l\u2019occasion de la semaine missionnaire mondiale,\u00a0<\/strong><\/span><\/p>\n<p><span style=\"font-size: 16px;\"><strong><a href=\"https:\/\/www.opm-france.org\/wp-content\/uploads\/2023\/07\/Message-du-pape-JMM-2023.pdf\">le Pape partage un texte de r\u00e9flexion<\/a> que vous pouvez retrouver sur le site des Oeuvres Pontificales Missionnaires.<\/strong><\/span><\/p>\n","protected":false},"excerpt":{"rendered":"<p>La Journ\u00e9e Missionnaire Mondiale aura lieu dimanche 22 octobre 2023 sur le th\u00e8me : \u00ab Des c\u0153urs br\u00fblants, des pieds en marche \u00bb (cf. Lc 24, 13-35) &#8230;\/&#8230;<\/p>\n","protected":false},"author":990003,"featured_media":6597,"comment_status":"closed","ping_status":"closed","sticky":false,"template":"","format":"standard","meta":{"give_campaign_id":0,"footnotes":""},"categories":[1],"tags":[],"class_list":["post-6598","post","type-post","status-publish","format-standard","has-post-thumbnail","hentry","category-uncategorized"],"_links":{"self":[{"href":"https:\/\/demos.uptitude.fr\/savviry1\/wp-json\/wp\/v2\/posts\/6598","targetHints":{"allow":["GET"]}}],"collection":[{"href":"https:\/\/demos.uptitude.fr\/savviry1\/wp-json\/wp\/v2\/posts"}],"about":[{"href":"https:\/\/demos.uptitude.fr\/savviry1\/wp-json\/wp\/v2\/types\/post"}],"author":[{"embeddable":true,"href":"https:\/\/demos.uptitude.fr\/savviry1\/wp-json\/wp\/v2\/users\/990003"}],"replies":[{"embeddable":true,"href":"https:\/\/demos.uptitude.fr\/savviry1\/wp-json\/wp\/v2\/comments?post=6598"}],"version-history":[{"count":0,"href":"https:\/\/demos.uptitude.fr\/savviry1\/wp-json\/wp\/v2\/posts\/6598\/revisions"}],"wp:featuredmedia":[{"embeddable":true,"href":"https:\/\/demos.uptitude.fr\/savviry1\/wp-json\/"}],"wp:attachment":[{"href":"https:\/\/demos.uptitude.fr\/savviry1\/wp-json\/wp\/v2\/media?parent=6598"}],"wp:term":[{"taxonomy":"category","embeddable":true,"href":"https:\/\/demos.uptitude.fr\/savviry1\/wp-json\/wp\/v2\/categories?post=6598"},{"taxonomy":"post_tag","embeddable":true,"href":"https:\/\/demos.uptitude.fr\/savviry1\/wp-json\/wp\/v2\/tags?post=6598"}],"curies":[{"name":"wp","href":"https:\/\/api.w.org\/{rel}","templated":true}]}}