{"id":6610,"date":"2023-10-04T13:41:58","date_gmt":"2023-10-04T13:41:58","guid":{"rendered":"https:\/\/www.savigny-viry-catholique.fr\/?p=6610"},"modified":"2023-10-04T13:41:58","modified_gmt":"2023-10-04T13:41:58","slug":"concert-gospel","status":"publish","type":"post","link":"https:\/\/demos.uptitude.fr\/savviry1\/concert-gospel\/","title":{"rendered":"Concert Gospel, dimanche 15 octobre"},"content":{"rendered":"<p>Une exp\u00e9rience originale le 14 octobre ; s&rsquo;initier au chant Gospel &#8230;\/&#8230;<\/p>\n<p><!--more--><\/p>\n<p>&nbsp;<\/p>\n<p><img fetchpriority=\"high\" decoding=\"async\" class=\"wp-image-6609 size-full alignleft\" src=\"https:\/\/www.savigny-viry-catholique.fr\/wp-content\/uploads\/2023\/10\/Z-gospel15Octobre23.jpg\" alt=\"\" width=\"668\" height=\"740\" \/><\/p>\n<h1><span style=\"font-size: 28px;\">Atelier d\u2019initiation au Gospel<\/span><\/h1>\n<p><span style=\"font-size: 20px;\"><strong>Atelier d\u2019initiation\u00a0au chant gospel avec Mister BlaiZ<\/strong>.\u00a0 \u00a0 \u00a0 \u00a0 \u00a0 \u00a0 \u00a0 \u00a0 \u00a0 \u00a0 \u00a0 \u00a0 <span style=\"color: #0000ff;\">Samedi 14 octobre de 14h \u00e0 18h00\u00a0<\/span><strong> Libre participation au frais.<\/strong><\/span><\/p>\n<p style=\"text-align: justify;\"><span style=\"font-size: 16px;\">Mister BlaiZ, est un chanteur baryton atypique\u00a0qui parcourt la France et le reste du monde pour encourager et galvaniser ceux qui ont peur, qui doutent et qui souffrent\u00a0\u00bb.dixit Le Midi Libre. <\/span><\/p>\n<p style=\"text-align: justify;\"><span style=\"font-size: 16px;\">Chanteur-enseignant inattendu\u00a0dont le plaisir et le concept sc\u00e9nique est de former lui-m\u00eame les artistes qui l\u2019accompagnent sur ses concerts,\u00a0Mister BlaiZ veut \u00e9galement offrir \u00e0 tous l\u2019opportunit\u00e9 de d\u00e9couvrir par la pratique\u00a0directe,\u00a0les bases et les secrets du chant Gospel. Il souhaite ainsi partager avec son public cette joie et cette force pure apport\u00e9s par ces chants.<\/span><\/p>\n<p style=\"text-align: justify;\"><span style=\"font-size: 16px;\">Dans le pass\u00e9, il a assur\u00e9 ch\u0153urs ou direction de ch\u0153urs\u00a0pour des artistes tels que C\u00e9line DION, Carole FREDERICKS, Florent PAGNY, Manu DIBANGO, MAURANE, Dee Dee BRIDGEWATER, Gilbert B\u00c9CAUD et bien d\u2019autres\u2026<\/span><\/p>\n<p style=\"text-align: justify;\"><span style=\"font-size: 16px;\">\u200bAujourd\u2019hui, en autodidacte convaincu et assum\u00e9,\u00a0il a cr\u00e9\u00e9 sa m\u00e9thode et fond\u00e9 son \u00e9cole de chant, b\u00e9n\u00e9fiques aussi bien aux artistes confirm\u00e9s et\u00a0 interm\u00e9diaires, qu\u2019aux d\u00e9butants extr\u00eames, permettant aussi \u00e0 ces derniers \u00ab\u00a0d\u2019exister\u00a0\u00bb musicalement.\u00a0Il propose un cours de chant gospel en chorale, un credo audacieux qui fonctionne \u00e0 merveille car, sous sa direction,\u00a0tout passe par la pratique directe et l\u2019\u00e9coute, dans le respect de sa progression et celle de l\u2019autre. L\u2019\u00e9l\u00e8ve est form\u00e9(e) pour \u00eatre imm\u00e9diatement\u00a0op\u00e9rationnel !<\/span><\/p>\n<p style=\"text-align: justify;\"><span style=\"font-size: 16px;\">Cette ambition artistique et humaine\u00a0s\u2019\u00e9l\u00e8ve au-del\u00e0 de tout clivage politique, religieux ou philosophique, afin de f\u00e9d\u00e9rer\u00a0autour de ce chant d\u2019espoir, initi\u00e9 par les esclaves noirs am\u00e9ricains.<\/span><\/p>\n<p><span style=\"font-size: 16px;\">Cet atelier sera suivi le lendemain par un concert \u00e0 l\u2019\u00e9glise. Entr\u00e9e : 10 euros.<\/span><\/p>\n","protected":false},"excerpt":{"rendered":"<p>Une exp\u00e9rience originale le 14 octobre ; s&rsquo;initier au chant Gospel &#8230;\/&#8230;<\/p>\n","protected":false},"author":990003,"featured_media":6613,"comment_status":"closed","ping_status":"closed","sticky":false,"template":"","format":"standard","meta":{"give_campaign_id":0,"footnotes":""},"categories":[1],"tags":[],"class_list":["post-6610","post","type-post","status-publish","format-standard","has-post-thumbnail","hentry","category-uncategorized"],"_links":{"self":[{"href":"https:\/\/demos.uptitude.fr\/savviry1\/wp-json\/wp\/v2\/posts\/6610","targetHints":{"allow":["GET"]}}],"collection":[{"href":"https:\/\/demos.uptitude.fr\/savviry1\/wp-json\/wp\/v2\/posts"}],"about":[{"href":"https:\/\/demos.uptitude.fr\/savviry1\/wp-json\/wp\/v2\/types\/post"}],"author":[{"embeddable":true,"href":"https:\/\/demos.uptitude.fr\/savviry1\/wp-json\/wp\/v2\/users\/990003"}],"replies":[{"embeddable":true,"href":"https:\/\/demos.uptitude.fr\/savviry1\/wp-json\/wp\/v2\/comments?post=6610"}],"version-history":[{"count":0,"href":"https:\/\/demos.uptitude.fr\/savviry1\/wp-json\/wp\/v2\/posts\/6610\/revisions"}],"wp:featuredmedia":[{"embeddable":true,"href":"https:\/\/demos.uptitude.fr\/savviry1\/wp-json\/"}],"wp:attachment":[{"href":"https:\/\/demos.uptitude.fr\/savviry1\/wp-json\/wp\/v2\/media?parent=6610"}],"wp:term":[{"taxonomy":"category","embeddable":true,"href":"https:\/\/demos.uptitude.fr\/savviry1\/wp-json\/wp\/v2\/categories?post=6610"},{"taxonomy":"post_tag","embeddable":true,"href":"https:\/\/demos.uptitude.fr\/savviry1\/wp-json\/wp\/v2\/tags?post=6610"}],"curies":[{"name":"wp","href":"https:\/\/api.w.org\/{rel}","templated":true}]}}