{"id":6624,"date":"2023-10-23T19:34:59","date_gmt":"2023-10-23T19:34:59","guid":{"rendered":"https:\/\/www.savigny-viry-catholique.fr\/?p=6624"},"modified":"2023-10-23T19:34:59","modified_gmt":"2023-10-23T19:34:59","slug":"150e-anniversaire-de-la-naissance-de-sainte-therese-de-lenfant-jesus","status":"publish","type":"post","link":"https:\/\/demos.uptitude.fr\/savviry1\/150e-anniversaire-de-la-naissance-de-sainte-therese-de-lenfant-jesus\/","title":{"rendered":"150e ANNIVERSAIRE DE LA NAISSANCE DE SAINTE TH\u00c9R\u00c8SE DE L\u2019ENFANT J\u00c9SUS"},"content":{"rendered":"<p><b><i><span class=\"title-1-color\">C\u2019EST LA CONFIANCE ; Exhortation apostolique du Pape Fran\u00e7ois sur la confiance en l&rsquo;amour mis\u00e9ricordieux de Dieu\u00a0<\/span><\/i><\/b><\/p>\n<p><!--more--><\/p>\n<p>&nbsp;<\/p>\n<p><img fetchpriority=\"high\" decoding=\"async\" class=\"size-medium wp-image-5483 alignleft\" src=\"https:\/\/www.savigny-viry-catholique.fr\/wp-content\/uploads\/2022\/06\/wwwdacfp2000dcom-229x300.jpg\" alt=\"\" width=\"229\" height=\"300\" \/><span style=\"font-size: 20px; color: #0000ff;\"><em><strong>\u00c0 L\u2019OCCASION DU 150<sup>e<\/sup>\u00a0ANNIVERSAIRE<\/strong><\/em><\/span><br \/>\n<span style=\"font-size: 20px; color: #0000ff;\"><em><strong>DE LA NAISSANCE DE SAINTE TH\u00c9R\u00c8SE DE L\u2019ENFANT J\u00c9SUS ET DE LA SAINTE FACE<\/strong><\/em><\/span><\/p>\n<p>&nbsp;<\/p>\n<p><strong><span style=\"font-size: 20px;\">Le texte du Saint P\u00e8re est \u00e0 <a href=\"https:\/\/www.vatican.va\/content\/francesco\/fr\/apost_exhortations\/documents\/20231015-santateresa-delbambinogesu.html\">lire ICI et \u00e0 T\u00e9l\u00e9charger<\/a><\/span><\/strong><\/p>\n<p>&nbsp;<\/p>\n<p>&nbsp;<\/p>\n<p>&nbsp;<\/p>\n<p>&nbsp;<\/p>\n<p>&nbsp;<\/p>\n<p>&nbsp;<\/p>\n<p>&nbsp;<\/p>\n<p><span style=\"font-size: 16px;\">L&rsquo;article publi\u00e9 dans La Croix sur ce sujet :<\/span><\/p>\n<div class=\"article-content__top\">\n<h1><span style=\"font-size: 20px;\">Th\u00e9r\u00e8se de Lisieux\u00a0: le pape consacre une lettre in\u00e9dite \u00e0 la sainte normande<\/span><\/h1>\n<\/div>\n<div class=\"left-col\">\n<article>\n<header>\n<p class=\"article-intro\"><span style=\"font-size: 16px;\">Apr\u00e8s les exhortations d\u00e9di\u00e9es \u00e0 saint Joseph, saint Fran\u00e7ois de Sales, Dante et tout r\u00e9cemment Pascal, le pape Fran\u00e7ois publie, dimanche 15\u00a0octobre, une lettre pour les 150\u00a0ans de la naissance de la carm\u00e9lite normande. En invitant \u00e0 suivre la \u00ab\u00a0petite voie spirituelle\u00a0\u00bb de Th\u00e9r\u00e8se de Lisieux, il rappelle les priorit\u00e9s pour l\u2019\u00c9glise.<\/span><\/p>\n<div class=\"meta-author-wrapper\"><\/div>\n<div class=\"above-image-wrapper\">\n<p class=\"reading-time\">\n<\/div>\n<div class=\"image-container\">\n<figure><picture class=\"\"><img decoding=\"async\" class=\"img-responsive \" src=\"https:\/\/i.la-croix.com\/729x0\/smart\/2023\/10\/15\/1201286909\/Francois-devant-reliques-sainte-Therese-Lisieux-exposees-place-Saint-Pierre-7-2023_0.jpg\" alt=\"Th\u00e9r\u00e8se de Lisieux\u00a0: le pape consacre une lettre in\u00e9dite \u00e0 la sainte normande\" \/><\/picture>\n<div class=\"image-zoom-icon\"><\/div>\n<div class=\"article-info-area\">\n<div class=\"article-info-area\">\n<div class=\"image-info-icon\"><\/div>\n<div class=\"article-info-caption\"><\/div>\n<\/div>\n<\/div><figcaption>Le pape Fran\u00e7ois devant les reliques de sainte Th\u00e9r\u00e8se de Lisieux expos\u00e9es place Saint-Pierre, le 7 juin 2023.<span class=\"image-credits\">HANDOUT\/AFP<\/span><\/figcaption><div class=\"article-info-area\">\n<div class=\"article-info-caption\"><\/div>\n<\/div>\n<\/figure>\n<\/div>\n<\/header>\n<div class=\"article-content-wrapper clearfix\">\n<div class=\"vertical-social-buttons clearfix\"><\/div>\n<div class=\"article-text\">\n<div class=\"clearfix ap-article-trigger\">\n<div class=\"content\" data-poool=\"\" data-poool-mode=\"excerpt\">\n<p><span style=\"font-size: 16px;\">\u00c0 mi-chemin de la premi\u00e8re rencontre du\u00a0Synode sur l\u2019avenir de l\u2019\u00c9glise, le pape appelle \u00e0 la confiance. Par la voix de sainte Th\u00e9r\u00e8se de Lisieux (1873-1897), au jour m\u00eame de la f\u00eate de Th\u00e9r\u00e8se d\u2019Avila, Fran\u00e7ois propose une \u00ab petite voie \u00bb pour la mission :\u00a0<em>\u00ab L\u2019une des d\u00e9couvertes les plus importantes de Th\u00e9r\u00e8se, pour le bien de tout le peuple de Dieu, est sa \u201cpetite voie\u201d, la voie de la confiance et de l\u2019amour, connue aussi sous le nom de Voie de l\u2019enfance spirituelle. \u00bb<\/em><\/span><\/p>\n<div id=\"dfp-native\"><span style=\"font-size: 16px;\"><a href=\"https:\/\/www.la-croix.com\/religion\/Therese-Lisieux-pape-consacre-lettre-inedite-sainte-normande-2023-10-15-1201286909\"><strong>LIre l&rsquo;article int\u00e9gral ICI\u00a0<\/strong><\/a><\/span><\/div>\n<h2><\/h2>\n<\/div>\n<\/div>\n<\/div>\n<\/div>\n<\/article>\n<\/div>\n","protected":false},"excerpt":{"rendered":"<p>C\u2019EST LA CONFIANCE ; Exhortation apostolique du Pape Fran\u00e7ois sur la confiance en l&rsquo;amour mis\u00e9ricordieux de Dieu\u00a0<\/p>\n","protected":false},"author":990003,"featured_media":5483,"comment_status":"closed","ping_status":"closed","sticky":false,"template":"","format":"standard","meta":{"give_campaign_id":0,"footnotes":""},"categories":[1],"tags":[],"class_list":["post-6624","post","type-post","status-publish","format-standard","has-post-thumbnail","hentry","category-uncategorized"],"_links":{"self":[{"href":"https:\/\/demos.uptitude.fr\/savviry1\/wp-json\/wp\/v2\/posts\/6624","targetHints":{"allow":["GET"]}}],"collection":[{"href":"https:\/\/demos.uptitude.fr\/savviry1\/wp-json\/wp\/v2\/posts"}],"about":[{"href":"https:\/\/demos.uptitude.fr\/savviry1\/wp-json\/wp\/v2\/types\/post"}],"author":[{"embeddable":true,"href":"https:\/\/demos.uptitude.fr\/savviry1\/wp-json\/wp\/v2\/users\/990003"}],"replies":[{"embeddable":true,"href":"https:\/\/demos.uptitude.fr\/savviry1\/wp-json\/wp\/v2\/comments?post=6624"}],"version-history":[{"count":0,"href":"https:\/\/demos.uptitude.fr\/savviry1\/wp-json\/wp\/v2\/posts\/6624\/revisions"}],"wp:featuredmedia":[{"embeddable":true,"href":"https:\/\/demos.uptitude.fr\/savviry1\/wp-json\/"}],"wp:attachment":[{"href":"https:\/\/demos.uptitude.fr\/savviry1\/wp-json\/wp\/v2\/media?parent=6624"}],"wp:term":[{"taxonomy":"category","embeddable":true,"href":"https:\/\/demos.uptitude.fr\/savviry1\/wp-json\/wp\/v2\/categories?post=6624"},{"taxonomy":"post_tag","embeddable":true,"href":"https:\/\/demos.uptitude.fr\/savviry1\/wp-json\/wp\/v2\/tags?post=6624"}],"curies":[{"name":"wp","href":"https:\/\/api.w.org\/{rel}","templated":true}]}}