{"id":6630,"date":"2023-10-23T14:17:18","date_gmt":"2023-10-23T14:17:18","guid":{"rendered":"https:\/\/www.savigny-viry-catholique.fr\/?p=6630"},"modified":"2023-10-23T14:17:18","modified_gmt":"2023-10-23T14:17:18","slug":"toussaint-2023","status":"publish","type":"post","link":"https:\/\/demos.uptitude.fr\/savviry1\/toussaint-2023\/","title":{"rendered":"TOUSSAINT 2023"},"content":{"rendered":"<p>Avec nos saints patrons, f\u00eatons tous les saints &#8211; Les horaires des messes ; La Toussaint est-elle uniquement la f\u00eate des saints ou aussi la f\u00eate des morts ?&#8230;\/&#8230;<!--more--><\/p>\n<p>&nbsp;<\/p>\n<div class=\"left-col\">\n<article>\n<header><img fetchpriority=\"high\" decoding=\"async\" class=\"wp-image-6635 alignleft\" src=\"https:\/\/www.savigny-viry-catholique.fr\/wp-content\/uploads\/2023\/10\/Toussaint-fra-angelico-la-ronde-des-saints-copie-300x175.jpg\" alt=\"\" width=\"500\" height=\"292\" \/><\/p>\n<h1>\u00a0<span style=\"font-size: 24px;\">Avec nos saints patrons, f\u00eatons tous les saints<\/span><\/h1>\n<p>Nos saints patrons, ce sont les saints dont nous portons les noms. Ils sont f\u00eat\u00e9s \u00e0 diff\u00e9rentes dates de l\u2019ann\u00e9e. En revanche, le 1<sup>er<\/sup> <span style=\"font-size: 16px;\">novembre, nous f\u00eatons l\u2019ensemble des saints connus et anonymes, Dieu seul connait tous, Lui le Saint des Saints. La litanie des saints chant\u00e9e ou r\u00e9cit\u00e9e donne d\u00e9j\u00e0 un petit aper\u00e7u de cette foule immense des bienheureux.<\/span><\/p>\n<p><span style=\"font-size: 16px;\">Le livre de l\u2019Apocalypse de saint Jean nous conduit \u00e0 une vision c\u00e9leste d\u2019une multitude infinie d\u2019\u00e9lus pour le Bonheur \u00e9ternel\u00a0: \u00ab\u00a0<em>une foule immense, que nul ne pouvait d\u00e9nombrer, une foule de toutes nations, tribus, peuples et langues<\/em>\u00a0\u00bb (<em>cf. livre de l\u2019Apocalypse, chapitre 7, verset 9<\/em>).<\/span><\/p>\n<p><span style=\"font-size: 16px;\">Le Bonheur \u00e9ternel est au c\u0153ur de cette f\u00eate, les B\u00e9atitudes.<\/span><\/p>\n<p><span style=\"font-size: 16px;\">Nous avons \u00e9t\u00e9 cr\u00e9\u00e9s pour ce Bonheur sans fin. En m\u00eame temps, la lecture attentive du passage des b\u00e9atitudes, en particulier dans l\u2019\u00e9vangile selon saint Matthieu au chapitre 5, nous montre que le chemin des B\u00e9atitudes demande la pers\u00e9v\u00e9rance. Il peut passer par des \u00e9preuves, voire m\u00eame parfois par des \u00e9checs, pour d\u00e9boucher dans la pers\u00e9v\u00e9rance et la confiance \u00e0 la joie et au Bonheur. Ils (les saints), se sont laiss\u00e9s transform\u00e9s par la joie de l\u2019\u00e9vangile.\u00a0 Ils ont construit leur vie sur le Roc \u00e9ternel, le Christ.<\/span><\/p>\n<p><span style=\"font-size: 16px;\">La vie des saints, le r\u00e9cit de leurs histoires singuli\u00e8res montrent cette pers\u00e9v\u00e9rance et la victoire qu\u2019ils remportent \u00e0 plusieurs \u00e9gards. D\u00e9couvrons, si nous ne l\u2019avons pas encore fait, ou red\u00e9couvrons \u00e0 cette occasion, la vie et l\u2019histoire de nos saints patrons. Pouvez-vous raconter la vie de votre saint patron dont vous porter le nom\u00a0? une bougie allum\u00e9e le jour de sa f\u00eate en guise de communion de pri\u00e8re avec lui serait une bonne initiative. Pourquoi pas un g\u00e2teau partag\u00e9 ce jour-l\u00e0\u00a0? Quel est son message\u00a0? ou qu\u2019est-ce que sa vie fait entrevoir de significatif, de talents fructifi\u00e9s\u00a0? autant de pistes qui peuvent nourrir notre propre chemin de saintet\u00e9.<\/span><\/p>\n<p><span style=\"font-size: 16px;\">Car, en fin de compte, nous sommes tous appel\u00e9s \u00e0 la saintet\u00e9, elle n\u2019est pas r\u00e9serv\u00e9e \u00e0 des \u00e9lites. Dieu nous appelle tous \u00e0 la saintet\u00e9. Laissons-nous transform\u00e9s par la joie de l\u2019\u00e9vangile.<\/span><\/p>\n<p><span style=\"font-size: 16px;\">Bonne f\u00eate de la Toussaint\u00a0!<\/span><\/p>\n<p><span style=\"font-size: 16px;\">P\u00e8re Emmanuel BIDZOGO<\/span><\/p>\n<p><span style=\"font-size: 16px;\">Responsable du secteur pastoral<\/span><\/p>\n<p><em><strong><span style=\"color: #ff00ff; font-size: 16px;\">Les horaires des messes sont\u00a0 ci-dessous en fin d&rsquo;articles <img decoding=\"async\" class=\"wp-image-6632 size-full aligncenter\" src=\"https:\/\/www.savigny-viry-catholique.fr\/wp-content\/uploads\/2023\/10\/Toussaint21.gif\" alt=\"\" width=\"601\" height=\"301\" \/><\/span><\/strong><\/em><\/p>\n<h1><span style=\"font-size: 24px;\"><strong><span style=\"color: #ff6600;\">Qu\u2019est-ce que la Toussaint \u2009?<\/span><\/strong><\/span><\/h1>\n<p class=\"article-intro\"><span style=\"font-size: 16px;\">La f\u00eate de la Toussaint est c\u00e9l\u00e9br\u00e9e le 1er novembre. Il s\u2019agit de la f\u00eate de tous les saints, reconnus comme tels par la canonisation, ou inconnus. C\u00e9l\u00e9bration joyeuse, la f\u00eate de la Toussaint t\u00e9moigne de l\u2019esp\u00e9rance chr\u00e9tienne devant la mort.<\/span><\/p>\n<\/header>\n<div class=\"article-content-wrapper clearfix\">\n<div class=\"article-text\">\n<div class=\"clearfix ap-article-trigger\">\n<div class=\"content\" data-poool=\"\" data-poool-mode=\"excerpt\">\n<p><span style=\"font-size: 16px;\">Contrairement aux autres grandes f\u00eates chr\u00e9tiennes comme\u00a0<a href=\"https:\/\/croire.la-croix.com\/Definitions\/Fetes-religieuses\/Noel\" target=\"_blank\" rel=\"noopener\">No\u00ebl<\/a>\u00a0ou P\u00e2ques, la\u00a0<a href=\"https:\/\/croire.la-croix.com\/Definitions\/Fetes-religieuses\/Toussaint\" target=\"_blank\" rel=\"noopener\">Toussaint<\/a>\u00a0n\u2019a pas son origine dans les textes bibliques. Elle a \u00e9t\u00e9 institu\u00e9e pour c\u00e9l\u00e9brer les martyrs au IV<sup>e<\/sup>\u00a0si\u00e8cle par les \u00c9glises d\u2019Orient et au V<sup>e\u00a0<\/sup>si\u00e8cle \u00e0 Rome. Elle est devenue plus tard celle de tous les saints.<\/span><\/p>\n<p><span style=\"font-size: 16px;\">La Toussaint avait lieu le dimanche apr\u00e8s la Pentec\u00f4te avant d\u2019\u00eatre d\u00e9plac\u00e9e une premi\u00e8re fois en 610, \u00e0 la date du 13 mai, par le pape Boniface IV. Ce jour-l\u00e0, \u00e0 Rome, le pape fit transporter dans l\u2019ancien temple pa\u00efen du Panth\u00e9on toutes les reliques des martyrs des catacombes romaines. Le Panth\u00e9on devient l\u2019\u00e9glise \u00ab Sainte-Marie et des martyrs \u00bb.<\/span><\/p>\n<div id=\"showAutoPromoReasons\" class=\"autopromo autopromo__reasons\" data-track-autopromo-variation=\"Raison abonnement\" data-track-autopromo-section=\"CRX\" data-track-autopromo-creative=\"C2\" data-gtm-vis-first-on-screen10266992_473=\"22045\" data-gtm-vis-total-visible-time10266992_473=\"100\" data-gtm-vis-has-fired10266992_473=\"1\" data-gtm-vis-first-on-screen10266992_602=\"22050\" data-gtm-vis-total-visible-time10266992_602=\"100\" data-gtm-vis-has-fired10266992_602=\"1\"><\/div>\n<p><span style=\"font-size: 16px;\">Un si\u00e8cle plus tard, cette f\u00eate fut transf\u00e9r\u00e9e d\u00e9finitivement au 1<sup>er<\/sup>\u00a0novembre par le pape Gr\u00e9goire III. Il d\u00e9dica\u00e7a ce jour-l\u00e0 une chapelle de la basilique Saint-Pierre de Rome en l\u2019honneur de tous les saints.<\/span><\/p>\n<p><span style=\"font-size: 16px;\">C\u2019est seulement au XX<sup>e<\/sup>\u00a0si\u00e8cle que Pie X a ajout\u00e9 la Toussaint \u00e0 la liste des f\u00eates avec \u00ab obligation d\u2019entendre la messe \u00bb. C\u2019est ainsi que la f\u00eate de tous les saints est devenue un jour ch\u00f4m\u00e9. \u00c0 ne pas confondre avec la journ\u00e9e du souvenir de tous les d\u00e9funts, c\u00e9l\u00e9br\u00e9e le 2 novembre !<\/span><\/p>\n<\/div>\n<p>(Source &#8211; La Croix)<\/p>\n<p>&nbsp;<\/p>\n<p><strong><span style=\"font-size: 16px;\">La Toussaint\u00a0est-elle uniquement la f\u00eate des saints ou aussi la f\u00eate des morts ? Ce n\u2019est pas si clair puisque chaque ann\u00e9e, nous nous posons la question ; d\u2019ailleurs devons-nous aussi f\u00eater les morts ? Et faut-il \u00eatre d\u00e9funt pour \u00eatre saint ?\u00a0<\/span><\/strong><\/p>\n<p><a href=\"https:\/\/www.lejourduseigneur.com\/videos\/toussaint-fete-des-saints-ou-des-defunts-627\"><strong><span style=\"font-size: 20px; color: #ff6600;\">Voir la vid\u00e9o du Jour du Seigneur\u00a0 ICI<\/span><\/strong><\/a><\/p>\n<\/div>\n<p>&nbsp;<\/p>\n<p style=\"text-align: left;\"><span style=\"color: #ff00ff; font-size: 24px;\"><strong>HORAIRES DES MESSES SUR LE SECTEUR SAVIGNY-VIRY<\/strong><\/span><\/p>\n<p><em><span style=\"font-size: 20px;\"><strong>1er novembre &#8211; Toussaint<\/strong><\/span><\/em><\/p>\n<p><span style=\"color: #0000ff;\"><strong><span style=\"font-size: 16px;\">A Savigny<\/span><\/strong><\/span><\/p>\n<p><span style=\"font-size: 16px;\"><strong>\u00e9glise St Martin \u00e0 9h30<\/strong><\/span><\/p>\n<p><span style=\"font-size: 16px;\"><strong>\u00e9glise Ste Th\u00e9r\u00e8se \u00e0 11h00<\/strong><\/span><\/p>\n<p><span style=\"font-size: 16px; color: #ff6600;\"><strong>A Viry<\/strong><\/span><\/p>\n<p><span style=\"font-size: 16px;\"><strong>\u00e9glise Ste Bernadette \u00e0 9h30<\/strong><\/span><\/p>\n<p><span style=\"font-size: 16px;\"><strong>\u00e9glise du St Esprit \u00e0 11h00<\/strong><\/span><\/p>\n<p>&nbsp;<\/p>\n<p><em><span style=\"font-size: 20px;\"><strong>2 novembre &#8211; journ\u00e9e du souvenir de tous les d\u00e9funts<\/strong><\/span><\/em><\/p>\n<p><span style=\"color: #0000ff;\"><strong><span style=\"font-size: 16px;\">A Savigny<\/span><\/strong><\/span><\/p>\n<p><span style=\"font-size: 16px;\"><strong>\u00e9glise St Martin \u00e0 10h00<\/strong><\/span><\/p>\n<p><span style=\"font-size: 16px;\"><strong>\u00e9glise Ste Th\u00e9r\u00e8se \u00e0 20h00<\/strong><\/span><\/p>\n<p><span style=\"font-size: 16px; color: #ff6600;\"><strong>A Viry<\/strong><\/span><\/p>\n<p><span style=\"font-size: 16px;\"><strong>\u00e9glise Ste Bernadette \u00e0 10h00<\/strong><\/span><\/p>\n<p><span style=\"font-size: 16px;\"><strong>\u00e9glise St Denis \u00e0 20h30<\/strong><\/span><\/p>\n<\/div>\n<\/div>\n<\/article>\n<\/div>\n","protected":false},"excerpt":{"rendered":"<p>Avec nos saints patrons, f\u00eatons tous les saints &#8211; Les horaires des messes ; La Toussaint est-elle uniquement la f\u00eate des saints ou aussi la f\u00eate des morts ?&#8230;\/&#8230;<\/p>\n","protected":false},"author":990003,"featured_media":6632,"comment_status":"closed","ping_status":"closed","sticky":false,"template":"","format":"standard","meta":{"give_campaign_id":0,"footnotes":""},"categories":[1],"tags":[],"class_list":["post-6630","post","type-post","status-publish","format-standard","has-post-thumbnail","hentry","category-uncategorized"],"_links":{"self":[{"href":"https:\/\/demos.uptitude.fr\/savviry1\/wp-json\/wp\/v2\/posts\/6630","targetHints":{"allow":["GET"]}}],"collection":[{"href":"https:\/\/demos.uptitude.fr\/savviry1\/wp-json\/wp\/v2\/posts"}],"about":[{"href":"https:\/\/demos.uptitude.fr\/savviry1\/wp-json\/wp\/v2\/types\/post"}],"author":[{"embeddable":true,"href":"https:\/\/demos.uptitude.fr\/savviry1\/wp-json\/wp\/v2\/users\/990003"}],"replies":[{"embeddable":true,"href":"https:\/\/demos.uptitude.fr\/savviry1\/wp-json\/wp\/v2\/comments?post=6630"}],"version-history":[{"count":0,"href":"https:\/\/demos.uptitude.fr\/savviry1\/wp-json\/wp\/v2\/posts\/6630\/revisions"}],"wp:featuredmedia":[{"embeddable":true,"href":"https:\/\/demos.uptitude.fr\/savviry1\/wp-json\/"}],"wp:attachment":[{"href":"https:\/\/demos.uptitude.fr\/savviry1\/wp-json\/wp\/v2\/media?parent=6630"}],"wp:term":[{"taxonomy":"category","embeddable":true,"href":"https:\/\/demos.uptitude.fr\/savviry1\/wp-json\/wp\/v2\/categories?post=6630"},{"taxonomy":"post_tag","embeddable":true,"href":"https:\/\/demos.uptitude.fr\/savviry1\/wp-json\/wp\/v2\/tags?post=6630"}],"curies":[{"name":"wp","href":"https:\/\/api.w.org\/{rel}","templated":true}]}}