{"id":6671,"date":"2023-12-01T11:50:24","date_gmt":"2023-12-01T11:50:24","guid":{"rendered":"https:\/\/www.savigny-viry-catholique.fr\/?p=6671"},"modified":"2023-12-01T11:50:24","modified_gmt":"2023-12-01T11:50:24","slug":"lavent-en-2023","status":"publish","type":"post","link":"https:\/\/demos.uptitude.fr\/savviry1\/lavent-en-2023\/","title":{"rendered":"L&rsquo;AVENT en 2023"},"content":{"rendered":"<div class=\"mosaic-grid-row\">\n<div class=\"mosaic-grid-cell mosaic-width-full mosaic-position-leftmost\">\n<div class=\"movable removable mosaic-tile mosaic-IDublinCore-description-tile\">\n<div class=\"mosaic-tile-content\">\n<div class=\"documentDescription\">Le temps de l\u2019Avent (du latin adventus, \u201cvenue, av\u00e8nement\u201d) s\u2019ouvre le 4\u00e8me dimanche pr\u00e9c\u00e9dant No\u00ebl&#8230;.\/..<\/div>\n<\/div>\n<\/div>\n<\/div>\n<\/div>\n<p><!--more--><\/p>\n<div class=\"mosaic-grid-row\">\n<div class=\"mosaic-grid-cell mosaic-position-leftmost mosaic-width-two-thirds\">\n<div class=\"movable removable mosaic-tile mosaic-plone.app.standardtiles.html-tile\">\n<div class=\"mosaic-tile-content\">\n<p><span style=\"font-size: 16px;\">L\u2019Avent est la p\u00e9riode durant laquelle les fid\u00e8les se pr\u00e9parent int\u00e9rieurement \u00e0 c\u00e9l\u00e9brer No\u00ebl, \u00e9v\u00e9nement inou\u00ef, et d\u00e9cisif pour l\u2019humanit\u00e9, puisque Dieu s\u2019est fait homme parmi les hommes : de sa naissance \u00e0 sa mort sur la Croix, il a partag\u00e9 en tout la condition humaine, \u00e0 l\u2019exception du\u00a0p\u00e9ch\u00e9.<\/span><\/p>\n<p><span style=\"font-size: 16px;\">Chacun est appel\u00e9 \u00e0 la vigilance et au changement de vie. La parole des Proph\u00e8tes, qui retentit en chaque\u00a0liturgie\u00a0dominicale de l\u2019Avent, redit la n\u00e9cessit\u00e9 de la conversion et de la pr\u00e9paration du c\u0153ur, comme le rappellent \u00e9galement les autres lectures de la\u00a0messe.<\/span><\/p>\n<p><span style=\"font-size: 16px;\">Le d\u00e9but de l\u2019Avent marque aussi l\u2019entr\u00e9e dans une nouvelle ann\u00e9e liturgique : celle-ci commence chaque ann\u00e9e avec ce temps de pr\u00e9paration \u00e0 No\u00ebl, pour s\u2019achever une ann\u00e9e plus tard \u00e0 la m\u00eame p\u00e9riode.<\/span><\/p>\n<p><span style=\"font-size: 16px;\">L\u2019Avent, comme l\u2019ensemble du calendrier liturgique catholique, aide les fid\u00e8les \u00e0 revivre les grands \u00e9v\u00e9nements de la vie et de l\u2019enseignement du Christ, en particulier de sa naissance (No\u00ebl) \u00e0 sa\u00a0R\u00e9surrection\u00a0(P\u00e2ques). L\u2019\u00c9glise relit et revit donc \u00ab tous ces grands \u00e9v\u00e9nements de l\u2019histoire du salut dans \u201d l\u2019aujourd\u2019hui\u201d de sa\u00a0liturgie\u00a0\u00bb .<\/span><\/p>\n<p><span style=\"font-size: 16px;\">Source : eglise.catholique.fr<\/span><\/p>\n<p><span style=\"color: #ff00ff; background-color: #ffff00; font-size: 20px;\"><strong>La nouvelle ann\u00e9e liturgique commence ce premier dimanche de l&rsquo;Avent :\u00a0 Ann\u00e9e B &#8211;\u00a0 Saint Marc<\/strong><\/span><\/p>\n<p><em><strong><span style=\"font-size: 20px; color: #0000ff;\"><img fetchpriority=\"high\" decoding=\"async\" class=\"wp-image-6677 alignleft\" src=\"https:\/\/www.savigny-viry-catholique.fr\/wp-content\/uploads\/2023\/11\/Avent-dimanche1-Messe-3.12.23-copie-300x231.jpg\" alt=\"\" width=\"400\" height=\"308\" \/><\/span><\/strong><\/em><\/p>\n<p>&nbsp;<\/p>\n<p>&nbsp;<\/p>\n<p>&nbsp;<\/p>\n<p><em><strong><span style=\"font-size: 20px; color: #0000ff;\">\u00ab\u00a0Avec un coeur qui veille, j&rsquo;attends la venue de J\u00e9sus\u00a0\u00bb (Marc 13, 35-37)<\/span><\/strong><\/em><\/p>\n<\/div>\n<\/div>\n<\/div>\n<\/div>\n","protected":false},"excerpt":{"rendered":"<p>Le temps de l\u2019Avent (du latin adventus, \u201cvenue, av\u00e8nement\u201d) s\u2019ouvre le 4\u00e8me dimanche pr\u00e9c\u00e9dant No\u00ebl&#8230;.\/..<\/p>\n","protected":false},"author":990003,"featured_media":6675,"comment_status":"closed","ping_status":"closed","sticky":false,"template":"","format":"standard","meta":{"give_campaign_id":0,"footnotes":""},"categories":[1],"tags":[],"class_list":["post-6671","post","type-post","status-publish","format-standard","has-post-thumbnail","hentry","category-uncategorized"],"_links":{"self":[{"href":"https:\/\/demos.uptitude.fr\/savviry1\/wp-json\/wp\/v2\/posts\/6671","targetHints":{"allow":["GET"]}}],"collection":[{"href":"https:\/\/demos.uptitude.fr\/savviry1\/wp-json\/wp\/v2\/posts"}],"about":[{"href":"https:\/\/demos.uptitude.fr\/savviry1\/wp-json\/wp\/v2\/types\/post"}],"author":[{"embeddable":true,"href":"https:\/\/demos.uptitude.fr\/savviry1\/wp-json\/wp\/v2\/users\/990003"}],"replies":[{"embeddable":true,"href":"https:\/\/demos.uptitude.fr\/savviry1\/wp-json\/wp\/v2\/comments?post=6671"}],"version-history":[{"count":0,"href":"https:\/\/demos.uptitude.fr\/savviry1\/wp-json\/wp\/v2\/posts\/6671\/revisions"}],"wp:featuredmedia":[{"embeddable":true,"href":"https:\/\/demos.uptitude.fr\/savviry1\/wp-json\/"}],"wp:attachment":[{"href":"https:\/\/demos.uptitude.fr\/savviry1\/wp-json\/wp\/v2\/media?parent=6671"}],"wp:term":[{"taxonomy":"category","embeddable":true,"href":"https:\/\/demos.uptitude.fr\/savviry1\/wp-json\/wp\/v2\/categories?post=6671"},{"taxonomy":"post_tag","embeddable":true,"href":"https:\/\/demos.uptitude.fr\/savviry1\/wp-json\/wp\/v2\/tags?post=6671"}],"curies":[{"name":"wp","href":"https:\/\/api.w.org\/{rel}","templated":true}]}}