{"id":6679,"date":"2023-12-24T06:00:12","date_gmt":"2023-12-24T06:00:12","guid":{"rendered":"https:\/\/www.savigny-viry-catholique.fr\/?p=6679"},"modified":"2023-12-24T06:00:12","modified_gmt":"2023-12-24T06:00:12","slug":"horaires-de-noel-2","status":"publish","type":"post","link":"https:\/\/demos.uptitude.fr\/savviry1\/horaires-de-noel-2\/","title":{"rendered":"MESSES DU NOUVEL AN 2024"},"content":{"rendered":"<p>Les c\u00e9l\u00e9brations du Nouvel An sur le secteur pastoral de Savigny-Viry Bienheureux Marcel Callo &#8230;\/&#8230;<\/p>\n<p><!--more--><\/p>\n<p><span style=\"font-size: 20px;\"><em><strong>VOUS POUVEZ TELECHARGER <a href=\"http:\/\/www.savigny-viry-catholique.fr\/Download\/doc\/2023-Plaquette-Noel.pdf\">LA PLAQUETTE DES HORAIRES ICI<\/a><\/strong><\/em><\/span><\/p>\n<p>&nbsp;<\/p>\n<p><strong><span style=\"font-size: 24px; color: #ff0000;\"><img fetchpriority=\"high\" decoding=\"async\" class=\"wp-image-6708 alignright\" src=\"https:\/\/www.savigny-viry-catholique.fr\/wp-content\/uploads\/2023\/12\/Ste-Famille-vitrail.jpg\" alt=\"\" width=\"350\" height=\"355\" \/><\/span><\/strong><\/p>\n<p>&nbsp;<\/p>\n<p>&nbsp;<\/p>\n<p><span style=\"font-size: 24px;\"><strong><span style=\"color: #ff6600;\">LA SAINTE FAMILLE<\/span><\/strong><\/span><\/p>\n<p><span style=\"color: #ff6600;\"><strong><span style=\"font-size: 20px;\">Samedi 30 d\u00e9cembre 18h 00 \u00e9glise Notre-Dame d\u2019Esp\u00e9rance<\/span><\/strong><\/span><\/p>\n<p><span style=\"color: #ff6600;\"><strong><span style=\"font-size: 20px;\">18h 00 \u00e9glise Notre-Dame des Cit\u00e9s<\/span><\/strong><\/span><\/p>\n<p><span style=\"color: #ff6600;\"><strong><span style=\"font-size: 20px;\">Dimanche 31 d\u00e9cembre 09h 30 \u00e9glise Saint-Martin<\/span><\/strong><\/span><\/p>\n<p><span style=\"color: #ff6600;\"><strong><span style=\"font-size: 20px;\">09h 30 \u00e9glise Sainte-Bernadette<\/span><\/strong><\/span><\/p>\n<p><span style=\"color: #ff6600;\"><strong><span style=\"font-size: 20px;\">10h 00 \u00e9glise ND des Cit\u00e9s (rite tridentin)<\/span><\/strong><\/span><\/p>\n<p><span style=\"color: #ff6600;\"><strong><span style=\"font-size: 20px;\">11h 00 \u00e9glise Sainte-Th\u00e9r\u00e8se<\/span><\/strong><\/span><\/p>\n<p><span style=\"color: #ff6600;\"><strong><span style=\"font-size: 20px;\">11h 00 \u00e9glise du Saint-Esprit<\/span><\/strong><\/span><\/p>\n<p>&nbsp;<\/p>\n<p><img decoding=\"async\" class=\"size-medium wp-image-6681 alignleft\" src=\"https:\/\/www.savigny-viry-catholique.fr\/wp-content\/uploads\/2023\/11\/1er-An-277x300.png\" alt=\"\" width=\"277\" height=\"300\" \/><\/p>\n<p>&nbsp;<\/p>\n<p>&nbsp;<\/p>\n<p><strong><span style=\"font-size: 24px; color: #0000ff;\">LUNDI 1ER JANVIER \/ JOUR DE L&rsquo;AN 2024<\/span><\/strong><\/p>\n<p><strong><span style=\"font-size: 20px; color: #003300;\">09h30 . messe du Nouvel An \u00e0 Sainte-Bernadette \u00e0 Viry-Ch\u00e2tillon<\/span><\/strong><\/p>\n<p><strong><span style=\"font-size: 20px; color: #003300;\">11h00 \u2022 messe du Nouvel An \u00e0 Sainte-Th\u00e9r\u00e8se \u00e0 Savigny-sur-Orge<\/span><\/strong><\/p>\n<p>&nbsp;<\/p>\n<p><strong>\u00a0<\/strong><\/p>\n<p><strong>\u00a0<\/strong><\/p>\n<p>&nbsp;<\/p>\n<p>&nbsp;<\/p>\n<p>&nbsp;<\/p>\n<p>&nbsp;<\/p>\n<p>&nbsp;<\/p>\n<p><em><span style=\"font-size: 20px;\"><strong>En semaine, possibilit\u00e9 de se confesser<\/strong><strong> :<\/strong><\/span><\/em><\/p>\n<ul>\n<li><span style=\"background-color: #ffff00;\"><strong><span style=\"font-size: 16px; background-color: #ffff00;\">pour Savigny-sur Orge, \u00e0 l\u2019issue des messes, de 9h le mardi \u00e0 <\/span><\/strong><\/span><strong><span style=\"font-size: 16px; background-color: #ffff00;\">Saint-Martin et le jeudi \u00e0 Sainte-Th\u00e9r\u00e8se;<\/span><\/strong><\/li>\n<\/ul>\n<ul>\n<li><span style=\"background-color: #ffff00;\"><strong><span style=\"font-size: 16px; background-color: #ffff00;\">pour Viry-Ch\u00e2tillon, avant les messes (17h30-18h), messe \u00e0 18h le lundi \u00e0 Saint-Denis, le mercredi \u00e0 Sainte-Bernadette et le vendredi \u00e0 Notre-Dame des Cit\u00e9s<\/span><\/strong><\/span><\/li>\n<\/ul>\n<p><span style=\"background-color: #ffff00;\"><strong><span style=\"font-size: 16px; background-color: #ffff00;\">A l\u2019\u00e9glise Saint-Denis\u00a0: PERMANENCE D\u2019UN PR\u00caTRE\u00a0: Accueil spirituel tous les vendredis (sauf le vendredi Saint et les jours f\u00e9ri\u00e9s et les vacances)<\/span><\/strong><\/span><\/p>\n<p>&nbsp;<\/p>\n<p><span style=\"font-size: 20px;\"><strong><span style=\"color: #ff00ff;\">LES ACCUEILS PAROISSIAUX<\/span><\/strong><\/span><\/p>\n<ul style=\"list-style-type: square;\">\n<li><span style=\"font-size: 20px;\"><strong>SAVIGNY-SUR-ORGE<\/strong><\/span><\/li>\n<li><span style=\"font-size: 16px; color: #ff6600;\"><strong>\u00c0 la maison paroissiale \u201cBonne Nouvelle\u201d, 3 rue Joliot-Curie<\/strong><\/span><\/li>\n<\/ul>\n<p><span style=\"font-size: 16px;\"><strong>\u00a0T\u00e9l. 01 69 05 28 42 .Email : <a href=\"mailto:contact@savigny-viry-catholique.fr\">contact@savigny-viry-catholique.fr<\/a><\/strong><\/span><\/p>\n<p><span style=\"font-size: 16px;\"><strong>Instagram\u00a0: paroisse_de_savigny_sur_orge<\/strong><\/span><\/p>\n<p><span style=\"font-size: 16px;\"><strong>Mardi, mercredi, vendredi : 9 h 30-12 h et 16 h-18 h<\/strong><\/span><\/p>\n<p><span style=\"font-size: 16px;\"><strong>Jeudi et samedi : 9 h 30-12 h.<\/strong><\/span><\/p>\n<p><span style=\"font-size: 16px;\"><strong>Pendant les vacances scolaires: le matin seulement.<\/strong><\/span><\/p>\n<ul>\n<li><span style=\"font-size: 16px; color: #ff6600;\"><strong>\u00c0 l\u2019\u00e9glise Sainte-Th\u00e9r\u00e8se<\/strong><\/span><\/li>\n<\/ul>\n<p><span style=\"font-size: 16px;\"><strong>23 avenue des \u00c9coles \u2014 T\u00e9l. 01 69 24 86 50<\/strong><\/span><\/p>\n<p><span style=\"font-size: 16px;\"><strong>Mercredi : 10 h-12 h. Jeudi : 9 h 30-12 h.<\/strong><\/span><\/p>\n<p><span style=\"font-size: 16px;\"><strong>Samedi : 14 h 00-16h30.<\/strong><\/span><\/p>\n<ul>\n<li><span style=\"font-size: 16px;\"><strong>\u00c0 l\u2019\u00e9glise Notre-Dame d&rsquo;Esp\u00e9rance<\/strong><\/span><\/li>\n<\/ul>\n<p><span style=\"font-size: 16px;\"><strong>2 rue Auguste Renoir. Samedi de 17h \u00e0 18h, avant la messe de 18h00.<\/strong><\/span><\/p>\n<p>&nbsp;<\/p>\n<ul>\n<li><span style=\"font-size: 20px;\"><strong>VIRY-CHATILLON<\/strong><\/span><\/li>\n<li><span style=\"font-size: 16px; color: #ff6600;\"><strong>Secr\u00e9tariat inter paroissial, 3 rue de Choiseul \u2014 T\u00e9l. 0169053043<\/strong><\/span><\/li>\n<\/ul>\n<p><span style=\"font-size: 16px;\"><strong>Email\u00a0: <a href=\"mailto:paroisse.viry91@free.fr\">paroisse.viry91@free.fr<\/a><\/strong><\/span><\/p>\n<p><span style=\"font-size: 16px;\"><strong>Lundi 14h-16h (sauf vacances scolaires) et samedi 10h-11h30.<\/strong><\/span><\/p>\n<ul>\n<li><span style=\"font-size: 16px; color: #ff6600;\"><strong>\u00c0 l&rsquo;\u00e9glise Notre-Dame des Cit\u00e9s<\/strong><\/span><\/li>\n<\/ul>\n<p><span style=\"font-size: 16px;\"><strong>18 avenue de Marseille \u2014 T\u00e9l. 01 69 24 17 16<\/strong><\/span><\/p>\n<p><span style=\"font-size: 16px;\"><strong>Mardi : 14 h &#8211; 16 h (sauf vacances scolaires). Samedi de 9 h 30 \u00e0 11 h.<\/strong><\/span><\/p>\n<ul>\n<li><span style=\"font-size: 16px; color: #ff6600;\"><strong>\u00c0 l&rsquo;\u00e9glise Sainte-Bernadette 16 avenue Robert Keller \u2014 T\u00e9l. 01 69 24 79 31<\/strong><\/span><\/li>\n<\/ul>\n<p><span style=\"font-size: 16px;\"><strong>Samedi : 10 h-11 h 30 (sauf vacances scolaires).<\/strong><\/span><\/p>\n","protected":false},"excerpt":{"rendered":"<p>Les c\u00e9l\u00e9brations du Nouvel An sur le secteur pastoral de Savigny-Viry Bienheureux Marcel Callo &#8230;\/&#8230;<\/p>\n","protected":false},"author":990003,"featured_media":6796,"comment_status":"closed","ping_status":"closed","sticky":false,"template":"","format":"standard","meta":{"give_campaign_id":0,"footnotes":""},"categories":[1],"tags":[],"class_list":["post-6679","post","type-post","status-publish","format-standard","has-post-thumbnail","hentry","category-uncategorized"],"_links":{"self":[{"href":"https:\/\/demos.uptitude.fr\/savviry1\/wp-json\/wp\/v2\/posts\/6679","targetHints":{"allow":["GET"]}}],"collection":[{"href":"https:\/\/demos.uptitude.fr\/savviry1\/wp-json\/wp\/v2\/posts"}],"about":[{"href":"https:\/\/demos.uptitude.fr\/savviry1\/wp-json\/wp\/v2\/types\/post"}],"author":[{"embeddable":true,"href":"https:\/\/demos.uptitude.fr\/savviry1\/wp-json\/wp\/v2\/users\/990003"}],"replies":[{"embeddable":true,"href":"https:\/\/demos.uptitude.fr\/savviry1\/wp-json\/wp\/v2\/comments?post=6679"}],"version-history":[{"count":0,"href":"https:\/\/demos.uptitude.fr\/savviry1\/wp-json\/wp\/v2\/posts\/6679\/revisions"}],"wp:featuredmedia":[{"embeddable":true,"href":"https:\/\/demos.uptitude.fr\/savviry1\/wp-json\/wp\/v2\/pages\/6796"}],"wp:attachment":[{"href":"https:\/\/demos.uptitude.fr\/savviry1\/wp-json\/wp\/v2\/media?parent=6679"}],"wp:term":[{"taxonomy":"category","embeddable":true,"href":"https:\/\/demos.uptitude.fr\/savviry1\/wp-json\/wp\/v2\/categories?post=6679"},{"taxonomy":"post_tag","embeddable":true,"href":"https:\/\/demos.uptitude.fr\/savviry1\/wp-json\/wp\/v2\/tags?post=6679"}],"curies":[{"name":"wp","href":"https:\/\/api.w.org\/{rel}","templated":true}]}}