{"id":6693,"date":"2023-12-07T17:38:46","date_gmt":"2023-12-07T17:38:46","guid":{"rendered":"https:\/\/www.savigny-viry-catholique.fr\/?p=6693"},"modified":"2023-12-07T17:38:46","modified_gmt":"2023-12-07T17:38:46","slug":"deuxieme-dimanche-de-lavent","status":"publish","type":"post","link":"https:\/\/demos.uptitude.fr\/savviry1\/deuxieme-dimanche-de-lavent\/","title":{"rendered":"Deuxi\u00e8me dimanche de l&rsquo;Avent"},"content":{"rendered":"<p>10 d\u00e9cembre 2023 :La seconde bougie allum\u00e9e symbolise la foi des Patriarches, en la Terre Promise&#8230;.\/&#8230;<\/p>\n<p><!--more--><\/p>\n<p>&nbsp;<\/p>\n<p style=\"text-align: center;\"><span style=\"color: #0000ff;\"><em><strong><span style=\"font-size: 20px;\">\u00a0\u00bb Avec confiance, j&rsquo;avance sur le chemin que dieu me propose\u00a0\u00bb <\/span><\/strong><\/em><\/span><\/p>\n<p><img fetchpriority=\"high\" decoding=\"async\" class=\"wp-image-6712 alignleft\" src=\"https:\/\/www.savigny-viry-catholique.fr\/wp-content\/uploads\/2023\/12\/Annonce_aux_bergers-Heures_de_Charles_VIII-190x300.jpg\" alt=\"\" width=\"316\" height=\"500\" \/><img decoding=\"async\" class=\"alignleft wp-image-6705\" src=\"https:\/\/www.savigny-viry-catholique.fr\/wp-content\/uploads\/2023\/12\/pas-sur-le-sable-300x134.webp\" alt=\"\" width=\"500\" height=\"223\" \/><\/p>\n<p><img decoding=\"async\" class=\"alignnone wp-image-6706\" src=\"https:\/\/www.savigny-viry-catholique.fr\/wp-content\/uploads\/2023\/12\/Rois-mages-en-marche-300x195.jpg\" alt=\"\" width=\"500\" height=\"324\" \/><\/p>\n<p><span style=\"font-size: 20px;\"><em><strong>\u00c9vangile (Mc 1, 1-8)<\/strong><\/em><\/span><\/p>\n<p><span style=\"font-size: 16px;\">Commencement de l\u2019\u00c9vangile de J\u00e9sus, Christ, Fils de Dieu. Il est \u00e9crit dans Isa\u00efe, le proph\u00e8te : Voici que j\u2019envoie mon messager en avant de toi, pour ouvrir ton chemin. Voix de celui qui crie dans le d\u00e9sert : Pr\u00e9parez le chemin du Seigneur, rendez droits ses sentiers. Alors Jean, celui qui baptisait, parut dans le d\u00e9sert. Il proclamait un bapt\u00eame de conversion pour le pardon des p\u00e9ch\u00e9s. Toute la Jud\u00e9e, tous les habitants de J\u00e9rusalem se rendaient aupr\u00e8s de lui, et ils \u00e9taient baptis\u00e9s par lui dans le Jourdain, en reconnaissant publiquement leurs p\u00e9ch\u00e9s. Jean \u00e9tait v\u00eatu de poil de chameau, avec une ceinture de cuir autour des reins ; il se nourrissait de sauterelles et de miel sauvage. Il proclamait : \u00ab Voici venir derri\u00e8re moi celui qui est plus fort que moi ; je ne suis pas digne de m\u2019abaisser pour d\u00e9faire la courroie de ses sandales. Moi, je vous ai baptis\u00e9s avec de l\u2019eau ; lui vous baptisera dans l\u2019Esprit Saint. \u00bb<\/span><\/p>\n<p>&nbsp;<\/p>\n<p><span style=\"font-size: 16px; color: #993366;\"><em><strong>\u00ab\u00a0Jean Baptiste remplit le r\u00f4le que chacun de nous doit tenir, \u00eatre messager de la Bonne Nouvelle (\u00ab \u00e9vangile \u00bb en Grec) de J\u00e9sus Christ, Fils de Dieu. Cet \u00e9vangile au c\u0153ur de l\u2019Avent nous rappelle la mission de t\u00e9moignage que nous avons \u00e0 vivre comme baptis\u00e9s dans l\u2019eau et dans l\u2019Esprit.\u00a0\u00bb<\/strong><\/em><\/span> (source: dioc\u00e8see de Blois)<\/p>\n","protected":false},"excerpt":{"rendered":"<p>10 d\u00e9cembre 2023 :La seconde bougie allum\u00e9e symbolise la foi des Patriarches, en la Terre Promise&#8230;.\/&#8230;<\/p>\n","protected":false},"author":990003,"featured_media":6701,"comment_status":"closed","ping_status":"closed","sticky":false,"template":"","format":"standard","meta":{"give_campaign_id":0,"footnotes":""},"categories":[1],"tags":[],"class_list":["post-6693","post","type-post","status-publish","format-standard","has-post-thumbnail","hentry","category-uncategorized"],"_links":{"self":[{"href":"https:\/\/demos.uptitude.fr\/savviry1\/wp-json\/wp\/v2\/posts\/6693","targetHints":{"allow":["GET"]}}],"collection":[{"href":"https:\/\/demos.uptitude.fr\/savviry1\/wp-json\/wp\/v2\/posts"}],"about":[{"href":"https:\/\/demos.uptitude.fr\/savviry1\/wp-json\/wp\/v2\/types\/post"}],"author":[{"embeddable":true,"href":"https:\/\/demos.uptitude.fr\/savviry1\/wp-json\/wp\/v2\/users\/990003"}],"replies":[{"embeddable":true,"href":"https:\/\/demos.uptitude.fr\/savviry1\/wp-json\/wp\/v2\/comments?post=6693"}],"version-history":[{"count":0,"href":"https:\/\/demos.uptitude.fr\/savviry1\/wp-json\/wp\/v2\/posts\/6693\/revisions"}],"wp:featuredmedia":[{"embeddable":true,"href":"https:\/\/demos.uptitude.fr\/savviry1\/wp-json\/"}],"wp:attachment":[{"href":"https:\/\/demos.uptitude.fr\/savviry1\/wp-json\/wp\/v2\/media?parent=6693"}],"wp:term":[{"taxonomy":"category","embeddable":true,"href":"https:\/\/demos.uptitude.fr\/savviry1\/wp-json\/wp\/v2\/categories?post=6693"},{"taxonomy":"post_tag","embeddable":true,"href":"https:\/\/demos.uptitude.fr\/savviry1\/wp-json\/wp\/v2\/tags?post=6693"}],"curies":[{"name":"wp","href":"https:\/\/api.w.org\/{rel}","templated":true}]}}