{"id":6695,"date":"2023-12-14T12:00:41","date_gmt":"2023-12-14T12:00:41","guid":{"rendered":"https:\/\/www.savigny-viry-catholique.fr\/?p=6695"},"modified":"2023-12-14T12:00:41","modified_gmt":"2023-12-14T12:00:41","slug":"troisieme-dimanche-de-lavent","status":"publish","type":"post","link":"https:\/\/demos.uptitude.fr\/savviry1\/troisieme-dimanche-de-lavent\/","title":{"rendered":"Troisi\u00e8me dimanche de l&rsquo;Avent"},"content":{"rendered":"<p>17 d\u00e9cembre 2023 &#8211; La\u00a0 troisi\u00e8me bougie allum\u00e9e symbolise la joie de David, c\u00e9l\u00e9brant l\u2019Alliance avec Dieu. <strong>\u00a0&#8230;\/&#8230;<\/strong><\/p>\n<p><!--more--><\/p>\n<p style=\"text-align: center;\"><span style=\"color: #0000ff; font-size: 20px;\">\u00ab\u00a0<strong>Avec joie, je porte la lumi\u00e8re de Dieu autour de moi.\u00a0\u00bb<\/strong><\/span><\/p>\n<p><img fetchpriority=\"high\" decoding=\"async\" class=\"wp-image-6704 alignleft\" src=\"https:\/\/www.savigny-viry-catholique.fr\/wp-content\/uploads\/2023\/12\/bougie-lanterne-tenue-pres-fenetre-225x300.jpg\" alt=\"\" width=\"375\" height=\"500\" \/><span style=\"font-size: 16px;\">Le troisi\u00e8me dimanche de l&rsquo;Avent, dimanche de <strong>Gaudete<\/strong>*, est dit \u00ab\u00a0<strong>le dimanche de la joie<\/strong>\u00a0\u00bb.<\/span><\/p>\n<p><span style=\"font-size: 16px;\"> \u00ab\u00a0<em>Savoir que Dieu est proche, attentif et plein de compassion, (&#8230;), qu&rsquo;il est un p\u00e8re mis\u00e9ricordieux qui s&rsquo;int\u00e9resse \u00e0 nous dans le respect de notre libert\u00e9, est motif d&rsquo;une joie profonde<\/em>\u00a0\u00bb\u00a0<em><span class=\"ptt-txt\">(saint Jean-Paul\u00a0II)<\/span><\/em>.<\/span><\/p>\n<p><span style=\"font-size: 16px;\">La couleur des v\u00eatements liturgiques pendant cette p\u00e9riode de l&rsquo;attente qu&rsquo;est l&rsquo;Avent est le violet.\u00a0<\/span><\/p>\n<p>&nbsp;<\/p>\n<p><em><span style=\"font-size: 20px; font-family: 'times new roman', times, serif;\">Il y eut un homme envoy\u00e9 par Dieu ; son nom \u00e9tait Jean. Il est venu comme t\u00e9moin, pour rendre t\u00e9moignage \u00e0 la Lumi\u00e8re, afin que tous croient par lui. Cet homme n\u2019\u00e9tait pas la Lumi\u00e8re, mais il \u00e9tait l\u00e0 pour rendre t\u00e9moignage \u00e0 la Lumi\u00e8re. Voici le t\u00e9moignage de Jean, quand les Juifs lui envoy\u00e8rent de J\u00e9rusalem des pr\u00eatres et des l\u00e9vites pour lui demander : <\/span><\/em><\/p>\n<p><em><span style=\"font-size: 20px; font-family: 'times new roman', times, serif;\">\u00ab Qui es-tu ? \u00bb Il ne refusa pas de r\u00e9pondre, il d\u00e9clara ouvertement : \u00ab Je ne suis pas le Christ. \u00bb <\/span><\/em><\/p>\n<p><em><span style=\"font-size: 20px; font-family: 'times new roman', times, serif;\">I<\/span><\/em><em><span style=\"font-size: 20px; font-family: 'times new roman', times, serif;\">ls lui demand\u00e8rent : \u00ab Alors qu\u2019en est-il ? Es-tu le proph\u00e8te \u00c9lie ? \u00bb Il r\u00e9pondit : \u00ab Je ne le suis pas. \u2013 Es-tu le Proph\u00e8te annonc\u00e9 ? \u00bb Il r\u00e9pondit : \u00ab Non. \u00bb Alors ils lui dirent : \u00ab Qui es-tu ? Il faut que nous donnions une r\u00e9ponse \u00e0 ceux qui nous ont envoy\u00e9s. Que dis-tu sur toi-m\u00eame ? \u00bb Il r\u00e9pondit : \u00ab Je suis la voix de celui qui crie dans le d\u00e9sert : Redressez le chemin du Seigneur, comme a dit le proph\u00e8te Isa\u00efe. \u00bb <\/span><\/em><\/p>\n<p><em><span style=\"font-size: 20px; font-family: 'times new roman', times, serif;\">Or, ils avaient \u00e9t\u00e9 envoy\u00e9s de la part des pharisiens. Ils lui pos\u00e8rent encore cette question : \u00ab Pourquoi donc baptises-tu, si tu n\u2019es ni le Christ, ni \u00c9lie, ni le Proph\u00e8te ? \u00bb Jean leur r\u00e9pondit : \u00ab Moi, je baptise dans l\u2019eau. Mais au milieu de vous se tient celui que vous ne connaissez pas ; c\u2019est lui qui vient derri\u00e8re moi, et je ne suis pas digne de d\u00e9lier la courroie de sa sandale. \u00bb Cela s\u2019est pass\u00e9 \u00e0 B\u00e9thanie, de l\u2019autre c\u00f4t\u00e9 du Jourdain, \u00e0 l\u2019endroit o\u00f9 Jean baptisait.<\/span><\/em><\/p>\n<p><span style=\"font-size: 16px;\">\u00c9vangile (Jn 1, 6-8.19-28)<\/span><\/p>\n","protected":false},"excerpt":{"rendered":"<p>17 d\u00e9cembre 2023 &#8211; La\u00a0 troisi\u00e8me bougie allum\u00e9e symbolise la joie de David, c\u00e9l\u00e9brant l\u2019Alliance avec Dieu. \u00a0&#8230;\/&#8230;<\/p>\n","protected":false},"author":990003,"featured_media":6702,"comment_status":"closed","ping_status":"closed","sticky":false,"template":"","format":"standard","meta":{"give_campaign_id":0,"footnotes":""},"categories":[1],"tags":[],"class_list":["post-6695","post","type-post","status-publish","format-standard","has-post-thumbnail","hentry","category-uncategorized"],"_links":{"self":[{"href":"https:\/\/demos.uptitude.fr\/savviry1\/wp-json\/wp\/v2\/posts\/6695","targetHints":{"allow":["GET"]}}],"collection":[{"href":"https:\/\/demos.uptitude.fr\/savviry1\/wp-json\/wp\/v2\/posts"}],"about":[{"href":"https:\/\/demos.uptitude.fr\/savviry1\/wp-json\/wp\/v2\/types\/post"}],"author":[{"embeddable":true,"href":"https:\/\/demos.uptitude.fr\/savviry1\/wp-json\/wp\/v2\/users\/990003"}],"replies":[{"embeddable":true,"href":"https:\/\/demos.uptitude.fr\/savviry1\/wp-json\/wp\/v2\/comments?post=6695"}],"version-history":[{"count":0,"href":"https:\/\/demos.uptitude.fr\/savviry1\/wp-json\/wp\/v2\/posts\/6695\/revisions"}],"wp:featuredmedia":[{"embeddable":true,"href":"https:\/\/demos.uptitude.fr\/savviry1\/wp-json\/"}],"wp:attachment":[{"href":"https:\/\/demos.uptitude.fr\/savviry1\/wp-json\/wp\/v2\/media?parent=6695"}],"wp:term":[{"taxonomy":"category","embeddable":true,"href":"https:\/\/demos.uptitude.fr\/savviry1\/wp-json\/wp\/v2\/categories?post=6695"},{"taxonomy":"post_tag","embeddable":true,"href":"https:\/\/demos.uptitude.fr\/savviry1\/wp-json\/wp\/v2\/tags?post=6695"}],"curies":[{"name":"wp","href":"https:\/\/api.w.org\/{rel}","templated":true}]}}