{"id":6697,"date":"2023-12-18T12:00:30","date_gmt":"2023-12-18T12:00:30","guid":{"rendered":"https:\/\/www.savigny-viry-catholique.fr\/?p=6697"},"modified":"2023-12-18T12:00:30","modified_gmt":"2023-12-18T12:00:30","slug":"quatrieme-dimanche-de-lavent","status":"publish","type":"post","link":"https:\/\/demos.uptitude.fr\/savviry1\/quatrieme-dimanche-de-lavent\/","title":{"rendered":"Quatri\u00e8me dimanche de l&rsquo;Avent"},"content":{"rendered":"<p>Dimanche 24 d\u00e9cembre 2023 -La\u00a0 quatri\u00e8me\u00a0 bougie allum\u00e9e symbolise l\u2019enseignement des Proph\u00e8tes, annon\u00e7ant un r\u00e8gne de paix et de justice. <strong>&#8230;\/&#8230;<\/strong><!--more--><\/p>\n<p>&nbsp;<\/p>\n<p style=\"text-align: center;\"><span style=\"color: #0000ff; font-size: 20px;\">\u00ab\u00a0<strong>Avec Marie, je dis \u00ab OUI \u00bb \u00e0 Dieu\u00a0\u00bb<\/strong><\/span><\/p>\n<p><span style=\"font-size: 20px;\"><img fetchpriority=\"high\" decoding=\"async\" class=\"wp-image-6684 alignleft\" src=\"https:\/\/www.savigny-viry-catholique.fr\/wp-content\/uploads\/2023\/11\/Nativite-terminee-LaureBarlet-245x300.jpg\" alt=\"\" width=\"400\" height=\"489\" \/><\/span><\/p>\n<p>&nbsp;<\/p>\n<p>&nbsp;<\/p>\n<p><span style=\"font-size: 20px;\">\u00c9vangile de J\u00e9sus Christ selon saint Matthieu<\/span><\/p>\n<p><span style=\"font-size: 20px;\">\u00a0\u00a0\u00a0 Voici comment fut engendr\u00e9 J\u00e9sus Christ\u00a0:<\/span><br \/>\n<span style=\"font-size: 20px;\">Marie, sa m\u00e8re, avait \u00e9t\u00e9 accord\u00e9e en mariage \u00e0 Joseph ;avant qu\u2019ils aient habit\u00e9 ensemble,<\/span><br \/>\n<span style=\"font-size: 20px;\">elle fut enceinte par l\u2019action de l\u2019Esprit Saint.\u00a0 \u00a0 Joseph, son \u00e9poux, qui \u00e9tait un homme juste,\u00a0 et ne voulait pas la d\u00e9noncer publiquement,<\/span><br \/>\n<span style=\"font-size: 20px;\">d\u00e9cida de la renvoyer en secret.<\/span><br \/>\n<span style=\"font-size: 20px;\">\u00a0\u00a0 \u00a0Comme il avait form\u00e9 ce projet, voici que l\u2019ange du Seigneur lui apparut en songe et lui dit\u00a0:<\/span><br \/>\n<span style=\"font-size: 20px;\">\u00ab Joseph, fils de David, ne crains pas de prendre chez toi Marie, ton \u00e9pouse, puisque l\u2019enfant qui est engendr\u00e9 en elle<\/span><br \/>\n<span style=\"font-size: 20px;\">vient de l\u2019Esprit Saint ;\u00a0 \u00a0elle enfantera un fils, et tu lui donneras le nom de J\u00e9sus (c\u2019est-\u00e0-dire\u00a0: Le-Seigneur-sauve),<\/span><br \/>\n<span style=\"font-size: 20px;\">car c\u2019est lui qui sauvera son peuple de ses p\u00e9ch\u00e9s.\u00a0\u00bb<\/span><br \/>\n<span style=\"font-size: 20px;\">\u00a0\u00a0 \u00a0Tout cela est arriv\u00e9 pour que soit accomplie la parole du Seigneur prononc\u00e9e par le proph\u00e8te\u00a0:<\/span><br \/>\n<span style=\"font-size: 20px;\">\u00a0\u00a0 \u00a0<em>Voici que la Vierge concevra, et elle enfantera un fils ; on lui donnera le nom d\u2019Emmanuel, <\/em>qui se traduit\u00a0: \u00ab\u00a0<em>Dieu-avec-nous<\/em>\u00a0\u00bb.<\/span><\/p>\n<p><span style=\"font-size: 20px;\">\u00a0\u00a0\u00a0 Quand Joseph se r\u00e9veilla, il fit ce que l\u2019ange du Seigneur lui avait prescrit : il prit chez lui son \u00e9pouse.<\/span><\/p>\n<p>&nbsp;<\/p>\n<p>&nbsp;<\/p>\n<p>&nbsp;<\/p>\n<p>&nbsp;<\/p>\n<p>&nbsp;<\/p>\n<p><span style=\"color: #0000ff;\"><strong><span style=\"font-size: 16px;\">Et si \u00e0 No\u00ebl nous demandions non plus de recevoir mais de perdre quelque chose ? <\/span><\/strong><\/span><\/p>\n<p><span style=\"color: #0000ff;\"><strong><span style=\"font-size: 16px;\">le Fr. Didier Croonenberghs, dominicain expose, comment se pr\u00e9parer \u00e0 No\u00ebl ?<\/span><\/strong><\/span><\/p>\n<p><a href=\"https:\/\/www.lejourduseigneur.com\/videos\/dimanche-de-lavent-par-le-fr-didier-croonenberghs-comment-se-preparer-a-noel-1921\"><img decoding=\"async\" class=\"alignnone wp-image-6752\" src=\"https:\/\/www.savigny-viry-catholique.fr\/wp-content\/uploads\/2023\/12\/ZZZ-4DJDS-1-300x167.jpg\" alt=\"\" width=\"450\" height=\"251\" \/><\/a><\/p>\n<p>&nbsp;<\/p>\n","protected":false},"excerpt":{"rendered":"<p>Dimanche 24 d\u00e9cembre 2023 -La\u00a0 quatri\u00e8me\u00a0 bougie allum\u00e9e symbolise l\u2019enseignement des Proph\u00e8tes, annon\u00e7ant un r\u00e8gne de paix et de justice. &#8230;\/&#8230;<\/p>\n","protected":false},"author":990003,"featured_media":6703,"comment_status":"closed","ping_status":"closed","sticky":false,"template":"","format":"standard","meta":{"give_campaign_id":0,"footnotes":""},"categories":[1],"tags":[],"class_list":["post-6697","post","type-post","status-publish","format-standard","has-post-thumbnail","hentry","category-uncategorized"],"_links":{"self":[{"href":"https:\/\/demos.uptitude.fr\/savviry1\/wp-json\/wp\/v2\/posts\/6697","targetHints":{"allow":["GET"]}}],"collection":[{"href":"https:\/\/demos.uptitude.fr\/savviry1\/wp-json\/wp\/v2\/posts"}],"about":[{"href":"https:\/\/demos.uptitude.fr\/savviry1\/wp-json\/wp\/v2\/types\/post"}],"author":[{"embeddable":true,"href":"https:\/\/demos.uptitude.fr\/savviry1\/wp-json\/wp\/v2\/users\/990003"}],"replies":[{"embeddable":true,"href":"https:\/\/demos.uptitude.fr\/savviry1\/wp-json\/wp\/v2\/comments?post=6697"}],"version-history":[{"count":0,"href":"https:\/\/demos.uptitude.fr\/savviry1\/wp-json\/wp\/v2\/posts\/6697\/revisions"}],"wp:featuredmedia":[{"embeddable":true,"href":"https:\/\/demos.uptitude.fr\/savviry1\/wp-json\/"}],"wp:attachment":[{"href":"https:\/\/demos.uptitude.fr\/savviry1\/wp-json\/wp\/v2\/media?parent=6697"}],"wp:term":[{"taxonomy":"category","embeddable":true,"href":"https:\/\/demos.uptitude.fr\/savviry1\/wp-json\/wp\/v2\/categories?post=6697"},{"taxonomy":"post_tag","embeddable":true,"href":"https:\/\/demos.uptitude.fr\/savviry1\/wp-json\/wp\/v2\/tags?post=6697"}],"curies":[{"name":"wp","href":"https:\/\/api.w.org\/{rel}","templated":true}]}}