{"id":6723,"date":"2023-12-09T14:50:37","date_gmt":"2023-12-09T14:50:37","guid":{"rendered":"https:\/\/www.savigny-viry-catholique.fr\/?p=6723"},"modified":"2023-12-09T14:50:37","modified_gmt":"2023-12-09T14:50:37","slug":"la-lumiere-de-la-paix","status":"publish","type":"post","link":"https:\/\/demos.uptitude.fr\/savviry1\/la-lumiere-de-la-paix\/","title":{"rendered":"LA LUMIERE DE LA PAIX"},"content":{"rendered":"<p>Le samedi 16 d\u00e9cembre \u00e0 18h \u00e0 l&rsquo;\u00e9glise Notre Dame d&rsquo;Esp\u00e9rance \u00e0 Savigny-sur-Orge., la lumi\u00e8re de Bethl\u00e9em sera apport\u00e9e par les jeunes scouts et guides de France du groupe Saint Martin de Savigny &#8230;\/&#8230;<br \/>\n<!--more--><\/p>\n<p><img fetchpriority=\"high\" decoding=\"async\" class=\"wp-image-6725 size-full alignleft\" src=\"https:\/\/www.savigny-viry-catholique.fr\/wp-content\/uploads\/2023\/12\/Paix2023-SGDF.jpg\" alt=\"\" width=\"323\" height=\"464\" \/><\/p>\n<p style=\"text-align: center;\"><span style=\"color: #0000ff;\"><strong><span style=\"font-size: 20px;\">Lumi\u00e8re de la paix de Bethl\u00e9em<\/span><\/strong><\/span><\/p>\n<p>&nbsp;<\/p>\n<p><span style=\"font-size: 16px;\">Une d\u00e9marche port\u00e9e en France par les \u00c9claireuses et \u00c9claireurs Unionistes de France (EEUdF) (mouvement scout protestant)<\/span><span style=\"font-size: 16px;\"> et les Scouts et Guides de France (SGDF).<\/span><br \/>\n<span style=\"font-size: 16px;\">La Lumi\u00e8re de la Paix de Bethl\u00e9em est un \u00e9v\u00e9nement scout chr\u00e9tien qui se d\u00e9roule chaque ann\u00e9e pendant la p\u00e9riode de l\u2019Avent. Allum\u00e9e dans la grotte de la nativit\u00e9 \u00e0 Bethl\u00e9em, la lumi\u00e8re est rapport\u00e9e en Autriche, puis <\/span><span style=\"font-size: 16px;\">transmise partout en Europe. Elle constitue un symbole de paix, que l\u2019on peut diffuser, recevoir ou encore envoyer \u00e0 un proche.<\/span><br \/>\n<span style=\"font-size: 16px;\"><em><strong>Il nous semble essentiel, cette ann\u00e9e encore plus particuli\u00e8rement, de partager la Lumi\u00e8re de la Paix de Bethl\u00e9em avec tous ceux qui en ont besoin<\/strong> <\/em>et avec qui nous voulons c\u00e9l\u00e9brer la p\u00e9riode du temps de l\u2019Avent et de No\u00ebl.<\/span><br \/>\n<span style=\"font-size: 16px;\">Chacun peut participer \u00e0 la transmission de la Lumi\u00e8re de la Paix de Bethl\u00e9em, qu\u2019il\/elle soit scout ou non. Ce partage se vit \u00e0 partir du dimanche 10 d\u00e9cembre 2023 et dure tout le temps de l\u2019Avent et de No\u00ebl, et jusqu\u2019au 2 f\u00e9vrier 2024, f\u00eate de la pr\u00e9sentation de J\u00e9sus au temple.<\/span><br \/>\n<span style=\"font-size: 16px;\">La Lumi\u00e8re de la Paix de Bethl\u00e9em est une opportunit\u00e9 d\u2019agir pour un monde plus fraternel. C\u2019est un symbole d\u2019espoir \u00e0 l\u2019\u00e9chelle locale et mondiale. Elle nous redit simplement la pr\u00e9sence du Christ dans nos vies et <\/span><span style=\"font-size: 16px;\">l\u2019importance de rappeler cette pr\u00e9sence \u00e0 tous ceux qui en ont besoin.<\/span><br \/>\n<span style=\"color: #0000ff;\"><em><strong><span style=\"font-size: 16px;\">La Lumi\u00e8re de la Paix se diffusera partout en France !<\/span><\/strong><\/em><\/span><br \/>\n<span style=\"font-size: 16px;\">Recevez-la et partagez-la \u00e0 votre tour lors de la messe du samedi 16 d\u00e9cembre \u00e0 18h \u00e0 l&rsquo;\u00e9glise Notre Dame d&rsquo;Esp\u00e9rance \u00e0 Savigny-sur-Orge. Les jeunes scouts et guides de France du groupe Saint Martin de Savigny <\/span><span style=\"font-size: 16px;\">seront pr\u00e9sents pour animer cette messe et diffuser la lumi\u00e8re de Bethl\u00e9em.<\/span><\/p>\n<p><span style=\"font-size: 16px;\">.<\/span><br \/>\n<span style=\"font-size: 16px;\">Axelle UMNIK, Charg\u00e9 de l\u2019encadrement Spi du groupe SGDF Saint Martin de Savigny<\/span><\/p>\n","protected":false},"excerpt":{"rendered":"<p>Le samedi 16 d\u00e9cembre \u00e0 18h \u00e0 l&rsquo;\u00e9glise Notre Dame d&rsquo;Esp\u00e9rance \u00e0 Savigny-sur-Orge., la lumi\u00e8re de Bethl\u00e9em sera apport\u00e9e par les jeunes scouts et guides de France du groupe Saint Martin de Savigny &#8230;\/&#8230;<\/p>\n","protected":false},"author":990003,"featured_media":6729,"comment_status":"closed","ping_status":"closed","sticky":false,"template":"","format":"standard","meta":{"give_campaign_id":0,"footnotes":""},"categories":[1],"tags":[],"class_list":["post-6723","post","type-post","status-publish","format-standard","has-post-thumbnail","hentry","category-uncategorized"],"_links":{"self":[{"href":"https:\/\/demos.uptitude.fr\/savviry1\/wp-json\/wp\/v2\/posts\/6723","targetHints":{"allow":["GET"]}}],"collection":[{"href":"https:\/\/demos.uptitude.fr\/savviry1\/wp-json\/wp\/v2\/posts"}],"about":[{"href":"https:\/\/demos.uptitude.fr\/savviry1\/wp-json\/wp\/v2\/types\/post"}],"author":[{"embeddable":true,"href":"https:\/\/demos.uptitude.fr\/savviry1\/wp-json\/wp\/v2\/users\/990003"}],"replies":[{"embeddable":true,"href":"https:\/\/demos.uptitude.fr\/savviry1\/wp-json\/wp\/v2\/comments?post=6723"}],"version-history":[{"count":0,"href":"https:\/\/demos.uptitude.fr\/savviry1\/wp-json\/wp\/v2\/posts\/6723\/revisions"}],"wp:featuredmedia":[{"embeddable":true,"href":"https:\/\/demos.uptitude.fr\/savviry1\/wp-json\/"}],"wp:attachment":[{"href":"https:\/\/demos.uptitude.fr\/savviry1\/wp-json\/wp\/v2\/media?parent=6723"}],"wp:term":[{"taxonomy":"category","embeddable":true,"href":"https:\/\/demos.uptitude.fr\/savviry1\/wp-json\/wp\/v2\/categories?post=6723"},{"taxonomy":"post_tag","embeddable":true,"href":"https:\/\/demos.uptitude.fr\/savviry1\/wp-json\/wp\/v2\/tags?post=6723"}],"curies":[{"name":"wp","href":"https:\/\/api.w.org\/{rel}","templated":true}]}}