{"id":6772,"date":"2023-12-21T11:00:05","date_gmt":"2023-12-21T11:00:05","guid":{"rendered":"https:\/\/www.savigny-viry-catholique.fr\/?p=6772"},"modified":"2023-12-21T11:00:05","modified_gmt":"2023-12-21T11:00:05","slug":"noel-2023","status":"publish","type":"post","link":"https:\/\/demos.uptitude.fr\/savviry1\/noel-2023\/","title":{"rendered":"NO\u00cbL  2023"},"content":{"rendered":"<p><strong>Joyeuses f\u00eates : No\u00ebl est avant tout LA NAISSANCE DE J\u00c9SUS-CHRIST. Cadeau incomparable&#8230;\/&#8230;<\/strong><\/p>\n<p><!--more--><\/p>\n<p><span style=\"font-size: 16px;\"><strong><span style=\"color: #ff0000; font-size: 20px;\">Joyeuses f\u00eates !<\/span><\/strong><\/span><\/p>\n<p><span style=\"color: #003300;\"><span style=\"font-size: 16px;\">En c\u00e9l\u00e9brant en avance No\u00ebl avec les enfants des \u00e9coles Catholiques avant les cong\u00e9s, \u00e0 la question \u00e0 un enfant\u00a0: c\u2019est quoi No\u00ebl pour toi\u00a0? r\u00e9ponse imm\u00e9diate, c\u2019est les cadeaux\u00a0!<\/span><\/span><\/p>\n<p><span style=\"color: #003300;\"><span style=\"font-size: 16px;\">Attention\u00a0! cet enfant n\u2019avait pas compl\u00e8tement tort\u00a0; car sans doute c\u2019est ce que les adultes, sa famille\u00a0 et la soci\u00e9t\u00e9 lui ont montr\u00e9 et enseign\u00e9 jusque-l\u00e0. Il r\u00e9p\u00e8te ce qu\u2019il voit et entend.<\/span><\/span><\/p>\n<p><span style=\"color: #003300;\"><span style=\"font-size: 16px;\">Encore une fois, cet enfant n\u2019avait pas compl\u00e8tement tort\u00a0; car la joie de recevoir ou de donner un cadeau fait partie de No\u00ebl. La joie, No\u00ebl imprime un \u00e9lan joyeux, d\u2019autre diraient une f\u00eate \u00ab\u00a0magique\u00a0\u00bb\u00a0! Les familles se rassemblent, les amis se retrouvent et les lumi\u00e8res manifestent un air de f\u00eate inoubliable. Cet \u00e9lan est b\u00e9n\u00e9fique pour tous, joie partag\u00e9e.<\/span><\/span><\/p>\n<p><span style=\"color: #003300;\"><span style=\"font-size: 16px;\">Encore deux fois, cet enfant n\u2019avait pas compl\u00e8tement tort. En effet, notre humanit\u00e9 a b\u00e9n\u00e9fici\u00e9 d\u2019un Cadeau incomparable pour son Bonheur, une autre mani\u00e8re de dire pour son Salut. Cadeau qui n\u2019est pas mat\u00e9riel.<\/span><\/span><\/p>\n<p><span style=\"color: #003300;\"><span style=\"font-size: 16px;\">Et si nous compl\u00e9tions la r\u00e9ponse de cet enfant\u00a0? No\u00ebl est avant tout LA NAISSANCE DE J\u00c9SUS-CHRIST. Cadeau incomparable que Dieu fait \u00e0 tous sans exception, \u00e0 nous de l\u2019accueillir pour ce qu\u2019il est. Le nom de l\u2019enfant de la cr\u00e8che dit sa mission\u00a0: Christ ou Messie. Il \u00e9tait attendu par le peuple de Dieu, en terme de promesse divine. Promesse d\u2019un sauveur et lib\u00e9rateur de son peuple de tout ce qui s\u00e9parait\u00a0 le peuple de son Dieu. Cette promesse s\u2019est r\u00e9alis\u00e9e en J\u00e9sus. Nom qui signifie \u00ab\u00a0le Seigneur sauve\u00a0\u00bb. A No\u00ebl, la naissance d\u2019un enfant ouvre un avenir et pas n\u2019importe lequel. C\u2019est un avenir joyeux avec Dieu. Un tel avenir rassemble nos familles, ceux et celles que nous aimons et au-del\u00e0. Construire ensemble un tel avenir demande une transformation de nos c\u0153urs suivant le message de J\u00e9sus. Message de fraternit\u00e9, message de Paix, message de Justice, message d\u2019Amour. Ces cadeaux-l\u00e0 d\u00e9passent tout autre cadeau.<\/span><\/span><\/p>\n<p><span style=\"color: #003300;\"><span style=\"font-size: 16px;\">La cl\u00e9 pour les obtenir et surtout d\u2019en vivre, r\u00e9side dans la transformation de nos c\u0153urs \u00e0 la joie de l\u2019\u00e9vangile. Alors, c\u2019est quoi No\u00ebl pour toi\u00a0?<\/span><\/span><\/p>\n<p><span style=\"color: #003300;\"><span style=\"font-size: 16px;\">Avec No\u00ebl, s\u2019annoncent aussi les f\u00eates de fin d\u2019ann\u00e9e et du nouvel An. Alors, joyeuses f\u00eates de No\u00ebl, de fin d\u2019ann\u00e9e et de Bonne ann\u00e9e 2024\u00a0!<\/span><\/span><\/p>\n<p><span style=\"color: #003300;\"><span style=\"font-size: 16px;\">P\u00e8re Emmanuel BIDZOGO<\/span><\/span><\/p>\n<p><img fetchpriority=\"high\" decoding=\"async\" class=\"alignnone size-medium wp-image-6784\" src=\"https:\/\/www.savigny-viry-catholique.fr\/wp-content\/uploads\/2023\/12\/XCM_CUTTLE_1624936_3388801_500x500_en_US._SS400_QL85_-300x300.jpg\" alt=\"\" width=\"300\" height=\"300\" \/><\/p>\n<p>&nbsp;<\/p>\n<p>La f\u00eate de No\u00ebl c\u00e9l\u00e8bre chez les chr\u00e9tiens la naissance de J\u00e9sus-Christ, aucune date pr\u00e9cise n\u2019est inscrite dans les \u00c9vangiles (la Bible).<\/p>\n<p>C\u2019est vers 330 que la Nativit\u00e9 commence \u00e0 \u00eatre f\u00eat\u00e9 \u00e0 Rome le 25 d\u00e9cembre. La date n\u2019est pas la m\u00eame chez tous les chr\u00e9tiens en raison du d\u00e9calage entre le calendrier gr\u00e9gorien (25 d\u00e9cembre) et le calendrier julien chez les chr\u00e9tiens d\u2019Orient..<\/p>\n<header>\n<p class=\"article-intro\">La date exacte de la naissance de J\u00e9sus n&rsquo;est pas mentionn\u00e9e dans les \u00e9vangiles. Mais les historiens la fixent quelques ann\u00e9es avant notre \u00e8re.<\/p>\n<div class=\"image-container\">\n<figure><picture class=\"\"><img decoding=\"async\" class=\"wp-image-6778 size-full alignleft\" src=\"https:\/\/www.savigny-viry-catholique.fr\/wp-content\/uploads\/2023\/12\/Nativite-Marc-Chagall-V1-copie.jpg\" alt=\"\" width=\"372\" height=\"499\" \/><\/picture>\n<div class=\"image-zoom-icon\"><\/div>\n<div class=\"article-info-area\">\n<div class=\"article-info-caption\"><span style=\"font-size: 16px;\">Au VIe si\u00e8cle, Denis le Petit, un moine historien, cherche \u00e0 savoir quand exactement le temps des chr\u00e9tiens a commenc\u00e9. Pour lui, le d\u00e9but de l&rsquo;\u00e8re chr\u00e9tienne, c&rsquo;est l&rsquo;ann\u00e9e o\u00f9 <\/span><span style=\"font-size: 16px;\">J\u00e9sus<\/span><span style=\"font-size: 16px;\">\u00a0est n\u00e9. Denis le Petit fait ses calculs et fixe ainsi l&rsquo;an 1. Un nouveau calendrier est adopt\u00e9. D\u00e9sormais, il y a les si\u00e8cles avant J\u00e9sus Christ, et les si\u00e8cles apr\u00e8s.<\/span><\/div>\n<\/div>\n<\/figure>\n<\/div>\n<\/header>\n<div class=\"article-content-wrapper clearfix\">\n<div class=\"article-text\">\n<div class=\"clearfix ap-article-trigger\">\n<div class=\"content\" data-poool=\"\" data-poool-mode=\"excerpt\">\n<p><span style=\"font-size: 16px;\">Aujourd&rsquo;hui on pense que le moine a fait une erreur, et que J\u00e9sus a d\u00fb na\u00eetre 6 ou 7 ans avant ce fameux an 1.<\/span><\/p>\n<div id=\"dfp-native\"><\/div>\n<p><span style=\"font-size: 16px;\">Quant au 25 d\u00e9cembre, ce n&rsquo;est s\u00fbrement pas le jour exact o\u00f9 J\u00e9sus est n\u00e9. Cette date a \u00e9t\u00e9 choisie par des chr\u00e9tiens du IVe si\u00e8cle. Avant m\u00eame la p\u00e9riode chr\u00e9tienne, de nombreuses f\u00eates populaires \u00e9taient c\u00e9l\u00e9br\u00e9es au mois de d\u00e9cembre, au moment du solstice d&rsquo;hiver, comme pour conjurer le froid et la nuit, et peut-\u00eatre la mort de la nature. A Rome, du 17 au 24 d\u00e9cembre, on f\u00eatait ainsi les Saturnales, en l&rsquo;honneur de Saturne, le dieu des semailles et de la fertilit\u00e9. En Orient, le culte de Mithra, divinit\u00e9 de la lumi\u00e8re, voulait que l&rsquo;on sacrifi\u00e2t, le 25 d\u00e9cembre, un jeune taureau, pour c\u00e9l\u00e9brer la naissance du dieu solaire. Et l&rsquo;on trouve des traces de f\u00eates similaires chez les Teutons, les Celtes et les scandinaves, dans les pays nordiques.<\/span><\/p>\n<p><span style=\"font-size: 16px;\">Le jour du solstice d&rsquo;hiver en effet, si l&rsquo;on entre v\u00e9ritablement dans l&rsquo;hiver, c&rsquo;est aussi le moment o\u00f9 les jours commencent \u00e0 rallonger, le soleil rena\u00eet&#8230; Et les hommes ont toujours voulu c\u00e9l\u00e9brer ce temps. Peut-\u00eatre pour mieux esp\u00e9rer le retour du printemps, de la lumi\u00e8re et de la vie.<\/span><\/p>\n<div id=\"showAutoPromoCenter\" class=\"newsletter-block newsletter-block__left-block newsletter-block--orange\" data-track-autopromo-variation=\"push_nl_central\" data-track-autopromo-section=\"CRX\" data-track-autopromo-creative=\"C2\" data-gtm-vis-first-on-screen10266992_473=\"13070\" data-gtm-vis-total-visible-time10266992_473=\"100\" data-gtm-vis-has-fired10266992_473=\"1\"><\/div>\n<p><span style=\"font-size: 16px;\">D&rsquo;apr\u00e8s l&rsquo;\u00e9vangile, J\u00e9sus est mort un vendredi au moment des f\u00eates de la p\u00e2que juive. Selon leurs calculs, la plupart des historiens ont conclu que cela a d\u00fb arriver le vendredi 7 avril de l&rsquo;an 30. J\u00e9sus avait alors environ 36 ans.<\/span><\/p>\n<p>(Source :\u00a0 Article de La Croix )<\/p>\n<\/div>\n<\/div>\n<\/div>\n<\/div>\n<p>&nbsp;<\/p>\n<p><a href=\"https:\/\/www.lejourduseigneur.com\/videos\/feter-noel-loin-de-chez-soi-545\"><strong><span style=\"color: #0000ff; font-size: 16px;\"><img decoding=\"async\" class=\"wp-image-6779 alignleft\" src=\"https:\/\/www.savigny-viry-catholique.fr\/wp-content\/uploads\/2023\/12\/Z-noel.jpg\" alt=\"\" width=\"400\" height=\"254\" \/><\/span><\/strong><\/a><\/p>\n<p>&nbsp;<\/p>\n<p><strong><span style=\"color: #0000ff; font-size: 16px;\">Comment f\u00eatons-nous No\u00ebl ?<\/span><\/strong><\/p>\n<p><strong><span style=\"color: #0000ff; font-size: 16px;\">quelles sont nos traditions autour de cette f\u00eate ? <\/span><\/strong><\/p>\n<p><strong><span style=\"color: #0000ff; font-size: 16px;\">Aux Antilles ou dans l\u2019Oc\u00e9an Indien, en <\/span><\/strong><strong><span style=\"color: #0000ff; font-size: 16px;\">Martinique, en Guyane &#8211; \u00a0\u00bbchant\u00e9 Nwel\u00a0\u00bb &#8211; en Guadeloupe, \u00e0 La R\u00e9union &#8230;<\/span><\/strong><\/p>\n<p><strong><span style=\"color: #0000ff; font-size: 16px;\">Ces\u00a0 traditions permettent\u00a0 aussi aux familles de se pr\u00e9parer \u00e0 f\u00eater la naissance de J\u00e9sus.<\/span><\/strong><\/p>\n<p>&nbsp;<\/p>\n<p><span style=\"font-size: 16px; color: #0000ff;\"><strong><a href=\"https:\/\/www.lejourduseigneur.com\/videos\/feter-noel-loin-de-chez-soi-545\">La vdeo ci-contre<\/a> nous emm\u00e8ne en outremer<\/strong><\/span><\/p>\n<p>&nbsp;<\/p>\n<p>&nbsp;<\/p>\n","protected":false},"excerpt":{"rendered":"<p>Joyeuses f\u00eates : No\u00ebl est avant tout LA NAISSANCE DE J\u00c9SUS-CHRIST. Cadeau incomparable&#8230;\/&#8230;<\/p>\n","protected":false},"author":990003,"featured_media":6776,"comment_status":"closed","ping_status":"closed","sticky":false,"template":"","format":"standard","meta":{"give_campaign_id":0,"footnotes":""},"categories":[1],"tags":[],"class_list":["post-6772","post","type-post","status-publish","format-standard","has-post-thumbnail","hentry","category-uncategorized"],"_links":{"self":[{"href":"https:\/\/demos.uptitude.fr\/savviry1\/wp-json\/wp\/v2\/posts\/6772","targetHints":{"allow":["GET"]}}],"collection":[{"href":"https:\/\/demos.uptitude.fr\/savviry1\/wp-json\/wp\/v2\/posts"}],"about":[{"href":"https:\/\/demos.uptitude.fr\/savviry1\/wp-json\/wp\/v2\/types\/post"}],"author":[{"embeddable":true,"href":"https:\/\/demos.uptitude.fr\/savviry1\/wp-json\/wp\/v2\/users\/990003"}],"replies":[{"embeddable":true,"href":"https:\/\/demos.uptitude.fr\/savviry1\/wp-json\/wp\/v2\/comments?post=6772"}],"version-history":[{"count":0,"href":"https:\/\/demos.uptitude.fr\/savviry1\/wp-json\/wp\/v2\/posts\/6772\/revisions"}],"wp:featuredmedia":[{"embeddable":true,"href":"https:\/\/demos.uptitude.fr\/savviry1\/wp-json\/"}],"wp:attachment":[{"href":"https:\/\/demos.uptitude.fr\/savviry1\/wp-json\/wp\/v2\/media?parent=6772"}],"wp:term":[{"taxonomy":"category","embeddable":true,"href":"https:\/\/demos.uptitude.fr\/savviry1\/wp-json\/wp\/v2\/categories?post=6772"},{"taxonomy":"post_tag","embeddable":true,"href":"https:\/\/demos.uptitude.fr\/savviry1\/wp-json\/wp\/v2\/tags?post=6772"}],"curies":[{"name":"wp","href":"https:\/\/api.w.org\/{rel}","templated":true}]}}