{"id":6809,"date":"2023-12-23T19:04:21","date_gmt":"2023-12-23T19:04:21","guid":{"rendered":"https:\/\/www.savigny-viry-catholique.fr\/?p=6809"},"modified":"2023-12-23T19:04:21","modified_gmt":"2023-12-23T19:04:21","slug":"epiphanie-2","status":"publish","type":"post","link":"https:\/\/demos.uptitude.fr\/savviry1\/epiphanie-2\/","title":{"rendered":"Epiphanie"},"content":{"rendered":"<p>Les rois mages ont-ils vraiment suivi l&rsquo;\u00e9toile ? &#8230;<\/p>\n<p><!--more--><\/p>\n<p>&nbsp;<\/p>\n<p><a href=\"https:\/\/www.la-croix.com\/Definitions\/Bible\/Rois-mages\/L-etoile-des-mages-a-t-elle-vraiment-existe\"><span style=\"font-size: 20px; color: #0000ff;\"><strong>VIDEO &#8211; L&rsquo;\u00e9toile des mages a-t-elle vraiment exist\u00e9 ?<\/strong><\/span><\/a><\/p>\n<p><span style=\"font-size: 16px;\">Une conjonction astronomique qui s\u2019est produite en l\u2019an \u2013 7 cr\u00e9diterait la v\u00e9racit\u00e9 du r\u00e9cit \u00e9vang\u00e9lique de l&rsquo;\u00e9toile guidant les mages vers B\u00e9thl\u00e9em. Explications de Jean-Christian Petitfils, historien et \u00e9crivain.<\/span><\/p>\n<ul>\n<li><span style=\"font-size: 16px;\">Recueilli par Sophie de Villeneuve,\u00a0<\/span><\/li>\n<\/ul>\n<p><a href=\"https:\/\/www.la-croix.com\/Definitions\/Bible\/Rois-mages\/L-etoile-des-mages-a-t-elle-vraiment-existe\"><img fetchpriority=\"high\" decoding=\"async\" class=\"alignleft wp-image-6812\" src=\"https:\/\/www.savigny-viry-catholique.fr\/wp-content\/uploads\/2024\/01\/epiphanie24.jpg\" alt=\"\" width=\"500\" height=\"368\" \/><\/a><\/p>\n<p>&nbsp;<\/p>\n<p><span style=\"font-size: 16px;\">Vision int\u00e9rieure, l\u00e9gende ou bien r\u00e9alit\u00e9 ? L&rsquo;\u00e9toile qui a guid\u00e9 les mages jusqu&rsquo;\u00e0 Bethl\u00e9em a suscit\u00e9 beaucoup d&rsquo;hypoth\u00e8ses. Jean-Christian Petitfils, historien et \u00e9crivain, auteur du dictionnaire amoureux de J\u00e9sus (\u00e9d. Plon) en pr\u00e9sente une cr\u00e9dible. Il est interview\u00e9 par Sophie de Villeneuve, r\u00e9dactrice en chef de Croire, dans son \u00e9mission Mille questions \u00e0 la foi sur Radio Notre-Dame.<\/span><\/p>\n<p><span style=\"font-size: 16px;\">Le 17 d\u00e9cembre 1603, l&rsquo;astronome Kepler a d\u00e9couvert une conjonction de Jupiter (plan\u00e8te symbolisant le pouvoir royal) et de Saturne (plan\u00e8te d&rsquo;Isra\u00ebl) dans la constellation du Poisson (symbolisant les pays de la mer : Jud\u00e9e et Samarie). Il s&rsquo;aper\u00e7oit que le ph\u00e9nom\u00e8ne s&rsquo;est reproduit par trois fois la m\u00eame ann\u00e9e en l&rsquo;an &#8211; 7.<\/span><\/p>\n<p><span style=\"font-size: 16px;\">Les calculs modernes confirment l&rsquo;hypoth\u00e8se de Kepler: trois p\u00e9riodes d&rsquo;apparition se seraient produites entre le 29 mai et le 9 juin, entre le 26 septembre et le 3 octobre, et entre le 5 et 15 d\u00e9cembre &#8211; 7.<\/span><\/p>\n<p><span style=\"font-size: 16px;\">Haut du formulaire<\/span><\/p>\n<p><span style=\"font-size: 16px;\">Bas du formulaire<\/span><\/p>\n<p><span style=\"font-size: 16px;\">Le 3 octobre, jour de brillance la plus forte, tombait le jour du Kippour (le Grand Pardon), o\u00f9 le grand pr\u00eatre entre dans le Saint des saints dans le Temple. Cette forte lumi\u00e8re aurait provoqu\u00e9 le d\u00e9part des mages pour Bethl\u00e9em&#8230;<\/span><\/p>\n<p><strong><span style=\"color: #0000ff;\">CLIQUER SUR L&rsquo;IMAGE POUR LA VIDEO<\/span><\/strong><\/p>\n<p>&nbsp;<\/p>\n","protected":false},"excerpt":{"rendered":"<p>Les rois mages ont-ils vraiment suivi l&rsquo;\u00e9toile ? &#8230;<\/p>\n","protected":false},"author":990003,"featured_media":6813,"comment_status":"closed","ping_status":"closed","sticky":false,"template":"","format":"standard","meta":{"give_campaign_id":0,"footnotes":""},"categories":[1],"tags":[],"class_list":["post-6809","post","type-post","status-publish","format-standard","has-post-thumbnail","hentry","category-uncategorized"],"_links":{"self":[{"href":"https:\/\/demos.uptitude.fr\/savviry1\/wp-json\/wp\/v2\/posts\/6809","targetHints":{"allow":["GET"]}}],"collection":[{"href":"https:\/\/demos.uptitude.fr\/savviry1\/wp-json\/wp\/v2\/posts"}],"about":[{"href":"https:\/\/demos.uptitude.fr\/savviry1\/wp-json\/wp\/v2\/types\/post"}],"author":[{"embeddable":true,"href":"https:\/\/demos.uptitude.fr\/savviry1\/wp-json\/wp\/v2\/users\/990003"}],"replies":[{"embeddable":true,"href":"https:\/\/demos.uptitude.fr\/savviry1\/wp-json\/wp\/v2\/comments?post=6809"}],"version-history":[{"count":0,"href":"https:\/\/demos.uptitude.fr\/savviry1\/wp-json\/wp\/v2\/posts\/6809\/revisions"}],"wp:featuredmedia":[{"embeddable":true,"href":"https:\/\/demos.uptitude.fr\/savviry1\/wp-json\/"}],"wp:attachment":[{"href":"https:\/\/demos.uptitude.fr\/savviry1\/wp-json\/wp\/v2\/media?parent=6809"}],"wp:term":[{"taxonomy":"category","embeddable":true,"href":"https:\/\/demos.uptitude.fr\/savviry1\/wp-json\/wp\/v2\/categories?post=6809"},{"taxonomy":"post_tag","embeddable":true,"href":"https:\/\/demos.uptitude.fr\/savviry1\/wp-json\/wp\/v2\/tags?post=6809"}],"curies":[{"name":"wp","href":"https:\/\/api.w.org\/{rel}","templated":true}]}}