{"id":6817,"date":"2024-01-06T11:29:55","date_gmt":"2024-01-06T11:29:55","guid":{"rendered":"https:\/\/www.savigny-viry-catholique.fr\/?p=6817"},"modified":"2024-01-06T11:29:55","modified_gmt":"2024-01-06T11:29:55","slug":"2024-annee-olympique","status":"publish","type":"post","link":"https:\/\/demos.uptitude.fr\/savviry1\/2024-annee-olympique\/","title":{"rendered":"2024 : ANNEE OLYMPIQUE"},"content":{"rendered":"<p>Edito du P\u00e8re Emmanuel Bidzogo : \u00ab\u00a0<em>Et si cette ann\u00e9e 2024 \u00e9tait celle o\u00f9 chacun d\u2019entre nous cherchait \u00e0 gagner,&#8230;\/&#8230;<\/em><!--more--><\/p>\n<p><span style=\"font-size: 24px; color: #0000ff;\"><strong>Une ann\u00e9e olympique<\/strong><\/span><\/p>\n<p><strong><span style=\"color: #ff6600;\"><em><span style=\"font-size: 20px;\">\u00ab\u00a0Vous savez bien que, dans le stade, tous les coureurs participent \u00e0 la course, mais un seul re\u00e7oit le prix. Alors, vous, courez de mani\u00e8re \u00e0 l\u2019emporter\u00a0\u00bb (Premi\u00e8re lettre de saint Paul aux chr\u00e9tiens de la ville de Corinthe 1Cor9, 24).<\/span><\/em><\/span><\/strong><\/p>\n<p><img fetchpriority=\"high\" decoding=\"async\" class=\"size-medium wp-image-6824 aligncenter\" src=\"https:\/\/www.savigny-viry-catholique.fr\/wp-content\/uploads\/2024\/01\/Saint-Paul-lettre-corinthiens-300x225.jpg\" alt=\"\" width=\"300\" height=\"225\" \/><\/p>\n<p>&nbsp;<\/p>\n<p><span style=\"font-size: 20px;\">Et si cette ann\u00e9e 2024 \u00e9tait celle o\u00f9 chacun d\u2019entre nous cherchait \u00e0 gagner, il va sans dire honn\u00eatement, les d\u00e9fis que nous lance l\u2019\u00e9vangile sur le terrain de la mission. Quel stade que celui de la mission\u00a0!<\/span><\/p>\n<p><span style=\"font-size: 20px;\">Dans notre secteur pastoral de Savigny-Viry Bienheureux Marcel Callo, des appels et des r\u00e9ponses se dessinent en ce mois de janvier et pour la suite. La question est de savoir comment et avec qui les amplifier\u00a0?<\/span><\/p>\n<p><span style=\"font-size: 20px;\"><strong><img decoding=\"async\" class=\"size-medium wp-image-6827 alignleft\" src=\"https:\/\/www.savigny-viry-catholique.fr\/wp-content\/uploads\/2024\/01\/Lettre-de-mission-copie-300x190.jpg\" alt=\"\" width=\"300\" height=\"190\" \/>Des lettres de mission<\/strong> sont remises \u00e0 plusieurs \u00e9quipes\u00a0: <strong>\u00e9quipes animatrices, \u00e9quipe Esp\u00e9rance<\/strong> \u2026 et pourtant nous savons que des ouvriers demeurent encore peu nombreux dans ces \u00e9quipes et la moisson abondante. Comment susciter de nouvelles vocations ?<\/span><\/p>\n<p><span style=\"font-size: 20px;\">De nouvelles personnes adultes font leur entr\u00e9e en \u00c9glise, une douzaine dans notre secteur pastoral. En m\u00eame temps, nous savons que de nombreux contemporains, voisins de paliers, plusieurs personnes dans nos familles ne sont pas de la partie. Et oui, il y a l\u00e0 un grand stade de la mission. Vous me direz<em> \u00ab\u00a0pas facile\u00a0\u00bb<\/em>, mais la r\u00e9alit\u00e9 est que ce terrain existe.<\/span><\/p>\n<p><span style=\"font-size: 20px;\">Des personnes s\u2019engagent pour des missions sp\u00e9cifiques en les inscrivant dans le reste de toute leur vie. Ce ne sera pas \u00e0 mi-temps. C\u2019est le cas de <em>Christophe <\/em>et de <em>Vincent<\/em> qui recevrons l\u2019institution au lectorat (lecteur) et \u00e0 l\u2019acolytat (service de l\u2019autel) le dimanche 21 janvier \u00e0 sainte Th\u00e9r\u00e8se, en vue du diaconat permanent (signe du serviteur) dans les mois \u00e0 venir. Comment amplifier cet \u00e9lan dans nos communaut\u00e9s chr\u00e9tiennes\u00a0? Quelles vocations nouvelles dans nos communaut\u00e9s chr\u00e9tiennes\u00a0? As-tu ouvert les oreilles pour entendre l\u2019appel du Seigneur pour toi\u00a0? La peur t\u2019as-t-elle arr\u00eat\u00e9\u00a0? sache que c\u2019est possible de frapper \u00e0 la porte.<\/span><\/p>\n<p><span style=\"font-size: 20px;\">Enfin, parmi d\u2019autres terrains, des temps de convivialit\u00e9 sont pr\u00e9vus tout au long de l\u2019ann\u00e9e pour marquer la fraternit\u00e9. C\u2019est le cas des v\u0153ux et la galette des Rois propos\u00e9s en secteur le 14 janvier prochain \u00e0 15h dans les salles de l\u2019\u00e9glise du Saint Esprit \u00e0 Viry. Ces moments constituent un bon terrain de la mission car en fin de compte, un des buts n\u2019est-il pas de d\u00e9couvrir une r\u00e9alit\u00e9 pastorale du secteur\u00a0? Cette ann\u00e9e, les associations caritatives. L\u2019ann\u00e9e prochaine, pourquoi ne pas aller \u00e0 la d\u00e9couverte des r\u00e9alit\u00e9s au service des enfants et des jeunes dans notre secteur\u00a0?<\/span><\/p>\n<p><span style=\"font-size: 20px;\">Alors, d\u2019Olympie en Gr\u00e8ce en 776 avant J.C, \u00e0 Paris en France en 2024, en passant par la relance des olympiades par Pierre de Coubertin (J.O de 1896 \u00e0 Ath\u00e8nes)\u00a0; le terrain , que dis-je, le stade de la mission est \u00e0 notre port\u00e9e. Il demeure une t\u00e2che \u00e0 accomplir. Pas seulement comme le d\u00e9clarait l\u2019illustre Pierre de Coubertin dans un discours, le 24 juillet 1908\u00a0: \u00ab\u00a0l\u2019important, c\u2019est de participer\u00a0\u00bb, mais le but sera de gagner avec honn\u00eatet\u00e9 la course des terrains de la mission, pour une couronne qui ne fl\u00e9trit pas. Ceci \u00e0 l\u2019instar de saint Paul\u00a0:<\/span><\/p>\n<p>&nbsp;<\/p>\n<p><span style=\"color: #ff6600;\"><strong><em><span style=\"font-size: 20px;\">\u00ab\u00a0Tous les athl\u00e8tes \u00e0 l\u2019entra\u00eenement s\u2019imposent une discipline s\u00e9v\u00e8re\u00a0; ils le font pour recevoir une couronne de laurier qui va se faner, et nous, pour une couronne qui ne se fane pas\u00a0\u00bb (1Cor9, 25).<\/span><\/em><\/strong><\/span><\/p>\n<p><img decoding=\"async\" class=\"size-medium wp-image-6829 aligncenter\" src=\"https:\/\/www.savigny-viry-catholique.fr\/wp-content\/uploads\/2024\/01\/Couronne-lauriers1313-300x253.png\" alt=\"\" width=\"300\" height=\"253\" \/><\/p>\n<p>&nbsp;<\/p>\n<p><strong><span style=\"font-size: 20px; color: #0000ff;\">Bonne et heureuse ann\u00e9e 2024\u00a0!<\/span><\/strong><\/p>\n<p><span style=\"font-size: 20px;\">P\u00e8re Emmanuel BIDZOGO<\/span><\/p>\n","protected":false},"excerpt":{"rendered":"<p>Edito du P\u00e8re Emmanuel Bidzogo : \u00ab\u00a0Et si cette ann\u00e9e 2024 \u00e9tait celle o\u00f9 chacun d\u2019entre nous cherchait \u00e0 gagner,&#8230;\/&#8230;<\/p>\n","protected":false},"author":990003,"featured_media":6819,"comment_status":"closed","ping_status":"closed","sticky":false,"template":"","format":"standard","meta":{"give_campaign_id":0,"footnotes":""},"categories":[1],"tags":[],"class_list":["post-6817","post","type-post","status-publish","format-standard","has-post-thumbnail","hentry","category-uncategorized"],"_links":{"self":[{"href":"https:\/\/demos.uptitude.fr\/savviry1\/wp-json\/wp\/v2\/posts\/6817","targetHints":{"allow":["GET"]}}],"collection":[{"href":"https:\/\/demos.uptitude.fr\/savviry1\/wp-json\/wp\/v2\/posts"}],"about":[{"href":"https:\/\/demos.uptitude.fr\/savviry1\/wp-json\/wp\/v2\/types\/post"}],"author":[{"embeddable":true,"href":"https:\/\/demos.uptitude.fr\/savviry1\/wp-json\/wp\/v2\/users\/990003"}],"replies":[{"embeddable":true,"href":"https:\/\/demos.uptitude.fr\/savviry1\/wp-json\/wp\/v2\/comments?post=6817"}],"version-history":[{"count":0,"href":"https:\/\/demos.uptitude.fr\/savviry1\/wp-json\/wp\/v2\/posts\/6817\/revisions"}],"wp:featuredmedia":[{"embeddable":true,"href":"https:\/\/demos.uptitude.fr\/savviry1\/wp-json\/"}],"wp:attachment":[{"href":"https:\/\/demos.uptitude.fr\/savviry1\/wp-json\/wp\/v2\/media?parent=6817"}],"wp:term":[{"taxonomy":"category","embeddable":true,"href":"https:\/\/demos.uptitude.fr\/savviry1\/wp-json\/wp\/v2\/categories?post=6817"},{"taxonomy":"post_tag","embeddable":true,"href":"https:\/\/demos.uptitude.fr\/savviry1\/wp-json\/wp\/v2\/tags?post=6817"}],"curies":[{"name":"wp","href":"https:\/\/api.w.org\/{rel}","templated":true}]}}