{"id":6833,"date":"2024-01-08T12:07:37","date_gmt":"2024-01-08T12:07:37","guid":{"rendered":"https:\/\/www.savigny-viry-catholique.fr\/?p=6833"},"modified":"2024-01-08T12:07:37","modified_gmt":"2024-01-08T12:07:37","slug":"semaine-de-priere-pour-lunite-des-chretiens-3","status":"publish","type":"post","link":"https:\/\/demos.uptitude.fr\/savviry1\/semaine-de-priere-pour-lunite-des-chretiens-3\/","title":{"rendered":"SEMAINE DE PRIERE POUR L\u2019UNITE DES CHRETIENS"},"content":{"rendered":"<p>Du 18 au 25 janvier. <em>\u00ab\u00a0Les chr\u00e9tiens sont appel\u00e9s \u00e0 agir comme le Christ en aimant comme le Bon Samaritain &#8230;\/&#8230;<\/em><\/p>\n<p><!--more--><\/p>\n<p style=\"text-align: center;\"><strong><span style=\"font-size: 20px; color: #000080;\">Tu aimeras le Seigneur ton Dieu\u2026<\/span><\/strong><br \/>\n<strong><span style=\"font-size: 20px; color: #000080;\">et ton prochain comme toi-m\u00eame<\/span><\/strong><br \/>\n<strong><span style=\"font-size: 20px; color: #000080;\">(Luc 10, 27)<\/span><\/strong><\/p>\n<p style=\"text-align: left;\"><span style=\"font-size: 16px;\">Ce sont les chr\u00e9tiens du Burkina Faso qui ont choisi le th\u00e8me de la prochaine <strong>Semaine de pri\u00e8re pour l\u2019unit\u00e9 des chr\u00e9tiens, <\/strong><\/span><strong><span style=\"font-size: 16px;\">du 18 au 25 janvier 2024.<\/span><\/strong><br \/>\n<span style=\"font-size: 16px;\">Les chr\u00e9tiens sont appel\u00e9s \u00e0 agir comme le Christ en aimant comme le Bon Samaritain, en montrant de la piti\u00e9 et de la compassion pour ceux qui sont dans le besoin quelle que soit leur<\/span><br \/>\n<span style=\"font-size: 16px;\">identit\u00e9 religieuse, ethnique ou sociale. Ce qui doit nous inciter \u00e0 venir en aide aux autres, ce n\u2019est pas l\u2019identit\u00e9 commune, mais l\u2019amour de notre \u00ab prochain \u00bb. Toutefois, la vision de l\u2019amour de notre prochain que J\u00e9sus nous pr\u00e9sente est battue en br\u00e8che dans le monde d\u2019aujourd\u2019hui.<\/span><br \/>\n<span style=\"font-size: 16px;\">Guerres dans beaucoup de r\u00e9gions, d\u00e9s\u00e9quilibres dans les relations internationales et in\u00e9galit\u00e9s caus\u00e9es par les ajustements structurels impos\u00e9s par les puissances occidentales ou par d\u2019autres agents ext\u00e9rieurs inhibent notre capacit\u00e9 d\u2019aimer comme le Christ. C\u2019est en apprenant \u00e0 s\u2019aimer les uns les autres au-del\u00e0 de leurs diff\u00e9rences que les chr\u00e9tiens peuvent devenir des \u00ab prochains \u00bb, comme le Samaritain de l\u2019\u00c9<\/span>vangile.<\/p>\n<p><span style=\"font-size: 16px;\"><strong>T\u00e9l\u00e9charger la brochure de la semaine de pri\u00e8re 2024 en cliquant sur l&rsquo;image ci-dessous<\/strong><\/span><\/p>\n<p><a href=\"https:\/\/unitedeschretiens.fr\/wordpress\/wp-content\/uploads\/2023\/08\/2024-Brochure-internationale.pdf\"><img fetchpriority=\"high\" decoding=\"async\" class=\"alignnone wp-image-6837\" src=\"https:\/\/www.savigny-viry-catholique.fr\/wp-content\/uploads\/2024\/01\/Unite-chretiens2024-Brochure-211x300.jpg\" alt=\"\" width=\"350\" height=\"498\" \/><\/a><\/p>\n<p>&nbsp;<\/p>\n<p><span style=\"color: #0000ff;\"><strong><span style=\"font-size: 20px;\">C\u00e9l\u00e9brations pour l\u2019Unit\u00e9 des Chr\u00e9tiens, pr\u00e9vues dans le dioc\u00e8se :<\/span><\/strong><\/span><\/p>\n<p><span style=\"font-size: 16px;\"><strong>Secteur de l\u2019Yvette : le 20\/01, 18h, \u00e9glise St-Paul-de-Chevry, Gif-sur-Yvette.\u00a0<\/strong><\/span><\/p>\n<p><span style=\"font-size: 16px;\"><strong>Secteur Massy-Verri\u00e8res : le 26\/01, 20h30, \u00e9glise protestante unie St-Marc, place Antoine de StExup\u00e9ry, Massy. La c\u00e9l\u00e9bration sera anim\u00e9e par la Schola St-Martin.<\/strong><\/span><\/p>\n<p><span style=\"font-size: 16px;\"><strong>Secteur d\u2019Arpajon : le 25\/01, f\u00eate de la conversion de St Paul, 18h30, \u00e9glise St Cl\u00e9ment, Arpajon, <\/strong><\/span><span style=\"font-size: 16px;\"><strong>soir\u00e9e de pri\u00e8re pour l\u2019Unit\u00e9 des Chr\u00e9tiens. <\/strong><\/span><span style=\"font-size: 16px;\"><strong>Ce temps de pri\u00e8re sera anim\u00e9 par les communaut\u00e9s du Chemin Neuf (Saint Sulpice), des Focolari <\/strong><\/span><span style=\"font-size: 16px;\"><strong>(Arny), des groupes de pri\u00e8re d\u2019Arpajon, avec la participation du pasteur Jamel Gu\u00e9rib de l\u2019\u00e9glise <\/strong><\/span><span style=\"font-size: 16px;\"><strong>protestante \u00e9vang\u00e9lique d\u2019Arpajon. \u00ab Que tous soient UN \u00bb (Jn 17 21).<\/strong><\/span><\/p>\n<p><span style=\"font-size: 16px;\"><strong>Secteur de Brunoy : le Groupe \u0153cum\u00e9nique vous invite \u00e0 participer aux temps forts de cette semaine 2024 : le 20\/01, 18h : messe \u00e0 l\u2019\u00e9glise Marie M\u00e8re (Yerres). Pr\u00e9dication assur\u00e9e par l\u2019\u00e9glise <\/strong><\/span><span style=\"font-size: 16px;\"><strong>unie de Villeneuve Saint Georges le 21\/01, 10h30 : culte \u00e0 l\u2019\u00e9glise unie de Villeneuve St Georges. <\/strong><\/span><span style=\"font-size: 16px;\"><strong>Pr\u00e9dication assur\u00e9e par le P\u00e8re Fran\u00e7ois DAYO le 23\/01, 20h : temps de pri\u00e8re \u00e0 l\u2019\u00e9glise St Pierre <\/strong><\/span><span style=\"font-size: 16px;\"><strong>Fourier<\/strong><\/span><\/p>\n<p><span style=\"font-size: 16px;\"><strong>Secteur de Corbeil le 21\/01, durant la messe dominicale de 11h, un groupe de fid\u00e8les protestants\u00a0 <\/strong><\/span><span style=\"font-size: 16px;\"><strong>du Temple de l\u2019Avenue Carnot viendront en d\u00e9l\u00e9gation \u00e0 la cath\u00e9drale St Spire le 28\/01, les catholiques qui le souhaitent sont invit\u00e9s \u00e0 participer au culte au Temple de l\u2019Avenue Carnot \u00e0 11h<\/strong><\/span><\/p>\n<p>&nbsp;<\/p>\n<p>&nbsp;<\/p>\n<p>&nbsp;<\/p>\n","protected":false},"excerpt":{"rendered":"<p>Du 18 au 25 janvier. \u00ab\u00a0Les chr\u00e9tiens sont appel\u00e9s \u00e0 agir comme le Christ en aimant comme le Bon Samaritain &#8230;\/&#8230;<\/p>\n","protected":false},"author":990003,"featured_media":6836,"comment_status":"closed","ping_status":"closed","sticky":false,"template":"","format":"standard","meta":{"give_campaign_id":0,"footnotes":""},"categories":[1],"tags":[],"class_list":["post-6833","post","type-post","status-publish","format-standard","has-post-thumbnail","hentry","category-uncategorized"],"_links":{"self":[{"href":"https:\/\/demos.uptitude.fr\/savviry1\/wp-json\/wp\/v2\/posts\/6833","targetHints":{"allow":["GET"]}}],"collection":[{"href":"https:\/\/demos.uptitude.fr\/savviry1\/wp-json\/wp\/v2\/posts"}],"about":[{"href":"https:\/\/demos.uptitude.fr\/savviry1\/wp-json\/wp\/v2\/types\/post"}],"author":[{"embeddable":true,"href":"https:\/\/demos.uptitude.fr\/savviry1\/wp-json\/wp\/v2\/users\/990003"}],"replies":[{"embeddable":true,"href":"https:\/\/demos.uptitude.fr\/savviry1\/wp-json\/wp\/v2\/comments?post=6833"}],"version-history":[{"count":0,"href":"https:\/\/demos.uptitude.fr\/savviry1\/wp-json\/wp\/v2\/posts\/6833\/revisions"}],"wp:featuredmedia":[{"embeddable":true,"href":"https:\/\/demos.uptitude.fr\/savviry1\/wp-json\/"}],"wp:attachment":[{"href":"https:\/\/demos.uptitude.fr\/savviry1\/wp-json\/wp\/v2\/media?parent=6833"}],"wp:term":[{"taxonomy":"category","embeddable":true,"href":"https:\/\/demos.uptitude.fr\/savviry1\/wp-json\/wp\/v2\/categories?post=6833"},{"taxonomy":"post_tag","embeddable":true,"href":"https:\/\/demos.uptitude.fr\/savviry1\/wp-json\/wp\/v2\/tags?post=6833"}],"curies":[{"name":"wp","href":"https:\/\/api.w.org\/{rel}","templated":true}]}}