{"id":6844,"date":"2024-01-12T18:41:55","date_gmt":"2024-01-12T18:41:55","guid":{"rendered":"https:\/\/www.savigny-viry-catholique.fr\/?p=6844"},"modified":"2024-01-12T18:41:55","modified_gmt":"2024-01-12T18:41:55","slug":"dimanche-de-la-parole-de-dieu","status":"publish","type":"post","link":"https:\/\/demos.uptitude.fr\/savviry1\/dimanche-de-la-parole-de-dieu\/","title":{"rendered":"Dimanche de la Parole de Dieu"},"content":{"rendered":"<p>21 janvier 2024 &#8211; un Dimanche consacr\u00e9 \u00e0 la Parole\u00a0 de Dieu pendant le temps ordinaire, &#8230;\/&#8230;<\/p>\n<p><!--more--><\/p>\n<p style=\"text-align: justify;\"><span style=\"font-size: 16px;\"><img fetchpriority=\"high\" decoding=\"async\" class=\"alignleft wp-image-6848\" src=\"https:\/\/www.savigny-viry-catholique.fr\/wp-content\/uploads\/2024\/01\/dimanche-de-la-parole-de-di-300x105.jpg\" alt=\"\" width=\"500\" height=\"176\" \/>Avec le Motu proprio<em> Aperuit illis<\/em> et l\u2019institution du Dimanche de la Parole de Dieu, le pape Fran\u00e7ois nous donne, \u00e0 chaque ann\u00e9e liturgique, une belle occasion de r\u00e9fl\u00e9chir sur la place centrale de la Parole de Dieu en cat\u00e9ch\u00e8se. En instituant un Dimanche consacr\u00e9 \u00e0 la Parole de Dieu pendant le temps ordinaire, le Pape invite les baptis\u00e9s et les communaut\u00e9s chr\u00e9tiennes \u00e0 prolonger ce jour par un approfondissement renouvel\u00e9 de l\u2019\u00c9criture Sainte o\u00f9 Dieu ne cesse de dialoguer avec son peuple.<\/span><br \/>\n<span style=\"font-size: 16px;\">\u00ab Il est \u00e9galement souhaitable que les cat\u00e9chistes, par le minist\u00e8re dont ils sont rev\u00eatus, aident \u00e0 faire grandir <\/span><span style=\"font-size: 16px;\">dans la foi, ressentant l\u2019urgence de se renouveler \u00e0 travers la familiarit\u00e9 et l\u2019\u00e9tude des Saintes \u00c9critures, leur <\/span><span style=\"font-size: 16px;\">permettant de favoriser un vrai dialogue entre ceux qui les \u00e9coutent et la Parole de Dieu. \u00bb<\/span><br \/>\n<span style=\"font-size: 16px;\">\u2013 Aperuit Illis n\u00b05 &#8211;<\/span><\/p>\n<p>&nbsp;<\/p>\n<blockquote><p><strong><span style=\"font-size: 20px;\"><em><span style=\"color: #0000ff;\">\u00a0\u00bbL\u2019Ecriture Sainte indique \u00e0 ceux qui se mettent \u00e0 l\u2019\u00e9coute le chemin \u00e0 suivre pour parvenir \u00e0 une unit\u00e9 authentique et solide\u00a0\u00bb<\/span> <\/em><\/span><\/strong><\/p>\n<p><strong><span style=\"font-size: 20px;\">(pape Fran\u00e7ois)<\/span><\/strong><\/p><\/blockquote>\n<p><span style=\"font-size: 16px;\">Si le Pape a plac\u00e9 ce dimanche de la Parole dans le cadre de la semaine de de pri\u00e8re pour l\u2019unit\u00e9 des chr\u00e9tiens, c\u2019est pour manifester la dimension \u0153cum\u00e9nique de la\u00a0 Parole de Dieu. La\u00a0Bible\u00a0est le livre du peuple de Dieu tout entier. Comme l\u2019\u00e9crit le pape Fran\u00e7ois <span style=\"color: #0000ff;\"><em>\u00ab\u2009c\u00e9l\u00e9brer le dimanche de la Parole de Dieu exprime une valeur \u0153cum\u00e9nique parce que l\u2019\u00c9criture Sainte indique \u00e0 ceux qui se mettent \u00e0 l\u2019\u00e9coute le chemin \u00e0 suivre pour parvenir \u00e0 une unit\u00e9 authentique et solide\u2009\u00bb<\/em><\/span><\/span><\/p>\n","protected":false},"excerpt":{"rendered":"<p>21 janvier 2024 &#8211; un Dimanche consacr\u00e9 \u00e0 la Parole\u00a0 de Dieu pendant le temps ordinaire, &#8230;\/&#8230;<\/p>\n","protected":false},"author":990003,"featured_media":6867,"comment_status":"closed","ping_status":"closed","sticky":false,"template":"","format":"standard","meta":{"give_campaign_id":0,"footnotes":""},"categories":[1],"tags":[],"class_list":["post-6844","post","type-post","status-publish","format-standard","has-post-thumbnail","hentry","category-uncategorized"],"_links":{"self":[{"href":"https:\/\/demos.uptitude.fr\/savviry1\/wp-json\/wp\/v2\/posts\/6844","targetHints":{"allow":["GET"]}}],"collection":[{"href":"https:\/\/demos.uptitude.fr\/savviry1\/wp-json\/wp\/v2\/posts"}],"about":[{"href":"https:\/\/demos.uptitude.fr\/savviry1\/wp-json\/wp\/v2\/types\/post"}],"author":[{"embeddable":true,"href":"https:\/\/demos.uptitude.fr\/savviry1\/wp-json\/wp\/v2\/users\/990003"}],"replies":[{"embeddable":true,"href":"https:\/\/demos.uptitude.fr\/savviry1\/wp-json\/wp\/v2\/comments?post=6844"}],"version-history":[{"count":0,"href":"https:\/\/demos.uptitude.fr\/savviry1\/wp-json\/wp\/v2\/posts\/6844\/revisions"}],"wp:featuredmedia":[{"embeddable":true,"href":"https:\/\/demos.uptitude.fr\/savviry1\/wp-json\/"}],"wp:attachment":[{"href":"https:\/\/demos.uptitude.fr\/savviry1\/wp-json\/wp\/v2\/media?parent=6844"}],"wp:term":[{"taxonomy":"category","embeddable":true,"href":"https:\/\/demos.uptitude.fr\/savviry1\/wp-json\/wp\/v2\/categories?post=6844"},{"taxonomy":"post_tag","embeddable":true,"href":"https:\/\/demos.uptitude.fr\/savviry1\/wp-json\/wp\/v2\/tags?post=6844"}],"curies":[{"name":"wp","href":"https:\/\/api.w.org\/{rel}","templated":true}]}}