{"id":6882,"date":"2024-01-16T14:08:17","date_gmt":"2024-01-16T14:08:17","guid":{"rendered":"https:\/\/www.savigny-viry-catholique.fr\/?p=6882"},"modified":"2024-01-16T14:08:17","modified_gmt":"2024-01-16T14:08:17","slug":"voeux-2024-retour-en-images","status":"publish","type":"post","link":"https:\/\/demos.uptitude.fr\/savviry1\/voeux-2024-retour-en-images\/","title":{"rendered":"Voeux 2024 : retour en images"},"content":{"rendered":"<p>Quelques images de l&rsquo;apr\u00e8s midi du 14 janvier 2024 &#8230;\/&#8230;<!--more--><\/p>\n<p><img fetchpriority=\"high\" decoding=\"async\" class=\"alignnone size-medium wp-image-6794\" src=\"https:\/\/demos.uptitude.fr\/savviry1\/wp-content\/uploads\/2023\/12\/ZZ-galette-v2024-V1-copie-e1703595695875-300x208.jpg\" alt=\"\" width=\"300\" height=\"208\" srcset=\"https:\/\/demos.uptitude.fr\/savviry1\/wp-content\/uploads\/2023\/12\/ZZ-galette-v2024-V1-copie-e1703595695875-300x208.jpg 300w, https:\/\/demos.uptitude.fr\/savviry1\/wp-content\/uploads\/2023\/12\/ZZ-galette-v2024-V1-copie-e1703595695875-370x256.jpg 370w, https:\/\/demos.uptitude.fr\/savviry1\/wp-content\/uploads\/2023\/12\/ZZ-galette-v2024-V1-copie-e1703595695875-407x282.jpg 407w, https:\/\/demos.uptitude.fr\/savviry1\/wp-content\/uploads\/2023\/12\/ZZ-galette-v2024-V1-copie-e1703595695875.jpg 426w\" sizes=\"(max-width: 300px) 100vw, 300px\" \/><\/p>\n<p><span style=\"font-size: 16px;\"><strong>Les mouvements caritatifs du secteur : La PADE, le Secours Catholique, la Conf\u00e9rence St Vincent de Paul , le CCFD,\u00a0 ont partag\u00e9 leurs actions, leurs difficult\u00e9s et leurs joies avec les paroissiens venus se feter une Bonne Ann\u00e9e 2024 \u00e0 l&rsquo;invitation de l&rsquo;Equipe Pastorale du Secteur et des \u00e9quipes animatrices.<\/strong><\/span><\/p>\n<p>&nbsp;<\/p>\n<p><span style=\"font-size: 20px; color: #0000ff;\"><strong>Cliqez sur l&rsquo;image ci-dessous pour avoiracc\u00e8s aux photos<\/strong><\/span><\/p>\n<p>&nbsp;<\/p>\n<p><a href=\"https:\/\/www.savigny-viry-catholique.fr\/bwg_gallery\/voeux-galette-2024\/\"><img decoding=\"async\" class=\"alignnone wp-image-6884 size-full\" src=\"https:\/\/www.savigny-viry-catholique.fr\/wp-content\/uploads\/2024\/01\/galette-retour-images-copie.jpg\" alt=\"\" width=\"595\" height=\"393\" \/><\/a><\/p>\n<p>&nbsp;<\/p>\n<p>&nbsp;<\/p>\n","protected":false},"excerpt":{"rendered":"<p>Quelques images de l&rsquo;apr\u00e8s midi du 14 janvier 2024 &#8230;\/&#8230;<\/p>\n","protected":false},"author":990003,"featured_media":6884,"comment_status":"closed","ping_status":"closed","sticky":false,"template":"","format":"standard","meta":{"give_campaign_id":0,"footnotes":""},"categories":[1],"tags":[],"class_list":["post-6882","post","type-post","status-publish","format-standard","has-post-thumbnail","hentry","category-uncategorized"],"_links":{"self":[{"href":"https:\/\/demos.uptitude.fr\/savviry1\/wp-json\/wp\/v2\/posts\/6882","targetHints":{"allow":["GET"]}}],"collection":[{"href":"https:\/\/demos.uptitude.fr\/savviry1\/wp-json\/wp\/v2\/posts"}],"about":[{"href":"https:\/\/demos.uptitude.fr\/savviry1\/wp-json\/wp\/v2\/types\/post"}],"author":[{"embeddable":true,"href":"https:\/\/demos.uptitude.fr\/savviry1\/wp-json\/wp\/v2\/users\/990003"}],"replies":[{"embeddable":true,"href":"https:\/\/demos.uptitude.fr\/savviry1\/wp-json\/wp\/v2\/comments?post=6882"}],"version-history":[{"count":0,"href":"https:\/\/demos.uptitude.fr\/savviry1\/wp-json\/wp\/v2\/posts\/6882\/revisions"}],"wp:featuredmedia":[{"embeddable":true,"href":"https:\/\/demos.uptitude.fr\/savviry1\/wp-json\/"}],"wp:attachment":[{"href":"https:\/\/demos.uptitude.fr\/savviry1\/wp-json\/wp\/v2\/media?parent=6882"}],"wp:term":[{"taxonomy":"category","embeddable":true,"href":"https:\/\/demos.uptitude.fr\/savviry1\/wp-json\/wp\/v2\/categories?post=6882"},{"taxonomy":"post_tag","embeddable":true,"href":"https:\/\/demos.uptitude.fr\/savviry1\/wp-json\/wp\/v2\/tags?post=6882"}],"curies":[{"name":"wp","href":"https:\/\/api.w.org\/{rel}","templated":true}]}}