{"id":6911,"date":"2024-01-31T14:17:08","date_gmt":"2024-01-31T14:17:08","guid":{"rendered":"https:\/\/www.savigny-viry-catholique.fr\/?p=6911"},"modified":"2024-01-31T14:17:08","modified_gmt":"2024-01-31T14:17:08","slug":"journee-mondiale-du-malade-dimanche-de-la-sante","status":"publish","type":"post","link":"https:\/\/demos.uptitude.fr\/savviry1\/journee-mondiale-du-malade-dimanche-de-la-sante\/","title":{"rendered":"Journ\u00e9e mondiale du malade- Dimanche de la sant\u00e9"},"content":{"rendered":"<p>Cette ann\u00e9e, la Journ\u00e9e mondiale du malade co\u00efncide avec le dimanche de la sant\u00e9, le 11 f\u00e9vrier&#8230;.\/..<\/p>\n<p><!--more--><\/p>\n<p style=\"text-align: center;\"><span style=\"font-size: 16px;\">Cette ann\u00e9e, la Journ\u00e9e mondiale du malade co\u00efncide avec le dimanche de la sant\u00e9, le 11 f\u00e9vrier.<\/span><br \/>\n<span style=\"color: #0000ff;\"><strong><span style=\"font-size: 20px;\">Th\u00e8me 2024 : \u00ab De partout on venait \u00e0 lui \u00bb (Mc 1,45).<\/span><\/strong><\/span><\/p>\n<p style=\"text-align: left;\"><strong><span style=\"font-size: 16px;\"><img fetchpriority=\"high\" decoding=\"async\" class=\"size-medium wp-image-6918 alignleft\" src=\"https:\/\/www.savigny-viry-catholique.fr\/wp-content\/uploads\/2024\/01\/journee-malade01-300x300.jpg\" alt=\"\" width=\"300\" height=\"300\" \/>Pourquoi ces deux journ\u00e9es ?<\/span><\/strong><br \/>\n<span style=\"font-size: 16px;\">L\u2019accompagnement des personnes souffrantes et la pr\u00e9servation du don de la sant\u00e9 sont des priorit\u00e9s \u00e9vang\u00e9liques. Nous prions pour les personnes malades,<\/span><br \/>\n<span style=\"font-size: 16px;\">\u00e2g\u00e9es ou handicap\u00e9es, pour les aidants et ceux qui les soignent ; qu\u2019ils puissent tous donner sens \u00e0 ce qu\u2019ils vivent en regardant J\u00e9sus le Sauveur et en allant \u00e0 Lui.<\/span><br \/>\n<span style=\"font-size: 16px;\">L\u2019\u00c9glise est pr\u00e9sente sur le terrain de l\u2019accompagnement, au sein des aum\u00f4neries hospitali\u00e8res avec ses \u00e9quipes de b\u00e9n\u00e9voles qui \u0153uvrent aux c\u00f4t\u00e9s d\u2019associations la\u00efques o\u00f9<\/span><br \/>\n<span style=\"font-size: 16px;\">tant de personnes de bonne volont\u00e9 s\u2019engagent aussi. Encourager tous ces volontaires, qui partout en France dans les plus petits villages et les plus grands h\u00f4pitaux, dans la discr\u00e9tion et la simplicit\u00e9, se rendent pr\u00e9sentes au jour le jour \u00e0 l\u2019autre, malade, seul, isol\u00e9, est l\u2019une des dimensions du dimanche de la sant\u00e9.<\/span><br \/>\n<span style=\"font-size: 16px;\">Les inviter \u00e0 approfondir leur engagement, \u00e0 poursuivre leur formation, \u00e0 donner du sens \u00e0 ce service et \u00e0 cette mission aussi.<\/span><br \/>\n<span style=\"font-size: 16px;\">Pri\u00e8re pour le dimanche de la sant\u00e9 : \u00ab\u00a0De partout on venait \u00e0 lui\u00a0\u00bb.<\/span><br \/>\n<span style=\"font-size: 16px;\">Nous te rendons gr\u00e2ce et nous te b\u00e9nissons Dieu notre P\u00e8re pour J\u00e9sus ton Christ Il a partag\u00e9 le tout de nos vies, avec leur lot de bonheurs et de r\u00e9ussites, de souffrances ou de peines,<\/span><br \/>\n<span style=\"font-size: 16px;\">avec leurs tourments et leurs manquements, avec leurs doutes et leurs emportements. Par Lui nous te savons proche de chacun \u00e0 chaque instant. De partout nous venons \u00e0 Lui, de partout Il nous m\u00e8ne \u00e0 Toi.<\/span><\/p>\n<p><span style=\"color: #0000ff;\"><strong><span style=\"font-size: 16px;\">Ce Week-end des 10 et 11 f\u00e9vrier, le sacrement des malades sera administr\u00e9 aux personnes malades et personnes \u00e2g\u00e9es, au cours des messes dominicales. Pour cela , bien vouloir s&rsquo;inscrire aupr\u00e8s des memnres de l&rsquo;\u00e9quipe animatrice<\/span><\/strong><\/span><\/p>\n<p>&nbsp;<\/p>\n<p>&nbsp;<\/p>\n<p><span style=\"font-size: 20px;\">Plus d&rsquo;information <a href=\"https:\/\/evry.catholique.fr\/journee-mondiale-des-malades-2\/\">sur le site du dioc\u00e8se : ICI<\/a><\/span><\/p>\n","protected":false},"excerpt":{"rendered":"<p>Cette ann\u00e9e, la Journ\u00e9e mondiale du malade co\u00efncide avec le dimanche de la sant\u00e9, le 11 f\u00e9vrier&#8230;.\/..<\/p>\n","protected":false},"author":990003,"featured_media":6916,"comment_status":"closed","ping_status":"closed","sticky":false,"template":"","format":"standard","meta":{"give_campaign_id":0,"footnotes":""},"categories":[1],"tags":[],"class_list":["post-6911","post","type-post","status-publish","format-standard","has-post-thumbnail","hentry","category-uncategorized"],"_links":{"self":[{"href":"https:\/\/demos.uptitude.fr\/savviry1\/wp-json\/wp\/v2\/posts\/6911","targetHints":{"allow":["GET"]}}],"collection":[{"href":"https:\/\/demos.uptitude.fr\/savviry1\/wp-json\/wp\/v2\/posts"}],"about":[{"href":"https:\/\/demos.uptitude.fr\/savviry1\/wp-json\/wp\/v2\/types\/post"}],"author":[{"embeddable":true,"href":"https:\/\/demos.uptitude.fr\/savviry1\/wp-json\/wp\/v2\/users\/990003"}],"replies":[{"embeddable":true,"href":"https:\/\/demos.uptitude.fr\/savviry1\/wp-json\/wp\/v2\/comments?post=6911"}],"version-history":[{"count":0,"href":"https:\/\/demos.uptitude.fr\/savviry1\/wp-json\/wp\/v2\/posts\/6911\/revisions"}],"wp:featuredmedia":[{"embeddable":true,"href":"https:\/\/demos.uptitude.fr\/savviry1\/wp-json\/"}],"wp:attachment":[{"href":"https:\/\/demos.uptitude.fr\/savviry1\/wp-json\/wp\/v2\/media?parent=6911"}],"wp:term":[{"taxonomy":"category","embeddable":true,"href":"https:\/\/demos.uptitude.fr\/savviry1\/wp-json\/wp\/v2\/categories?post=6911"},{"taxonomy":"post_tag","embeddable":true,"href":"https:\/\/demos.uptitude.fr\/savviry1\/wp-json\/wp\/v2\/tags?post=6911"}],"curies":[{"name":"wp","href":"https:\/\/api.w.org\/{rel}","templated":true}]}}