{"id":6922,"date":"2024-01-30T14:49:44","date_gmt":"2024-01-30T14:49:44","guid":{"rendered":"https:\/\/www.savigny-viry-catholique.fr\/?p=6922"},"modified":"2024-01-30T14:49:44","modified_gmt":"2024-01-30T14:49:44","slug":"4-fevrier-journee-internationale-de-la-fraternite-humaine","status":"publish","type":"post","link":"https:\/\/demos.uptitude.fr\/savviry1\/4-fevrier-journee-internationale-de-la-fraternite-humaine\/","title":{"rendered":"4 f\u00e9vrier, Journ\u00e9e internationale de la fraternit\u00e9 humaine"},"content":{"rendered":"<p>Lors de son assembl\u00e9e g\u00e9n\u00e9rale de d\u00e9cembre 2020, l\u2019ONU a d\u00e9cid\u00e9 d\u2019instaurer une Journ\u00e9e internationale de la fraternit\u00e9 humaine, c\u00e9l\u00e9br\u00e9e chaque ann\u00e9e<strong> le 4 f\u00e9vrier.<\/strong>..\/&#8230;<\/p>\n<p><!--more--><\/p>\n<p style=\"text-align: justify;\"><span style=\"font-size: 16px;\"> <img fetchpriority=\"high\" decoding=\"async\" class=\"alignleft wp-image-6925\" src=\"https:\/\/www.savigny-viry-catholique.fr\/wp-content\/uploads\/2024\/01\/01-journee-fraternite-Image-2020-12-23-at-5.24.11-PM-300x168.jpeg\" alt=\"\" width=\"400\" height=\"224\" \/>Une ambition forte : <span style=\"color: #0000ff;\">\u00ab Encourager les activit\u00e9s destin\u00e9es \u00e0 promouvoir le dialogue entre les religions et les cultures de mani\u00e8re \u00e0 renforcer la paix et la stabilit\u00e9 sociale \u00bb.<\/span><\/span><br \/>\n<span style=\"font-size: 16px;\">Cette date a \u00e9t\u00e9 choisie apr\u00e8s la rencontre du pape Fran\u00e7ois avec Ahmed el-Tayeb, grand imam de l\u2019Universit\u00e9 d\u2019Al-Azhar (Le Caire), le 4 f\u00e9vrier 2019 \u00e0 Abou Dhabi (\u00c9mirats arabes unis). Les deux leaders religieux avaient cosign\u00e9 \u00e0 cette occasion un document intitul\u00e9 \u00ab La fraternit\u00e9 humaine pour la paix mondiale et la coexistence commune \u00bb. Des acteurs associatifs, \u00e9conomiques et politiques, repr\u00e9sentants des cultes ou responsables d\u2019ONG et d\u2019institutions, confessionnelles ou non, engag\u00e9es dans l\u2019action solidaire et \u00e9ducative, ont souhait\u00e9 r\u00e9pondre \u00e0 cet appel de l\u2019ONU en c\u00e9l\u00e9brant collectivement cette journ\u00e9e internationale de la fraternit\u00e9 humaine le dimanche 4 f\u00e9vrier 2024. Le Service dioc\u00e9sain pour les relations avec les musulmans (SDRM) de notre dioc\u00e8se a choisi de participer \u00e0 cette d\u00e9marche, rejoignant ainsi toutes les initiatives qui auront lieu \u00e0 travers le monde pour c\u00e9l\u00e9brer cette journ\u00e9e.<strong> Une rencontre est pr\u00e9vue ce jour-l\u00e0 \u00e0 l\u2019\u00e9cole Saint-Charles, \u00e0 Athis-Mons.<\/strong> <span style=\"color: #0000ff;\"><em>\u00ab Parce qu\u2019il s\u2019agit de notre avenir, l\u2019engagement pour la fraternit\u00e9 doit \u00eatre l\u2019affaire de toutes et tous. Il concerne chaque citoyen de notre pays, quel que soit son \u00e2ge, son origine, sa culture, son milieu social, sa religion ou ses convictions philosophiques \u00bb,<\/em><\/span> \u00e9crivent les membres du collectif du 4 f\u00e9vrier qui s\u2019est cr\u00e9\u00e9 pour l\u2019occasion. Le Service national des relations avec les musulmans (SNRM) s\u2019est associ\u00e9 \u00e0 cet appel. Avec les autres signataires, il propose d\u2019organiser dans toute la France, au niveau local, r\u00e9gional ou national, des manifestations diverses : marches, colloques, f\u00eates de quartier, concerts, films, kermesses, banquets, rencontres, visites de lieux de culte, c\u00e9l\u00e9brations\u2026<\/span><br \/>\n<span style=\"font-size: 16px;\">Pour que cette journ\u00e9e du 4 f\u00e9vrier marque les esprits et porte ses fruits, nous avons besoin les uns des autres. Pour que la fraternit\u00e9 soit vraiment l\u2019affaire de toutes et tous<\/span><\/p>\n<p>&nbsp;<\/p>\n<p><a href=\"https:\/\/evry.catholique.fr\/4-fevrier-journee-internationale-de-la-fraternite-humaine\/\"><strong><img decoding=\"async\" class=\"alignleft wp-image-6930\" src=\"https:\/\/www.savigny-viry-catholique.fr\/wp-content\/uploads\/2024\/01\/01-journee-fraternite-evry-300x136.jpg\" alt=\"\" width=\"450\" height=\"203\" \/><\/strong><\/a><\/p>\n<p>&nbsp;<\/p>\n<p>&nbsp;<\/p>\n<p><strong>i<span style=\"font-size: 16px;\">nformations dioc\u00e9saine en cliquant sur l&rsquo;image<\/span><\/strong><\/p>\n<p>&nbsp;<\/p>\n<p>&nbsp;<\/p>\n","protected":false},"excerpt":{"rendered":"<p>Lors de son assembl\u00e9e g\u00e9n\u00e9rale de d\u00e9cembre 2020, l\u2019ONU a d\u00e9cid\u00e9 d\u2019instaurer une Journ\u00e9e internationale de la fraternit\u00e9 humaine, c\u00e9l\u00e9br\u00e9e chaque ann\u00e9e le 4 f\u00e9vrier&#8230;\/&#8230;<\/p>\n","protected":false},"author":990003,"featured_media":6924,"comment_status":"closed","ping_status":"closed","sticky":false,"template":"","format":"standard","meta":{"give_campaign_id":0,"footnotes":""},"categories":[1],"tags":[],"class_list":["post-6922","post","type-post","status-publish","format-standard","has-post-thumbnail","hentry","category-uncategorized"],"_links":{"self":[{"href":"https:\/\/demos.uptitude.fr\/savviry1\/wp-json\/wp\/v2\/posts\/6922","targetHints":{"allow":["GET"]}}],"collection":[{"href":"https:\/\/demos.uptitude.fr\/savviry1\/wp-json\/wp\/v2\/posts"}],"about":[{"href":"https:\/\/demos.uptitude.fr\/savviry1\/wp-json\/wp\/v2\/types\/post"}],"author":[{"embeddable":true,"href":"https:\/\/demos.uptitude.fr\/savviry1\/wp-json\/wp\/v2\/users\/990003"}],"replies":[{"embeddable":true,"href":"https:\/\/demos.uptitude.fr\/savviry1\/wp-json\/wp\/v2\/comments?post=6922"}],"version-history":[{"count":0,"href":"https:\/\/demos.uptitude.fr\/savviry1\/wp-json\/wp\/v2\/posts\/6922\/revisions"}],"wp:featuredmedia":[{"embeddable":true,"href":"https:\/\/demos.uptitude.fr\/savviry1\/wp-json\/"}],"wp:attachment":[{"href":"https:\/\/demos.uptitude.fr\/savviry1\/wp-json\/wp\/v2\/media?parent=6922"}],"wp:term":[{"taxonomy":"category","embeddable":true,"href":"https:\/\/demos.uptitude.fr\/savviry1\/wp-json\/wp\/v2\/categories?post=6922"},{"taxonomy":"post_tag","embeddable":true,"href":"https:\/\/demos.uptitude.fr\/savviry1\/wp-json\/wp\/v2\/tags?post=6922"}],"curies":[{"name":"wp","href":"https:\/\/api.w.org\/{rel}","templated":true}]}}