{"id":6933,"date":"2024-02-05T10:11:12","date_gmt":"2024-02-05T10:11:12","guid":{"rendered":"https:\/\/www.savigny-viry-catholique.fr\/?p=6933"},"modified":"2024-02-05T10:11:12","modified_gmt":"2024-02-05T10:11:12","slug":"le-chant-des-vivants-cine-debat-2-mars","status":"publish","type":"post","link":"https:\/\/demos.uptitude.fr\/savviry1\/le-chant-des-vivants-cine-debat-2-mars\/","title":{"rendered":"Le chant des vivants &#8211; Cin\u00e9-D\u00e9bat &#8211; 2 mars"},"content":{"rendered":"<div dir=\"ltr\">\n<div>\n<div class=\"gmail_quote\">\n<div>\n<div style=\"font-size: 12pt; font-family: arial,helvetica,sans-serif; color: #000000;\">\n<div>\n<div style=\"font-size: 12pt; font-family: arial,helvetica,sans-serif; color: #000000;\">\n<div>\n<div style=\"font-size: 12pt; font-family: arial,helvetica,sans-serif; color: #000000;\">\n<div>\n<div style=\"font-size: 12pt; font-family: arial,helvetica,sans-serif; color: #000000;\">\n<div>\n<div dir=\"ltr\">\n<p style=\"margin-bottom: 0cm; background: none transparent scroll repeat 0% 0%; line-height: 100%;\">L&rsquo;ACO du 91 (Action Catholique Ouvri\u00e8re :\u00a0<a href=\"https:\/\/acofrance.fr\/\" target=\"_blank\" rel=\"noopener\">https:\/\/acofrance.fr\/<\/a>), propose un cin\u00e9 d\u00e9bat, \u00e0 Savigny\/Orge, le 2 Mars prochain, autour du film <b>\u00a0\u00bb Le chant des vivants\u00a0\u00bb <\/b><span style=\"font-weight: normal;\">de C\u00e9cile Allegra<\/span><span style=\"font-weight: normal;\">&#8230;.\/&#8230;<\/span><\/p>\n<\/div>\n<\/div>\n<\/div>\n<\/div>\n<\/div>\n<\/div>\n<\/div>\n<\/div>\n<\/div>\n<\/div>\n<\/div>\n<\/div>\n<\/div>\n<p><!--more--><\/p>\n<div dir=\"ltr\">\n<div class=\"gmail_quote\">\n<div style=\"font-size: 12pt; font-family: arial,helvetica,sans-serif; color: #000000;\">\n<div style=\"font-size: 12pt; font-family: arial,helvetica,sans-serif; color: #000000;\">\n<div style=\"font-size: 12pt; font-family: arial,helvetica,sans-serif; color: #000000;\">\n<div style=\"font-size: 12pt; font-family: arial,helvetica,sans-serif; color: #000000;\">\n<div dir=\"ltr\">\n<p>&nbsp;<\/p>\n<p style=\"margin-bottom: 0cm; background: none transparent scroll repeat 0% 0%; font-style: normal; line-height: 100%;\"><a href=\"https:\/\/www.youtube.com\/watch?v=Ptd_J2GCPMQ\"><span style=\"font-size: 20px;\"><b><img fetchpriority=\"high\" decoding=\"async\" class=\"alignleft wp-image-6935\" src=\"https:\/\/www.savigny-viry-catholique.fr\/wp-content\/uploads\/2024\/02\/Affiche_cine_debat_2Mars24Petit-724x1024.png\" alt=\"\" width=\"500\" height=\"707\" \/><\/b><\/span><\/a><\/p>\n<p>&nbsp;<\/p>\n<p>&nbsp;<\/p>\n<p style=\"margin-bottom: 0cm; background: none transparent scroll repeat 0% 0%; font-style: normal; line-height: 100%;\"><span style=\"font-size: 20px;\"><b>Samedi 2 Mars 16h00 (projection du film <span style=\"font-size: 20px; color: #0000ff;\">\u00a0\u00bb Le chant des vivants\u00a0\u00bb\u00a0<\/span> \u00e0 16h30), <\/b><\/span><\/p>\n<p>&nbsp;<\/p>\n<p style=\"margin-bottom: 0cm; background: none transparent scroll repeat 0% 0%; font-style: normal; line-height: 100%;\"><span style=\"font-size: 20px;\"><b>Espace P\u00e8re Coindreau, 23 Avenue des \u00e9coles \u00e0 Savigny sur orge <\/b><\/span><span style=\"font-size: 14px;\">(\u00e0 cot\u00e9 de l&rsquo;\u00e9glise Sainte Th\u00e9r\u00e8se).<\/span><b><br \/>\n<\/b><\/p>\n<p>&nbsp;<\/p>\n<p><strong>L&rsquo;ACO du 91 (action catholique Ouvri\u00e8re : <a href=\"https:\/\/acofrance.fr\/\" target=\"_blank\" rel=\"noopener\">https:\/\/acofrance.fr\/<\/a>), <\/strong><\/p>\n<p>propose un cin\u00e9 d\u00e9bat, autour du film \u00a0de C\u00e9cile Allegra.<\/p>\n<p>Un tr\u00e8s beau documentaire\u00a0 sur des migrants qui gr\u00e2ce a\u0300 un travail musical, vont tenter de faire ressurgir leur pass\u00e9 pour le d\u00e9passer et se reconstruire.<\/p>\n<p>Avec des t\u00e9moignage de personnes, travaillant notamment dans des associations (Secours Populaire, Secours Catholique, La PADE, la Soci\u00e9t\u00e9 St-Vincent de Paul &#8230;)\u00a0 qui , \u00e0 partir du\u00a0 film, parleront des\u00a0 r\u00e9alit\u00e9s v\u00e9cues par des migrants c\u00f4toy\u00e9s.<\/p>\n<p>Un stand librairie tenu par \u00a0\u00bbAtout papier\u00a0\u00bb (Librairie-Presse 14 av des \u00e9coles), proposera des livres en lien avec le sujet.<\/p>\n<p>&nbsp;<\/p>\n<p>L&rsquo;apr\u00e8s-midi se terminera par un ap\u00e9ritif offert et le soir (20h) pour ceux qui le souhaitent, il est propos\u00e9 de prolonger par un repas partag\u00e9 avec ce que chacun aura apport\u00e9.<\/p>\n<\/div>\n<\/div>\n<p>&nbsp;<\/p>\n<\/div>\n<\/div>\n<p><b><a href=\"https:\/\/www.youtube.com\/watch?v=Ptd_J2GCPMQ\"><img decoding=\"async\" class=\"wp-image-6940 alignleft\" src=\"https:\/\/www.savigny-viry-catholique.fr\/wp-content\/uploads\/2024\/02\/Affiche-chantVivant-221x300.jpg\" alt=\"\" width=\"300\" height=\"408\" \/><\/a><br \/>\n<\/b><\/p>\n<\/div>\n<p style=\"text-align: justify;\"><span style=\"font-size: 16px;\"><strong>Synopsis<\/strong> : Survivants de la longue route de l\u2019exil, de jeunes filles, de jeunes hommes, arrivent \u00e0 Conques, au c\u0153ur de l\u2019Aveyron. L\u00e0, une association, Limbo, entour\u00e9e d\u2019habitants accueillants, permettent au groupe de se poser un temps. Ces jeunes sont issus d\u2019Erythr\u00e9e, du Soudan, de Somalie, de Guin\u00e9e, de RDC. \u00c0 Conques, ils marchent, discutent, respirent&#8230; Peu \u00e0 peu, le souvenir de la route s\u2019att\u00e9nue, et la parole rena\u00eet. Alors un jour surgit une id\u00e9e un peu folle, celle d\u2019une exp\u00e9rience collective. L\u2019histoire commence \u00e0 l\u2019automne, dans ce petit bout de France, et se termine en juillet, dans l\u2019\u00e9clat d\u2019un \u00e9t\u00e9. De toutes leurs \u00e9preuves, ils feront une chanson<\/span><\/p>\n<\/div>\n<\/div>\n<p>&nbsp;<\/p>\n<p><span style=\"font-size: 16px;\"><b>Bande annonce du film :<\/b> <a href=\"https:\/\/www.youtube.com\/watch?v=Ptd_J2GCPMQ\" target=\"_blank\" rel=\"noopener\">https:\/\/www.youtube.com\/watch?v=Ptd_J2GCPMQ<\/a><\/span><\/p>\n","protected":false},"excerpt":{"rendered":"<p>L&rsquo;ACO du 91 (Action Catholique Ouvri\u00e8re :\u00a0https:\/\/acofrance.fr\/), propose un cin\u00e9 d\u00e9bat, \u00e0 Savigny\/Orge, le 2 Mars prochain, autour du film \u00a0\u00bb Le chant des vivants\u00a0\u00bb de C\u00e9cile Allegra&#8230;.\/&#8230;<\/p>\n","protected":false},"author":990003,"featured_media":6936,"comment_status":"closed","ping_status":"closed","sticky":false,"template":"","format":"standard","meta":{"give_campaign_id":0,"footnotes":""},"categories":[1],"tags":[],"class_list":["post-6933","post","type-post","status-publish","format-standard","has-post-thumbnail","hentry","category-uncategorized"],"_links":{"self":[{"href":"https:\/\/demos.uptitude.fr\/savviry1\/wp-json\/wp\/v2\/posts\/6933","targetHints":{"allow":["GET"]}}],"collection":[{"href":"https:\/\/demos.uptitude.fr\/savviry1\/wp-json\/wp\/v2\/posts"}],"about":[{"href":"https:\/\/demos.uptitude.fr\/savviry1\/wp-json\/wp\/v2\/types\/post"}],"author":[{"embeddable":true,"href":"https:\/\/demos.uptitude.fr\/savviry1\/wp-json\/wp\/v2\/users\/990003"}],"replies":[{"embeddable":true,"href":"https:\/\/demos.uptitude.fr\/savviry1\/wp-json\/wp\/v2\/comments?post=6933"}],"version-history":[{"count":0,"href":"https:\/\/demos.uptitude.fr\/savviry1\/wp-json\/wp\/v2\/posts\/6933\/revisions"}],"wp:featuredmedia":[{"embeddable":true,"href":"https:\/\/demos.uptitude.fr\/savviry1\/wp-json\/"}],"wp:attachment":[{"href":"https:\/\/demos.uptitude.fr\/savviry1\/wp-json\/wp\/v2\/media?parent=6933"}],"wp:term":[{"taxonomy":"category","embeddable":true,"href":"https:\/\/demos.uptitude.fr\/savviry1\/wp-json\/wp\/v2\/categories?post=6933"},{"taxonomy":"post_tag","embeddable":true,"href":"https:\/\/demos.uptitude.fr\/savviry1\/wp-json\/wp\/v2\/tags?post=6933"}],"curies":[{"name":"wp","href":"https:\/\/api.w.org\/{rel}","templated":true}]}}