{"id":6946,"date":"2024-03-02T10:07:34","date_gmt":"2024-03-02T10:07:34","guid":{"rendered":"https:\/\/www.savigny-viry-catholique.fr\/?p=6946"},"modified":"2024-03-02T10:07:34","modified_gmt":"2024-03-02T10:07:34","slug":"careme-2024","status":"publish","type":"post","link":"https:\/\/demos.uptitude.fr\/savviry1\/careme-2024\/","title":{"rendered":"Car\u00eame 2024"},"content":{"rendered":"<p><span style=\"font-size: 14px; color: #993300;\">Partager et marcher ensemble pendant le Temps de Car\u00eame&#8230;<\/span>. Tous les horaires sont ici&#8230;\/&#8230;<\/p>\n<p><!--more--><\/p>\n<p><a href=\"http:\/\/www.savigny-viry-catholique.fr\/Download\/doc\/2024-Plaquette-Careme-Semaine-Sainte.pdf\"><img fetchpriority=\"high\" decoding=\"async\" class=\"wp-image-6949 alignleft\" src=\"https:\/\/www.savigny-viry-catholique.fr\/wp-content\/uploads\/2024\/02\/Careme2024-plaquette-213x300.jpg\" alt=\"\" width=\"391\" height=\"550\" \/><\/a><\/p>\n<p>&nbsp;<\/p>\n<p>&nbsp;<\/p>\n<p><span style=\"font-size: 24px;\"><strong><span style=\"color: #ff0000;\">Tous les horaires sont sur la plaquette ci-contre.<\/span><\/strong><\/span><\/p>\n<p>&nbsp;<\/p>\n<p><span style=\"font-size: 24px;\"><strong><span style=\"color: #ff0000;\">Vous pouvez la t\u00e9l\u00e9charger en cliquant dessus,<\/span><\/strong><\/span><\/p>\n<p>&nbsp;<\/p>\n<p><span style=\"font-size: 24px;\"><strong><span style=\"color: #ff0000;\">ou en <a href=\"http:\/\/www.savigny-viry-catholique.fr\/Download\/doc\/2024-Plaquette-Careme-Semaine-Sainte.pdf\">cliquant ICI<\/a><\/span><\/strong><\/span><\/p>\n<p>&nbsp;<\/p>\n<p>&nbsp;<\/p>\n<p>&nbsp;<\/p>\n<p>&nbsp;<\/p>\n<p>&nbsp;<\/p>\n<p>&nbsp;<\/p>\n<p>&nbsp;<\/p>\n<p>&nbsp;<\/p>\n<p>&nbsp;<\/p>\n<p>&nbsp;<\/p>\n<p>&nbsp;<\/p>\n<p>&nbsp;<\/p>\n<p style=\"text-align: center;\"><strong><span style=\"font-size: 20px; color: #993300;\">Partager et marcher ensemble pendant le Temps de Car\u00eame<\/span><\/strong><\/p>\n<p><span style=\"font-size: 16px; color: #000080;\"><strong>COMMENT ?<\/strong><\/span><span style=\"font-size: 16px;\"> En se r\u00e9unissant soit dans une \u00e9quipe dont vous faites d\u00e9j\u00e0 partie sur la paroisse, soit en constituant une \u00e9quipe de 3 \u00e0 10 personnes.<\/span><\/p>\n<p><span style=\"font-size: 16px;\"><strong><span style=\"color: #0000ff;\">QUAND ?<\/span><\/strong> Une fois par semaine pendant 1h \u00e0 1h30.<\/span><\/p>\n<p><span style=\"font-size: 16px; color: #0000ff;\"><strong>O\u00d9 ?<\/strong> <\/span><span style=\"font-size: 16px;\">Un\u00a0 lieu qui vous convient.<\/span><\/p>\n<p>&nbsp;<\/p>\n<p><span style=\"color: #ff6600; font-size: 16px;\"><strong>MAIS QUE PARTAGER ?<\/strong><\/span><br \/>\n<span style=\"font-size: 16px;\">Chaque groupe recevra une fiche con\u00e7ue avec des textes et des pistes pour aider \u00e0 r\u00e9fl\u00e9chir ensemble. Une aventure riche dans la foi et la joie de partager.<\/span><br \/>\n<span style=\"font-size: 16px;\">Si vous ne savez pas avec qui vous pourriez former un groupe, adressez-vous aux pr\u00eatres de la paroisse.<\/span><\/p>\n<p><span style=\"font-size: 16px;\"><strong>1er dimanche de Car\u00eame<\/strong> :<strong> <span style=\"color: #0000ff;\"><em>\u00ab Convertissons-nous et aimons la cr\u00e9ation \u00bb<\/em><\/span><\/strong><\/span><\/p>\n<p><strong><span style=\"font-size: 16px;\">2e dimanche de Car\u00eame : <span style=\"color: #333300;\"><em>\u00ab \u00c9coutons Dieu et vivons la fraternit\u00e9 \u00bb<\/em><\/span><\/span><\/strong><\/p>\n<p><span style=\"font-size: 16px;\"><strong>3e dimanche de Car\u00eame<\/strong> :<span style=\"color: #ff6600;\"><strong><em>\u00ab D\u00e9sencombrons-nous et d\u00e9non\u00e7ons les scandales de notre temps \u00bb<\/em><\/strong><\/span><\/span><\/p>\n<p><span style=\"font-size: 16px;\"><strong>4e dimanche de Car\u00eame<\/strong> : <strong><em><span style=\"color: #008000;\">\u00ab\u00a0Aimons Dieu et les hommes et prenons soin de la maison commune\u00a0\u00bb<\/span><\/em><\/strong><\/span><\/p>\n<p><span style=\"font-size: 16px;\"><strong>5e dimanche de Car\u00eame<\/strong> : <em><strong>Tout est li\u00e9 ! \u00c9coutons la clameur de la terre et la clameur des pauvres<\/strong><\/em><\/span><\/p>\n<div>\n<p>&nbsp;<\/p>\n<p><span style=\"font-size: 20px;\"><b><a href=\"https:\/\/www.vaticannews.va\/fr\/pape\/news\/2024-02\/pape-francois-message-careme-2024-conversion.html\"><img decoding=\"async\" class=\"size-medium wp-image-6207 alignleft\" src=\"https:\/\/www.savigny-viry-catholique.fr\/wp-content\/uploads\/2023\/02\/papefrancoisok-1-300x222.jpg\" alt=\"\" width=\"300\" height=\"222\" \/><\/a>MESSAGE DE CAR\u00caME <\/b><b>DU PAPE FRAN\u00c7OIS<\/b><\/span><\/p>\n<p><span style=\"font-size: 16px;\"><i>Comme chaque ann\u00e9e, le pape d\u00e9livre un message aux catholiques du monde entier \u00e0 l\u2019occasion du Car\u00eame. Pour aider chacune et chacun d\u2019entre nous \u00e0 mieux vivre ce temps spirituel qui nous conduit vers P\u00e2ques<\/i><\/span><\/p>\n<\/div>\n<p><span style=\"color: #0000ff;\"><strong><span style=\"font-size: 16px;\">&lt;&lt;&lt;&lt;&lt;&lt;&lt;&#8212;&#8212;&#8212;&#8211;\u00a0 \u00a0Cliquez sur l&rsquo;image pour acc\u00e9der au message du pape<\/span><\/strong><\/span><\/p>\n<div><\/div>\n<div><\/div>\n<div><\/div>\n<div><\/div>\n<div><\/div>\n<div><\/div>\n<div><\/div>\n<div>\n<p><span style=\"font-size: 20px;\"><strong><img decoding=\"async\" class=\"size-medium wp-image-1062 alignleft\" src=\"https:\/\/www.savigny-viry-catholique.fr\/wp-content\/uploads\/2017\/08\/Zmgr_pansard-243x300.jpg\" alt=\"\" width=\"243\" height=\"300\" \/>Bon et joyeux Car\u00eame !<\/strong><\/span><\/p>\n<p><span style=\"font-size: 16px;\">Chaque ann\u00e9e, le Car\u00eame nous est propos\u00e9 comme un temps favorable de conversion et de libert\u00e9. Un appel \u00e0 nous d\u00e9tourner avec courage des chemins de vie erron\u00e9s, en reconnaissant que certaines pratiques, dans nos vies personnelles et communautaires, s\u2019appuient davantage sur des idoles que sur le Seigneur de nos vies.<\/span><\/p>\n<p><span style=\"font-size: 16px;\">C\u2019est un temps de retournement dans une autre direction plus d\u00e9sirable, plus solide, au service de la vie v\u00e9ritable qui n\u2019est que relations. Des relations de qualit\u00e9 et de v\u00e9rit\u00e9.<\/span><\/p>\n<p><span style=\"font-size: 16px;\">C\u2019est un temps d\u2019ajustement pour retrouver le ton juste de nos relations de vie, avec Dieu, avec les autres, avec nous-m\u00eames, avec l\u2019ensemble de la Cr\u00e9ation dont nous sommes membres. Des relations qui ont pu \u00eatre recouvertes de cendres.<\/span><\/p>\n<p><span style=\"font-size: 16px;\">Un temps d\u2019ajustement pour voir la r\u00e9alit\u00e9 de nos vies et celle de notre monde. Sommes-nous devenus aveugles ou sourds au point de ne plus entendre les cris de souffrance de nos fr\u00e8res et s\u0153urs qui ont mal, les maltraitances de notre Terre qui nous fait vivre, nos propres cris devant nos esclavages, addictions, replis, compromis et r\u00e9signations ? <em>\u00ab La terre, l\u2019air et l\u2019eau sont pollu\u00e9s, mais les \u00e2mes sont, elles aussi, contamin\u00e9es \u00bb<\/em>, nous dit le pape dans <a href=\"http:\/\/2yp8.mj.am\/lnk\/AW4AADdXkxkAAchSP04AAAAABzsAAYCsMm4AnFWSAANFwwBlw6bmQTIc90ksTZOqvm4MAwuW3gADIgs\/2\/tMHXTk4BwWcg0JUimy84oA\/aHR0cHM6Ly9ldnJ5LmNhdGhvbGlxdWUuZnIvbWVzc2FnZS1kdS1wYXBlLXBvdXItbGUtY2FyZW1lLTIwMjQv\"><strong><em>son message de Car\u00eame<\/em><\/strong><\/a>.<\/span><\/p>\n<p><span style=\"font-size: 16px;\">Temps de conversion, le car\u00eame est aussi, \u00e0 l\u2019\u00e9coute de la Parole de Dieu, un temps de libert\u00e9 nous permettant, non sans combat, de prendre des d\u00e9cisions pour ne pas retomber sous le joug de l\u2019esclavage des s\u00e9ductions qui nous mentent. Un temps de libert\u00e9 pour agir et cr\u00e9er en hommes et femmes d\u2019esp\u00e9rance et savoir nous \u00e9merveiller de ce qui dans nos vies, comme dans celle de nos fr\u00e8res et s\u0153urs en humanit\u00e9, fait grandir le \u00ab prendre soin \u00bb de la fraternit\u00e9 humaine et de notre maison commune.<\/span><\/p>\n<p><span style=\"font-size: 16px;\">J\u2019ai demand\u00e9 au service dioc\u00e9sain des solidarit\u00e9s et de l\u2019\u00e9cologie de nous proposer <a href=\"http:\/\/2yp8.mj.am\/lnk\/AW4AADdXkxkAAchSP04AAAAABzsAAYCsMm4AnFWSAANFwwBlw6bmQTIc90ksTZOqvm4MAwuW3gADIgs\/3\/BTllwNgYLSGIP8-_jtPlFg\/aHR0cHM6Ly9ldnJ5LmNhdGhvbGlxdWUuZnIvbGUtY2FyZW1lLXVuLXRlbXBzLWRhanVzdGVtZW50LWRlLWNvbnZlcnNpb24tZGUtbGliZXJ0ZS8\"><strong><em>une d\u00e9marche de Car\u00eame<\/em><\/strong><\/a>. Je les remercie de leur proposition. Notre synode dioc\u00e9sain (d\u00e9crets 35 \u00e0 38) invitait \u00e0 favoriser la naissance de petites communaut\u00e9s fraternelles de proximit\u00e9, de partage de foi et de pri\u00e8re. Ce car\u00eame est aussi une bonne occasion de l\u2019exp\u00e9rimenter.<\/span><\/p>\n<p><span style=\"font-size: 16px;\">Bon et joyeux Car\u00eame !<\/span><\/p>\n<p><span style=\"font-size: 16px;\">Fraternellement,<\/span><\/p>\n<p><span style=\"font-size: 16px;\">+ Michel Pansard<\/span><br \/>\n<span style=\"font-size: 16px;\">\u00c9v\u00eaque d\u2019\u00c9vry \u2013 Corbeil-Essonnes<\/span><\/p>\n<\/div>\n<div><\/div>\n<p><span style=\"color: #008000;\"><strong><span style=\"font-size: 20px;\">UN PARCOURS POUR VIVRE UN CAR\u00caME DE CONVERSION : une proposition du dioc\u00e8se <\/span><\/strong><\/span><\/p>\n<p><span style=\"color: #008000;\"><strong><span style=\"font-size: 20px;\">pour se pr\u00e9parer \u00e0 la semaine sainte et \u00e0 P\u00e2ques. <a href=\"https:\/\/evry.catholique.fr\/un-parcours-pour-vivre-un-careme-de-conversion\/\">VOIR ICI\u00a0<\/a><\/span><\/strong><\/span><\/p>\n<p>&nbsp;<\/p>\n","protected":false},"excerpt":{"rendered":"<p>Partager et marcher ensemble pendant le Temps de Car\u00eame&#8230;. Tous les horaires sont ici&#8230;\/&#8230;<\/p>\n","protected":false},"author":990003,"featured_media":6951,"comment_status":"closed","ping_status":"closed","sticky":false,"template":"","format":"standard","meta":{"give_campaign_id":0,"footnotes":""},"categories":[1],"tags":[],"class_list":["post-6946","post","type-post","status-publish","format-standard","has-post-thumbnail","hentry","category-uncategorized"],"_links":{"self":[{"href":"https:\/\/demos.uptitude.fr\/savviry1\/wp-json\/wp\/v2\/posts\/6946","targetHints":{"allow":["GET"]}}],"collection":[{"href":"https:\/\/demos.uptitude.fr\/savviry1\/wp-json\/wp\/v2\/posts"}],"about":[{"href":"https:\/\/demos.uptitude.fr\/savviry1\/wp-json\/wp\/v2\/types\/post"}],"author":[{"embeddable":true,"href":"https:\/\/demos.uptitude.fr\/savviry1\/wp-json\/wp\/v2\/users\/990003"}],"replies":[{"embeddable":true,"href":"https:\/\/demos.uptitude.fr\/savviry1\/wp-json\/wp\/v2\/comments?post=6946"}],"version-history":[{"count":0,"href":"https:\/\/demos.uptitude.fr\/savviry1\/wp-json\/wp\/v2\/posts\/6946\/revisions"}],"wp:featuredmedia":[{"embeddable":true,"href":"https:\/\/demos.uptitude.fr\/savviry1\/wp-json\/"}],"wp:attachment":[{"href":"https:\/\/demos.uptitude.fr\/savviry1\/wp-json\/wp\/v2\/media?parent=6946"}],"wp:term":[{"taxonomy":"category","embeddable":true,"href":"https:\/\/demos.uptitude.fr\/savviry1\/wp-json\/wp\/v2\/categories?post=6946"},{"taxonomy":"post_tag","embeddable":true,"href":"https:\/\/demos.uptitude.fr\/savviry1\/wp-json\/wp\/v2\/tags?post=6946"}],"curies":[{"name":"wp","href":"https:\/\/api.w.org\/{rel}","templated":true}]}}