{"id":7016,"date":"2024-02-20T18:38:55","date_gmt":"2024-02-20T18:38:55","guid":{"rendered":"https:\/\/www.savigny-viry-catholique.fr\/?p=7016"},"modified":"2024-02-20T18:38:55","modified_gmt":"2024-02-20T18:38:55","slug":"8-mars-le-ccfd-terre-solidaire-et-laco-vous-invitent","status":"publish","type":"post","link":"https:\/\/demos.uptitude.fr\/savviry1\/8-mars-le-ccfd-terre-solidaire-et-laco-vous-invitent\/","title":{"rendered":"8 MARS : Le CCFD-Terre Solidaire et l\u2019ACO vous invitent"},"content":{"rendered":"<p class=\"Standard\" style=\"text-align: left;\" align=\"center\"><b>BIEN SE NOURRIR EN VILLE, OUI, C\u2019EST POSSIBLE POUR TOUS, ICI ET LA-BAS. Soir\u00e9e du 8 mars &#8230;\/&#8230;<\/b><\/p>\n<p align=\"center\"><!--more--><\/p>\n<p style=\"text-align: left;\" align=\"center\"><img fetchpriority=\"high\" decoding=\"async\" class=\"size-medium wp-image-7011 alignleft\" src=\"https:\/\/www.savigny-viry-catholique.fr\/wp-content\/uploads\/2024\/02\/ZZZZZZ-CCFD2024-297x300.jpg\" alt=\"\" width=\"297\" height=\"300\" \/><\/p>\n<p class=\"Standard\" style=\"text-align: center;\" align=\"center\"><span style=\"color: #008000;\"><b><span style=\"font-size: 15.0pt;\">L\u2019AGRO\u00c9COLOGIE EN VILLE, C\u2019EST POSSIBLE, ICI ET LA-BAS \u00a0?<\/span><\/b><\/span><\/p>\n<p class=\"Standard\" style=\"text-align: center;\" align=\"center\"><b><span style=\"font-size: 16.0pt;\">\u00a0<\/span><\/b><\/p>\n<p class=\"Standard\" style=\"text-align: center;\" align=\"center\"><span style=\"font-size: 16px; color: #0000ff;\"><b><i>Le CCFD-Terre Solidaire et l\u2019ACO vous invitent\u00a0!<\/i><\/b><\/span><\/p>\n<p class=\"Standard\"><b>\u00a0<\/b><\/p>\n<p class=\"Standard\" style=\"text-align: justify; text-justify: inter-ideograph;\">Quand on entend le mot \u00ab\u00a0agro\u00e9cologie\u00a0\u00bb, on pense bien s\u00fbr \u00ab\u00a0campagnes\u00a0\u00bb. Et c\u2019est bien le cas.<\/p>\n<p class=\"Standard\" style=\"text-align: justify; text-justify: inter-ideograph;\">Si l\u2019on prend pour exemple l\u2019embl\u00e9matique programme TAPSA (Transition Agro\u00e9cologique Paysanne pour la Souverainet\u00e9 Alimentaire), initi\u00e9 par CCFD-Terre Solidaire et co-financ\u00e9 par l\u2019Agence Fran\u00e7aise de D\u00e9veloppement (AFD), il s\u2019agit bien d\u2019aider des partenaires, sur 3 continents diff\u00e9rents, \u00e0 passer de l\u2019agriculture conventionnelle \u00e0 l\u2019agro\u00e9cologie.<\/p>\n<p class=\"Standard\" style=\"text-align: justify; text-justify: inter-ideograph;\">L\u2019enjeu, c\u2019est de remplacer les intrants chimiques et les pesticides nocifs par des engrais naturels et par r\u00e9gulation naturelle des bioagresseurs (et bien d&rsquo;autres techniques vertueuses) et d\u2019utiliser des semences paysannes reproductibles au lieu de semences \u00ab\u00a0brevet\u00e9es\u00a0\u00bb vendues \u00e0 prix d\u2019or qu\u2019il faut racheter tous les ans.<\/p>\n<p class=\"Standard\" style=\"text-align: justify; text-justify: inter-ideograph;\">Et concr\u00e8tement, cela permet d\u2019atteindre l\u2019auto-suffisance, voire plus, en n\u2019\u00e9tant plus d\u00e9pendant de l\u2019agro-business. De plus, la recherche de la souverainet\u00e9 alimentaire o\u00f9 l&rsquo;agriculteur et le citadin redeviennent ma\u00eetres de leur avenir permet aussi \u00e0 la paysannerie familiale une promotion sociale (ils arrivent \u00e0 payer des \u00e9tudes sup\u00e9rieures \u00e0 leurs enfants).<\/p>\n<p class=\"Standard\" style=\"text-align: justify; text-justify: inter-ideograph;\">Alors, l\u2019agro\u00e9cologie en ville, c\u2019est aussi possible\u00a0? Et bien oui. Dans plusieurs pays, des partenaires du CCFD-Terre Solidaire la pratiquent.<\/p>\n<p class=\"Standard\" style=\"text-align: justify; text-justify: inter-ideograph;\">En Tunisie, l\u2019Association Tunisienne de Permaculture, rencontr\u00e9e en 2019 lors d\u2019un voyage d\u2019\u00e9tude, la d\u00e9veloppe depuis quelques ann\u00e9es. Et en Inde, People\u2019s Resource Center, dont 2 membres nous ont rendu visite fin octobre et d\u00e9but novembre 2023, est tr\u00e8s avanc\u00e9 sur le sujet.<\/p>\n<p class=\"Standard\" style=\"text-align: center;\" align=\"center\"><span style=\"font-size: 20px; color: #008000;\"><b>BIEN SE NOURRIR EN VILLE, OUI, C\u2019EST POSSIBLE POUR TOUS, ICI ET LA-BAS<\/b><\/span><\/p>\n<p class=\"Standard\" style=\"text-align: center;\" align=\"center\"><b><span style=\"font-size: 11.0pt;\">\u00a0<\/span><\/b><\/p>\n<p class=\"Standard\" style=\"text-align: justify; text-justify: inter-ideograph;\"><span style=\"font-size: 20px;\"><b>Vous voulez savoir comment\u00a0? Venez \u00e0 la soir\u00e9e organis\u00e9e par le CCFD-Terre Solidaire et l\u2019ACO qui vous dit tout sur l\u2019agro\u00e9cologie urbaine.<\/b><\/span><\/p>\n<p class=\"Standard\" style=\"margin-left: 3.0cm;\"><strong><span style=\"font-size: 20px; color: #0000ff;\">Vous \u00eates tous invit\u00e9s le vendredi 8 mars 2024\u00a0:<\/span><\/strong><\/p>\n<p class=\"Standard\" style=\"margin-left: 3.0cm;\"><strong><span style=\"font-size: 20px;\">&#8211; d\u00e8s 19h pour le repas de Car\u00eame,<\/span><\/strong><\/p>\n<p class=\"Standard\" style=\"margin-left: 3.0cm;\"><strong><span style=\"font-size: 20px; color: #008000;\">&#8211; \u00e0 20h30 pour la soir\u00e9e autour du th\u00e8me de l\u2019agro\u00e9cologie urbaine.<\/span><\/strong><\/p>\n<p class=\"Standard\" style=\"margin-left: 3.0cm;\"><strong><span style=\"font-size: 20px;\">Espace P\u00e8re Coindreau<\/span><\/strong><\/p>\n<p class=\"Standard\" style=\"margin-left: 3.0cm;\"><strong><span style=\"font-size: 20px;\">23 avenue des Ecoles<\/span><\/strong><\/p>\n<p class=\"Standard\" style=\"margin-left: 3.0cm;\"><strong><span style=\"font-size: 20px;\">91600 SAVIGNY-SUR-ORGE<\/span><\/strong><\/p>\n","protected":false},"excerpt":{"rendered":"<p>BIEN SE NOURRIR EN VILLE, OUI, C\u2019EST POSSIBLE POUR TOUS, ICI ET LA-BAS. Soir\u00e9e du 8 mars &#8230;\/&#8230;<\/p>\n","protected":false},"author":990003,"featured_media":7015,"comment_status":"open","ping_status":"open","sticky":false,"template":"","format":"standard","meta":{"give_campaign_id":0,"footnotes":""},"categories":[1],"tags":[],"class_list":["post-7016","post","type-post","status-publish","format-standard","has-post-thumbnail","hentry","category-uncategorized"],"_links":{"self":[{"href":"https:\/\/demos.uptitude.fr\/savviry1\/wp-json\/wp\/v2\/posts\/7016","targetHints":{"allow":["GET"]}}],"collection":[{"href":"https:\/\/demos.uptitude.fr\/savviry1\/wp-json\/wp\/v2\/posts"}],"about":[{"href":"https:\/\/demos.uptitude.fr\/savviry1\/wp-json\/wp\/v2\/types\/post"}],"author":[{"embeddable":true,"href":"https:\/\/demos.uptitude.fr\/savviry1\/wp-json\/wp\/v2\/users\/990003"}],"replies":[{"embeddable":true,"href":"https:\/\/demos.uptitude.fr\/savviry1\/wp-json\/wp\/v2\/comments?post=7016"}],"version-history":[{"count":0,"href":"https:\/\/demos.uptitude.fr\/savviry1\/wp-json\/wp\/v2\/posts\/7016\/revisions"}],"wp:featuredmedia":[{"embeddable":true,"href":"https:\/\/demos.uptitude.fr\/savviry1\/wp-json\/"}],"wp:attachment":[{"href":"https:\/\/demos.uptitude.fr\/savviry1\/wp-json\/wp\/v2\/media?parent=7016"}],"wp:term":[{"taxonomy":"category","embeddable":true,"href":"https:\/\/demos.uptitude.fr\/savviry1\/wp-json\/wp\/v2\/categories?post=7016"},{"taxonomy":"post_tag","embeddable":true,"href":"https:\/\/demos.uptitude.fr\/savviry1\/wp-json\/wp\/v2\/tags?post=7016"}],"curies":[{"name":"wp","href":"https:\/\/api.w.org\/{rel}","templated":true}]}}