{"id":7028,"date":"2024-02-28T09:00:51","date_gmt":"2024-02-28T09:00:51","guid":{"rendered":"https:\/\/www.savigny-viry-catholique.fr\/?p=7028"},"modified":"2024-02-28T09:00:51","modified_gmt":"2024-02-28T09:00:51","slug":"journee-annuelle-de-memoire-et-de-priere-pour-les-personnes-victimes-dagressions-sexuelles-au-sein-de-leglise","status":"publish","type":"post","link":"https:\/\/demos.uptitude.fr\/savviry1\/journee-annuelle-de-memoire-et-de-priere-pour-les-personnes-victimes-dagressions-sexuelles-au-sein-de-leglise\/","title":{"rendered":"JOURN\u00c9E ANNUELLE DE M\u00c9MOIRE ET DE PRI\u00c8RE POUR LES PERSONNES VICTIMES D\u2019AGRESSIONS SEXUELLES AU SEIN DE L\u2019\u00c9GLISE"},"content":{"rendered":"<p>Le 8 mars 2024 . La journ\u00e9e annuelle de m\u00e9moire et de pri\u00e8re prend d\u00e9sormais place dans le calendrier liturgique de fa\u00e7on p\u00e9renne &#8230;\/&#8230;<\/p>\n<p><!--more--><\/p>\n<p><span style=\"font-size: 20px;\"> <img fetchpriority=\"high\" decoding=\"async\" class=\"alignleft wp-image-7031\" src=\"https:\/\/www.savigny-viry-catholique.fr\/wp-content\/uploads\/2024\/02\/journee-priere-violence-sexuelle-V1-300x169.jpg\" alt=\"\" width=\"400\" height=\"225\" \/> <em><span style=\"color: #0000ff;\"><strong>La journ\u00e9e annuelle de m\u00e9moire et de\u00a0 pri\u00e8re<\/strong><\/span><\/em>, voulue par les \u00e9v\u00eaques de France \u00e0 l\u2019issue de l\u2019Assembl\u00e9e pl\u00e9ni\u00e8re de mars 2021, prend d\u00e9sormais place <\/span><span style=\"font-size: 20px;\">dans le calendrier liturgique de fa\u00e7on p\u00e9renne, le troisi\u00e8me vendredi de Car\u00eame. Elle r\u00e9pond \u00e0 l\u2019invitation du pape\u00a0 Fran\u00e7ois \u00e0 vivre une journ\u00e9e de pri\u00e8re pour les personnes victimes de violences sexuelles et d\u2019abus de pouvoir et de conscience au sein de l\u2019\u00c9glise.<\/span><\/p>\n<p><span style=\"font-size: 20px;\">Cette ann\u00e9e, la journ\u00e9e a lieu le<strong> vendredi 8 mars 2024<\/strong>, mais des temps forts sur le sujet peuvent \u00eatre organis\u00e9s\u00a0 entre le 3 et le 10 mars.\u00a0 <\/span><\/p>\n<p><span style=\"font-size: 20px;\">Ainsi, il est pr\u00e9vu une intervention de la Commission <span style=\"color: #0000ff;\"><em><strong>\u00ab Faire de l\u2019Eglise une Maison<\/strong> <strong>s\u00fbre<\/strong> \u00bb<\/em>,<\/span> <strong>dimanche 3 mars \u00e0 la cath\u00e9drale d\u2019Evry.<\/strong><\/span><\/p>\n<p><span style=\"font-size: 20px;\">Ce temps d\u2019\u00c9glise aide \u00e0 faire prendre conscience \u00e0 tous de la n\u00e9cessit\u00e9 de pr\u00e9venir et d\u2019agir pour \u00e9viter toutes les situations pastorales et humaines qui peuvent conduire \u00e0 toutes formes d\u2019abus sur les plus fragiles.<\/span><br \/>\n<span style=\"font-size: 20px;\">Le dioc\u00e8se d\u2019Evry-Corbeil-Essonnes s\u2019active \u00e0 d\u00e9velopper une culture de la bientraitance, \u00e0 former tout accompagnateur \u00e0 la lutte contre les abus et \u00e0 accompagner les personnes victimes d\u2018abus de pouvoir, d\u2019autorit\u00e9 ou <\/span><span style=\"font-size: 20px;\">sexuels dans l\u2019\u00c9glise. (D\u00e9crets D9 et D12 des actes du synode) Les personnes victimes d\u2019abus, quelles qu\u2019elles soient, ne doivent pas rester seules dans leur d\u00e9sarroi. Des m\u00e9diations sont toujours possibles, des conseils d\u2019accompagnement peuvent \u00eatre propos\u00e9s.<\/span><\/p>\n<p><span style=\"font-size: 20px;\"> Une premi\u00e8re d\u00e9marche est de contacter la cellule Ecoute du dioc\u00e8se : 01 60 91 17 05 ou paroledevictimes91@eveche-evry.com<\/span><\/p>\n<p>&nbsp;<\/p>\n<p><a href=\"https:\/\/eglise.catholique.fr\/wp-content\/uploads\/sites\/2\/2023\/02\/Journee-de-priere-Image-priere.pdf\"><em><span style=\"font-family: georgia, palatino, serif; font-size: 24px;\">IMAGE et <\/span><\/em><\/a><em><span style=\"font-family: georgia, palatino, serif; font-size: 24px;\">PRIERE<\/span><\/em><\/p>\n<p><img decoding=\"async\" class=\"alignnone wp-image-7035\" src=\"https:\/\/www.savigny-viry-catholique.fr\/wp-content\/uploads\/2024\/02\/pleurs.jpg\" alt=\"\" width=\"350\" height=\"485\" \/><\/p>\n<p><span style=\"font-family: georgia, palatino, serif; font-size: 20px;\"><em>Imbroglio: dans les yeux de l&rsquo;enfant,<\/em><\/span><br \/>\n<span style=\"font-family: georgia, palatino, serif; font-size: 20px;\"><em>se m\u00ealent la souffrance de la violence<\/em><\/span><br \/>\n<span style=\"font-family: georgia, palatino, serif; font-size: 20px;\"><em>subie, le d\u00e9ni de sa parole et une grande<\/em><\/span><br \/>\n<span style=\"font-family: georgia, palatino, serif; font-size: 20px;\"><em>solitude. Plus tard devenu adulte, \u00e0<\/em><\/span><br \/>\n<span style=\"font-family: georgia, palatino, serif; font-size: 20px;\"><em>l&rsquo;imbroglio de son enfance se rajoutera<\/em><\/span><br \/>\n<span style=\"font-family: georgia, palatino, serif; font-size: 20px;\"><em>une col\u00e8re d&rsquo;avoir \u00e9t\u00e9 mis en danger et<\/em><\/span><br \/>\n<span style=\"font-family: georgia, palatino, serif; font-size: 20px;\"><em>ne pas avoir \u00e9t\u00e9 secouru. Il comprendra<\/em><\/span><br \/>\n<span style=\"font-family: georgia, palatino, serif; font-size: 20px;\"><em>que c&rsquo;est toute la culture d&rsquo;un syst\u00e8me<\/em><\/span><br \/>\n<span style=\"font-family: georgia, palatino, serif; font-size: 20px;\"><em>qui a voulu se prot\u00e9ger au lieu de le<\/em><\/span><br \/>\n<span style=\"font-family: georgia, palatino, serif; font-size: 20px;\"><em>prot\u00e9ger. Et son imbroglio ne cesse de<\/em><\/span><br \/>\n<span style=\"font-family: georgia, palatino, serif; font-size: 20px;\"><em>se creuser autour de cette interrogation :<\/em><\/span><br \/>\n<span style=\"font-family: georgia, palatino, serif; font-size: 20px;\"><em>\u00ab Pourquoi ne peut-on pas lui rendre<\/em><\/span><br \/>\n<span style=\"font-family: georgia, palatino, serif; font-size: 20px;\"><em>justice ? \u00bb C&rsquo;est tellement vital pour lui<\/em><\/span><br \/>\n<span style=\"font-family: georgia, palatino, serif; font-size: 20px;\"><em>pour qu&rsquo;enfin il puisse avoir la paix et<\/em><\/span><br \/>\n<span style=\"font-family: georgia, palatino, serif; font-size: 20px;\"><em>que cesse de couler sa larme d&rsquo;enfance.<\/em><\/span><\/p>\n<p><span style=\"font-family: helvetica, arial, sans-serif; font-size: 16px;\">Une personne victime<\/span><br \/>\n<span style=\"font-family: helvetica, arial, sans-serif; font-size: 16px;\">Photo et texte d\u00e9voil\u00e9s le 6\/11\/2021 \u00e0 Lourdes,<\/span><br \/>\n<span style=\"font-family: helvetica, arial, sans-serif; font-size: 16px;\">Assembl\u00e9e pl\u00e9ni\u00e8re des \u00e9v\u00eaques de France.<\/span><\/p>\n<p>&nbsp;<\/p>\n<p>&nbsp;<\/p>\n<p>&nbsp;<\/p>\n","protected":false},"excerpt":{"rendered":"<p>Le 8 mars 2024 . La journ\u00e9e annuelle de m\u00e9moire et de pri\u00e8re prend d\u00e9sormais place dans le calendrier liturgique de fa\u00e7on p\u00e9renne &#8230;\/&#8230;<\/p>\n","protected":false},"author":990003,"featured_media":7048,"comment_status":"closed","ping_status":"closed","sticky":false,"template":"","format":"standard","meta":{"give_campaign_id":0,"footnotes":""},"categories":[1],"tags":[],"class_list":["post-7028","post","type-post","status-publish","format-standard","has-post-thumbnail","hentry","category-uncategorized"],"_links":{"self":[{"href":"https:\/\/demos.uptitude.fr\/savviry1\/wp-json\/wp\/v2\/posts\/7028","targetHints":{"allow":["GET"]}}],"collection":[{"href":"https:\/\/demos.uptitude.fr\/savviry1\/wp-json\/wp\/v2\/posts"}],"about":[{"href":"https:\/\/demos.uptitude.fr\/savviry1\/wp-json\/wp\/v2\/types\/post"}],"author":[{"embeddable":true,"href":"https:\/\/demos.uptitude.fr\/savviry1\/wp-json\/wp\/v2\/users\/990003"}],"replies":[{"embeddable":true,"href":"https:\/\/demos.uptitude.fr\/savviry1\/wp-json\/wp\/v2\/comments?post=7028"}],"version-history":[{"count":0,"href":"https:\/\/demos.uptitude.fr\/savviry1\/wp-json\/wp\/v2\/posts\/7028\/revisions"}],"wp:featuredmedia":[{"embeddable":true,"href":"https:\/\/demos.uptitude.fr\/savviry1\/wp-json\/wp\/v2\/pages\/7048"}],"wp:attachment":[{"href":"https:\/\/demos.uptitude.fr\/savviry1\/wp-json\/wp\/v2\/media?parent=7028"}],"wp:term":[{"taxonomy":"category","embeddable":true,"href":"https:\/\/demos.uptitude.fr\/savviry1\/wp-json\/wp\/v2\/categories?post=7028"},{"taxonomy":"post_tag","embeddable":true,"href":"https:\/\/demos.uptitude.fr\/savviry1\/wp-json\/wp\/v2\/tags?post=7028"}],"curies":[{"name":"wp","href":"https:\/\/api.w.org\/{rel}","templated":true}]}}