{"id":703,"date":"2017-05-16T11:18:28","date_gmt":"2017-05-16T11:18:28","guid":{"rendered":"http:\/\/www.savigny-viry-catholique.fr\/?p=703"},"modified":"2017-05-16T11:18:28","modified_gmt":"2017-05-16T11:18:28","slug":"ascension-et-pentecote","status":"publish","type":"post","link":"https:\/\/demos.uptitude.fr\/savviry1\/ascension-et-pentecote\/","title":{"rendered":"Ascension et Pentec\u00f4te"},"content":{"rendered":"<p>Ascension et Pentec\u00f4te : Vous trouverez tous les horaires concernant le jeudi de l&rsquo;Ascension et le Week-End de la Pentec\u00f4te en cliquant sur <em>\u00ab\u00a0Pour en savoir plus\u00a0\u00bb\u00a0<\/em><\/p>\n<p>Confirmation des adultes du dioc\u00e8se \u00e0 la Cath\u00e9drale d&rsquo;Evry<\/p>\n<p><img fetchpriority=\"high\" decoding=\"async\" class=\"size-medium wp-image-709 alignleft\" src=\"http:\/\/www.savigny-viry-catholique.fr\/wp-content\/uploads\/2017\/05\/Ascension17-300x266.png\" alt=\"Ascension\" width=\"300\" height=\"266\" \/> <img decoding=\"async\" class=\"size-medium wp-image-710 alignnone\" src=\"http:\/\/www.savigny-viry-catholique.fr\/wp-content\/uploads\/2017\/05\/Pentec\u00f4te17-300x266.png\" alt=\"Pentec\u00f4te\" width=\"300\" height=\"266\" \/><\/p>\n<p>&nbsp;<\/p>\n<p>&nbsp;<\/p>\n<p>Le samedi 3 juin au soir, lors de la vigile de Pentec\u00f4te,<em><strong> 15 adultes du secteur de Savigny-Viry\u00a0recevront le sacrement de Confirmation<\/strong><\/em> dans la Cath\u00e9drale de la R\u00e9surrection \u00e0 Evry. C\u00e9r\u00e9monie pr\u00e9sid\u00e9e par Mgr Dubost \u00e9v\u00eaque du Dioc\u00e8se. Parmi ces 15 personnes, 5 ont \u00e9t\u00e9 baptis\u00e9es \u00e0 P\u00e2ques.<\/p>\n<p>Au total ce seront 300 personnes qui recevront le sacrement de Confirmation lors de cette veill\u00e9e.<\/p>\n","protected":false},"excerpt":{"rendered":"<p>Ascension et Pentec\u00f4te : Vous trouverez tous les horaires concernant le jeudi de l&rsquo;Ascension et le Week-End de la Pentec\u00f4te en cliquant sur \u00ab\u00a0Pour en savoir plus\u00a0\u00bb\u00a0 Confirmation des adultes du dioc\u00e8se \u00e0 la Cath\u00e9drale d&rsquo;Evry &nbsp; &nbsp; Le&hellip;<\/p>\n","protected":false},"author":990003,"featured_media":716,"comment_status":"closed","ping_status":"closed","sticky":false,"template":"","format":"standard","meta":{"give_campaign_id":0,"footnotes":""},"categories":[1],"tags":[],"class_list":["post-703","post","type-post","status-publish","format-standard","has-post-thumbnail","hentry","category-uncategorized"],"_links":{"self":[{"href":"https:\/\/demos.uptitude.fr\/savviry1\/wp-json\/wp\/v2\/posts\/703","targetHints":{"allow":["GET"]}}],"collection":[{"href":"https:\/\/demos.uptitude.fr\/savviry1\/wp-json\/wp\/v2\/posts"}],"about":[{"href":"https:\/\/demos.uptitude.fr\/savviry1\/wp-json\/wp\/v2\/types\/post"}],"author":[{"embeddable":true,"href":"https:\/\/demos.uptitude.fr\/savviry1\/wp-json\/wp\/v2\/users\/990003"}],"replies":[{"embeddable":true,"href":"https:\/\/demos.uptitude.fr\/savviry1\/wp-json\/wp\/v2\/comments?post=703"}],"version-history":[{"count":0,"href":"https:\/\/demos.uptitude.fr\/savviry1\/wp-json\/wp\/v2\/posts\/703\/revisions"}],"wp:featuredmedia":[{"embeddable":true,"href":"https:\/\/demos.uptitude.fr\/savviry1\/wp-json\/"}],"wp:attachment":[{"href":"https:\/\/demos.uptitude.fr\/savviry1\/wp-json\/wp\/v2\/media?parent=703"}],"wp:term":[{"taxonomy":"category","embeddable":true,"href":"https:\/\/demos.uptitude.fr\/savviry1\/wp-json\/wp\/v2\/categories?post=703"},{"taxonomy":"post_tag","embeddable":true,"href":"https:\/\/demos.uptitude.fr\/savviry1\/wp-json\/wp\/v2\/tags?post=703"}],"curies":[{"name":"wp","href":"https:\/\/api.w.org\/{rel}","templated":true}]}}