{"id":7051,"date":"2017-03-14T21:59:14","date_gmt":"2017-03-14T21:59:14","guid":{"rendered":"http:\/\/www.savigny-viry-catholique.fr\/?p=198"},"modified":"2017-03-14T21:59:14","modified_gmt":"2017-03-14T21:59:14","slug":"rameaux-aux-cendres","status":"publish","type":"post","link":"https:\/\/demos.uptitude.fr\/savviry1\/rameaux-aux-cendres\/","title":{"rendered":"Des rameaux aux cendres"},"content":{"rendered":"<figure id=\"attachment_199\" aria-describedby=\"caption-attachment-199\" style=\"width: 344px\" class=\"wp-caption aligncenter\"><img fetchpriority=\"high\" decoding=\"async\" class=\" wp-image-199\" src=\"http:\/\/www.savigny-viry-catholique.fr\/wp-content\/uploads\/2017\/03\/careme27.gif\" alt=\"Des Rameaux aux cendres\" width=\"344\" height=\"402\" \/><figcaption id=\"caption-attachment-199\" class=\"wp-caption-text\">Des Rameaux aux cendres<\/figcaption><\/figure>\n<p><strong><br \/>\n<span style=\"font-size: 20px;\">Des rameaux aux cendres <\/span><\/strong><br \/>\n<strong><span style=\"font-size: 16px;\">La gloire qui passe<\/span><\/strong><\/p>\n<blockquote><p><span style=\"color: #0000ff;\">Dans quelques jours nous f\u00eaterons le \u00ab Dimanche des Rameaux et de la Passion \u00bb. J\u00e9sus entre \u00e0 J\u00e9rusalem.<\/span><br \/>\n<span style=\"color: #0000ff;\"> Les \u00c9vangiles lus en cette f\u00eate sont tr\u00e8s longs&#8230;<\/span><br \/>\n<span style=\"color: #0000ff;\"> Ils reprennent tous les \u00e9v\u00e8nements clefs de la r\u00e9alisation de l\u2019esp\u00e9rance. Nous acclamons le Christ avec nos rameaux,<\/span><br \/>\n<span style=\"color: #0000ff;\"> Mais nous d\u00e9couvrons la trahison et la mort du Sauveur.<\/span><br \/>\n<span style=\"color: #0000ff;\"> \u00c0 cette occasion, nous entrons dans la Semaine sainte.<\/span><br \/>\n<span style=\"color: #0000ff;\"> Chaque \u00e9v\u00e8nement de cette semaine nous conduit vers P\u00e2ques.<\/span><br \/>\n<span style=\"color: #0000ff;\"> En effet, le \u00ab Salut \u00bb n\u2019a de sens que si nous allons jusqu&rsquo;\u00e0 P\u00e2ques.<\/span><br \/>\n<span style=\"color: #0000ff;\"> D\u00e9j\u00e0 un petit signe nous est donn\u00e9 :<\/span><br \/>\n<span style=\"color: #0000ff;\"> Les rameaux de ce dimanche seront les cendres de l\u2019an prochain <\/span><span style=\"color: #0000ff;\">!<\/span><br \/>\n<span style=\"color: #0000ff;\"> La gloire terrestre sera d\u00e9truite pour nous aider \u00e0 nous convertir.<\/span><br \/>\n<span style=\"color: #0000ff;\"> Finalement n\u2019est ce pas la le\u00e7on de nos vies qui se joue l\u00e0?<\/span><br \/>\n<span style=\"color: #0000ff;\"> Toutes nos gloires terrestres, toutes nos r\u00e9ussites passent.<\/span><br \/>\n<span style=\"color: #0000ff;\"> C\u2019est la premi\u00e8re des grandes le\u00e7ons de vie de cette Semaine sainte qui va nous aider \u00e0 d\u00e9couvrir le myst\u00e8re de la vie pour les chr\u00e9tiens.<\/span><br \/>\n<span style=\"color: #0000ff;\"> \u00c0 la suite du Christ des hommes et des femmes le vivent jusqu&rsquo;\u00e0 l\u2019extr\u00eame&#8230;<\/span><br \/>\n<span style=\"color: #0000ff;\"> Le saint patron de notre secteur, le bienheureux Marcel Callo, nous montre cette voie : donner sa vie pour ses fr\u00e8res pour trouver la vie en Dieu.<\/span><br \/>\n<span style=\"color: #0000ff;\"> En ces temps o\u00f9 nous sommes l\u00e9gitimement inquiets,<\/span><br \/>\n<span style=\"color: #0000ff;\"> n\u2019est-ce pas l\u2019occasion de retrouver le sens de la vie ?<\/span><br \/>\n<span style=\"color: #0000ff;\"> En cette Ann\u00e9e de la mis\u00e9ricorde (vous en verrez le signal dans nos \u00e9glises), entrons dans cette semaine avec la certitude que Dieu, dans sa mis\u00e9ricorde, nous attend<\/span><br \/>\n<span style=\"color: #0000ff;\"> dans sa gloire au-del\u00e0 de nos glorioles humaines qui passent.<\/span><\/p><\/blockquote>\n<p><strong>P\u00e8re Thierry David<br \/>\nResponsable du Secteur pastoral Savigny-Viry<br \/>\nBienheureux-Marcel-Callo<\/strong><\/p>\n","protected":false},"excerpt":{"rendered":"<p>Des rameaux aux cendres La gloire qui passe Dans quelques jours nous f\u00eaterons le \u00ab Dimanche des Rameaux et de la Passion \u00bb. J\u00e9sus entre \u00e0 J\u00e9rusalem. Les \u00c9vangiles lus en cette f\u00eate sont tr\u00e8s longs&#8230; Ils reprennent tous&hellip;<\/p>\n","protected":false},"author":990002,"featured_media":201,"comment_status":"closed","ping_status":"closed","sticky":false,"template":"","format":"standard","meta":{"give_campaign_id":0,"footnotes":""},"categories":[1],"tags":[],"class_list":["post-7051","post","type-post","status-publish","format-standard","has-post-thumbnail","hentry","category-uncategorized"],"_links":{"self":[{"href":"https:\/\/demos.uptitude.fr\/savviry1\/wp-json\/wp\/v2\/posts\/7051","targetHints":{"allow":["GET"]}}],"collection":[{"href":"https:\/\/demos.uptitude.fr\/savviry1\/wp-json\/wp\/v2\/posts"}],"about":[{"href":"https:\/\/demos.uptitude.fr\/savviry1\/wp-json\/wp\/v2\/types\/post"}],"author":[{"embeddable":true,"href":"https:\/\/demos.uptitude.fr\/savviry1\/wp-json\/wp\/v2\/users\/990002"}],"replies":[{"embeddable":true,"href":"https:\/\/demos.uptitude.fr\/savviry1\/wp-json\/wp\/v2\/comments?post=7051"}],"version-history":[{"count":0,"href":"https:\/\/demos.uptitude.fr\/savviry1\/wp-json\/wp\/v2\/posts\/7051\/revisions"}],"wp:featuredmedia":[{"embeddable":true,"href":"https:\/\/demos.uptitude.fr\/savviry1\/wp-json\/"}],"wp:attachment":[{"href":"https:\/\/demos.uptitude.fr\/savviry1\/wp-json\/wp\/v2\/media?parent=7051"}],"wp:term":[{"taxonomy":"category","embeddable":true,"href":"https:\/\/demos.uptitude.fr\/savviry1\/wp-json\/wp\/v2\/categories?post=7051"},{"taxonomy":"post_tag","embeddable":true,"href":"https:\/\/demos.uptitude.fr\/savviry1\/wp-json\/wp\/v2\/tags?post=7051"}],"curies":[{"name":"wp","href":"https:\/\/api.w.org\/{rel}","templated":true}]}}